{"id":525111,"date":"2022-10-19T08:33:52","date_gmt":"2022-10-19T05:33:52","guid":{"rendered":"https:\/\/arantv.az\/?p=525111"},"modified":"2022-10-19T08:33:52","modified_gmt":"2022-10-19T05:33:52","slug":"sabah-dunya-az%c9%99rbaycan-turkiy%c9%99-qardasliginin-daha-bir-mesajini-alacaq","status":"publish","type":"post","link":"https:\/\/arantv.az\/?p=525111","title":{"rendered":"Sabah d\u00fcnya Az\u0259rbaycan -T\u00fcrkiy\u0259 qarda\u015fl\u0131\u011f\u0131n\u0131n daha bir mesaj\u0131n\u0131 alacaq"},"content":{"rendered":"<h3><strong>Prezident R\u0259c\u0259b Tayyib \u018frdo\u011fan\u0131n t\u0259yyar\u0259si \u00a0ikinci d\u0259f\u0259 azad Qaraba\u011fa en\u0259c\u0259k<\/strong><\/h3>\n<p><strong>Sabah-20 oktyabrda T\u00fcrkiy\u0259 Prezidenti R\u0259c\u0259b Tayyib \u018frdo\u011fan Az\u0259rbaycana s\u0259f\u0259r\u0259 g\u0259l\u0259c\u0259k. T\u00fcrkiy\u0259nin Az\u0259rbaycandak\u0131 s\u0259firi Cahit Ba\u011f\u00e7\u0131 jurnalistl\u0259r\u0259 a\u00e7\u0131qlamas\u0131nda bildirib ki, Prezident R\u0259c\u0259b Tayyib \u018frdo\u011fan\u0131n t\u0259yyar\u0259si \u00a0ikinci d\u0259f\u0259 azad Qaraba\u011fa en\u0259c\u0259k.<\/strong><\/p>\n<p>M\u0259lumata g\u00f6r\u0259, T\u00fcrkiy\u0259 Prezidenti Z\u0259ngilan Beyn\u0259lxalq Hava Liman\u0131n\u0131n a\u00e7\u0131l\u0131\u015f m\u0259rasimind\u0259 i\u015ftirak ed\u0259c\u0259k. Xat\u0131rladaq ki, Prezident \u018frdo\u011fan\u0131n Z\u0259ngilana s\u0259f\u0259rinin oktyabr\u0131n ikinci on g\u00fcnl\u00fcy\u00fcnd\u0259 g\u00f6zl\u0259nildiyi haqda \u201cYeni M\u00fcsavat\u201d t\u0259xmin\u0259n bir ay \u0259vv\u0259l m\u0259lumat vermi\u015fdi. T\u00fcrkiy\u0259 s\u0259firinin sra\u011fag\u00fcn verdiyi a\u00e7\u0131qlama bir ay \u00f6nc\u0259 yayd\u0131\u011f\u0131m\u0131z x\u0259b\u0259ri bir daha t\u0259sdiql\u0259mi\u015f oldu.<\/p>\n<p>Z\u0259ngilan Beyn\u0259lxalq Hava Liman\u0131n\u0131n tikintisi art\u0131q bir ne\u00e7\u0259 h\u0259ft\u0259dir yekunla\u015f\u0131b. U\u00e7u\u015f-enm\u0259 zola\u011f\u0131n\u0131n uzunlu\u011fu 3 min metr olan hava liman\u0131nda tikinti i\u015fl\u0259rin\u0259 2021-ci ilin may ay\u0131nda ba\u015flan\u0131l\u0131b. Z\u0259ngilan Hava Liman\u0131 b\u00fct\u00fcn n\u00f6v t\u0259yyar\u0259l\u0259ri, o c\u00fcml\u0259d\u0259n a\u011f\u0131r y\u00fck t\u0259yyar\u0259l\u0259rini q\u0259bul etm\u0259k imkan\u0131na malik olacaq. Rayonun co\u011frafi yerl\u0259\u015fm\u0259si v\u0259 burada olan imkanlar Z\u0259ngilan\u0131 beyn\u0259lxalq n\u0259qliyyat-logistika m\u0259rk\u0259zin\u0259 \u00e7evirm\u0259k \u00fc\u00e7\u00fcn \u0259lveri\u015fli \u015f\u0259rait yarad\u0131r. Bundan \u0259lav\u0259, bu hava liman\u0131 Z\u0259ngilan\u0131n g\u0259l\u0259c\u0259k u\u011furlu sosial-iqtisadi inki\u015faf\u0131nda b\u00f6y\u00fck rol oynayacaq.<\/p>\n<p><img loading=\"lazy\" src=\"https:\/\/www.baki-xeber.com\/media\/2022\/09\/09\/azal_090922_2.jpg\" alt=\"Bak\u0131 X\u0259b\u0259r - \u0130ctimai Siyasi Q\u0259zet\" width=\"819\" height=\"614\" \/><\/p>\n<p>T\u00fcrkiy\u0259 v\u0259 Az\u0259rbaycan Prezidentl\u0259ri \u00f6t\u0259n ilin oktyabr ay\u0131n\u0131n 21-d\u0259 Z\u0259ngilanda olmu\u015fdular. Prezidentl\u0259r Horadiz-C\u0259bray\u0131l-Z\u0259ngilan-A\u011fb\u0259nd avtomobil yolunun t\u0259m\u0259lini qoyublar. \u201cBu co\u011frafiyadan ke\u00e7\u0259c\u0259k quru v\u0259 d\u0259mir yolu x\u0259tl\u0259ri t\u0259kc\u0259 Az\u0259rbaycan v\u0259 T\u00fcrkiy\u0259 \u00fc\u00e7\u00fcn deyil, b\u00fct\u00fcn b\u00f6lg\u0259 \u00f6lk\u0259l\u0259ri \u00fc\u00e7\u00fcn iqtisadi v\u0259 ticari f\u00fcrs\u0259tl\u0259r yaradacaq. G\u00fcn g\u0259l\u0259c\u0259k, Z\u0259ng\u0259zurdan \u00e7\u0131x\u0131b \u0130stanbula q\u0259d\u0259r ged\u0259 bil\u0259c\u0259yik. \u0130\u011fd\u0131ra, Qarsa ged\u0259 bil\u0259c\u0259yik. B\u00f6lg\u0259nin tranzit, logistik m\u0259rk\u0259z kimi m\u00f6vqeyi m\u00f6hk\u0259ml\u0259n\u0259c\u0259k&#8221;, &#8211; T\u00fcrkiy\u0259 Prezidenti o zamank\u0131 \u00e7\u0131x\u0131\u015f\u0131nda deyib. T\u00fcrkiy\u0259 Prezidentinin g\u00f6zl\u0259nil\u0259n s\u0259f\u0259ri d\u0259 iki \u00f6lk\u0259nin qarda\u015fl\u0131\u011f\u0131ndan ba\u015fqa, b\u00f6lg\u0259 \u00f6lk\u0259l\u0259rin\u0259 d\u0259 mesaj olacaq.<\/p>\n<p><strong>Siyasi analitikl\u0259r hesab edir ki, b\u00f6lg\u0259d\u0259 \u0259sas s\u00f6z sahibi art\u0131q T\u00fcrkiy\u0259 v\u0259 Az\u0259rbaycand\u0131r, ikinci Qaraba\u011f m\u00fcharib\u0259sind\u0259 qalibiyy\u0259t regionda T\u00fcrkiy\u0259 Az\u0259rbaycan m\u00fctt\u0259fiqliyinin \u0259n y\u00fcks\u0259k zirv\u0259sidir. Bu m\u00fctt\u0259fiqlik m\u0259hz \u015eu\u015fa B\u0259yannam\u0259si il\u0259 r\u0259smil\u0259\u015fdi. Prezident \u0130lham \u018fliyev v\u0259 R\u0259c\u0259b Tayyib \u018frdo\u011fan t\u0259kc\u0259 iki t\u00fcrk d\u00f6vl\u0259tinin qarda\u015fl\u0131\u011f\u0131n\u0131 inki\u015faf etdirmir, h\u0259m d\u0259 t\u00fcrk d\u00fcnyas\u0131n\u0131n birl\u0259\u015fm\u0259sin\u0259 apar\u0131r.<\/strong><\/p>\n<p>T\u00fcrkiy\u0259 Prezidentinin t\u0259yyar\u0259sinin bu d\u0259f\u0259 Z\u0259ngilan\u00a0 Beyn\u0259lxalq Hava Liman\u0131na birba\u015fa enm\u0259si t\u0259bii ki, h\u0259m d\u0259 region \u00f6lk\u0259l\u0259rin\u0259 ciddi mesaj olmaqla yana\u015f\u0131, d\u00fcnyaya mesaj olacaq. Bu add\u0131mlarla, h\u0259r \u015feyd\u0259n \u0259vv\u0259l, b\u00fct\u00fcn d\u00fcnyaya o mesaj verilir ki, T\u00fcrkiy\u0259 v\u0259 Az\u0259rbaycan\u0131 t\u0259kc\u0259 din, dil, k\u00f6k eyniliyi birl\u0259\u015fdirmir, h\u0259m d\u0259 h\u0259r iki d\u00f6vl\u0259tin regionumuzun g\u0259l\u0259c\u0259yi il\u0259 ba\u011fl\u0131 bax\u0131\u015flar\u0131, strategiyalar\u0131 da eynidir, ortaqd\u0131r. Regionda yeni bir geosiyasi-geoiqtisadi v\u0259 geostrateji nizam formala\u015f\u0131r v\u0259 bunu Ankara-Bak\u0131 h\u0259yata ke\u00e7irir. Biz regionda yeni bir platforman\u0131n yarad\u0131lmas\u0131n\u0131n da \u015fahidi olaca\u011f\u0131q. Yeni regional bir avtomobil yolunun t\u0259m\u0259linin at\u0131lmas\u0131 \u0130stanbulla M\u0259rk\u0259zi Asiyan\u0131 birl\u0259\u015fdirir v\u0259 bu, T\u00fcrkiy\u0259nin art\u0131q beyn\u0259lxalq g\u00fcc\u0259 \u00e7evrilm\u0259sini \u015f\u0259rtl\u0259ndirir.<\/p>\n<p><img src=\"http:\/\/cdn.musavat.com\/news\/thumbnails\/c2204feb59e7b490d8c3191d09ad5296.png\" alt=\"Rusiya \u0259n q\u0259ddar general\u0131n\u0131 Kiyev\u0259 g\u00f6nd\u0259rdi, FTX k\u00f6rp\u00fcn\u00fc partladan erm\u0259nini  tutdu \u2013 Qabil H\u00fcseynli il\u0259 \u201cCanl\u0131 debat\u201d\" \/><\/p>\n<p><strong>\u00a0Qabil H\u00fcseynli<\/strong><\/p>\n<p><strong>Politoloq Qabil H\u00fcseynli \u201cYeni M\u00fcsavat\u201da \u015f\u0259rhind\u0259 bildirdi ki, T\u00fcrkiy\u0259 Prezidenti h\u0259r d\u0259f\u0259 i\u015f\u011faldan azad edilmi\u015f rayonlar\u0131m\u0131za s\u0259f\u0259r ed\u0259nd\u0259 Az\u0259rbaycan\u0131 meydanda t\u0259k qoymayaca\u011f\u0131n\u0131 birm\u0259nal\u0131 n\u00fcmayi\u015f etdirir:<\/strong>\u00a0\u201cC\u0259nab \u018frdo\u011fan 44 g\u00fcnl\u00fck Qaraba\u011f sava\u015f\u0131n\u0131n gedi\u015find\u0259 Az\u0259rbaycan\u0131 h\u0259d\u0259f se\u00e7\u0259n g\u00fccl\u0259rin \u00f6n\u00fcn\u0259 sip\u0259r olub onlar\u0131 neytralla\u015fd\u0131rd\u0131\u011f\u0131 kimi, ondan sonrak\u0131 m\u00fcdd\u0259td\u0259 d\u0259 b\u00f6lg\u0259d\u0259 qal\u0131c\u0131 s\u00fclh\u00fcn \u0259ld\u0259 edilm\u0259sind\u0259 k\u00f6m\u0259yini \u0259sirg\u0259mir. 2020-ci ilin dekabr\u0131nda Bak\u0131dak\u0131 Z\u0259f\u0259r Parad\u0131na qat\u0131lmas\u0131 v\u0259 o paradda da qarda\u015f \u00f6lk\u0259 h\u0259rb\u00e7il\u0259rinin i\u015ftirak\u0131, b\u00fct\u00fcn d\u00fcnyaya o mesaj\u0131 vermi\u015fdi ki, T\u00fcrkiy\u0259 h\u0259r add\u0131mda Az\u0259rbaycanla birlikd\u0259dir, kims\u0259 revan\u015f h\u0259v\u0259sin\u0259 d\u00fc\u015fm\u0259sin. Ard\u0131nca da 15 iyunda \u015eu\u015faya g\u0259lm\u0259kl\u0259 v\u0259 Az\u0259rbaycanla b\u00fct\u00fcn sah\u0259l\u0259r \u00fczr\u0259 m\u00fctt\u0259fiqliyin b\u0259yan\u0131 olan \u015eu\u015fa B\u0259yannam\u0259sini imzalamaqla revan\u015fistl\u0259rin m\u00f6vqeyin\u0259 n\u00f6vb\u0259ti a\u011f\u0131r z\u0259rb\u0259ni vurmu\u015f oldu.<\/p>\n<p>N\u00f6vb\u0259ti s\u0259f\u0259rin Z\u0259ngilan Beyn\u0259lxalq Hava Liman\u0131n\u0131n a\u00e7\u0131l\u0131\u015f\u0131nda ger\u00e7\u0259kl\u0259\u015fdirilm\u0259si bu, m\u00f6ht\u0259\u015f\u0259m \u0259n\u0259n\u0259nin davam\u0131 olacaq. \u0130ki qarda\u015f d\u00f6vl\u0259tin n\u00fcmayi\u015f etdirdiyi birlik, h\u0259mr\u0259ylik v\u0259 prinsipiall\u0131q milli irad\u0259mizin t\u0259zah\u00fcr\u00fc olan ittifaq\u0131m\u0131z \u00fc\u00e7\u00fcn geni\u015f perspektivl\u0259r a\u00e7\u0131r. Bu s\u0259f\u0259rin \u0130ran\u0131n Az\u0259rbaycanla s\u0259rh\u0259dd\u0259 b\u00f6y\u00fck miqyasl\u0131 h\u0259rbi t\u0259liml\u0259r ke\u00e7irdiyi bir vaxtda realla\u015fd\u0131r\u0131lmas\u0131n\u0131n da x\u00fcsusi m\u0259nas\u0131n\u0131n oldu\u011funu qeyd etm\u0259k laz\u0131md\u0131r. Az\u0259rbaycan-T\u00fcrkiy\u0259 \u0259m\u0259kda\u015fl\u0131\u011f\u0131, qarda\u015fl\u0131\u011f\u0131 art\u0131q regional, v\u0259 qlobal faktora \u00e7evrilib v\u0259 h\u0259r iki \u00f6lk\u0259nin beyn\u0259lxalq miqyasda m\u00f6vqel\u0259rinin daha da m\u00f6hk\u0259ml\u0259ndirilm\u0259si \u00fc\u00e7\u00fcn yeni imkanlar yarad\u0131b\u201d.<\/p>\n","protected":false},"excerpt":{"rendered":"<p>Prezident R\u0259c\u0259b Tayyib \u018frdo\u011fan\u0131n t\u0259yyar\u0259si \u00a0ikinci d\u0259f\u0259 azad Qaraba\u011fa en\u0259c\u0259k Sabah-20 oktyabrda T\u00fcrkiy\u0259 Prezidenti R\u0259c\u0259b Tayyib \u018frdo\u011fan Az\u0259rbaycana s\u0259f\u0259r\u0259 g\u0259l\u0259c\u0259k. T\u00fcrkiy\u0259nin Az\u0259rbaycandak\u0131 s\u0259firi Cahit Ba\u011f\u00e7\u0131 jurnalistl\u0259r\u0259 a\u00e7\u0131qlamas\u0131nda bildirib ki, Prezident R\u0259c\u0259b Tayyib \u018frdo\u011fan\u0131n t\u0259yyar\u0259si \u00a0ikinci d\u0259f\u0259 azad Qaraba\u011fa en\u0259c\u0259k. M\u0259lumata g\u00f6r\u0259, T\u00fcrkiy\u0259 Prezidenti Z\u0259ngilan Beyn\u0259lxalq Hava Liman\u0131n\u0131n a\u00e7\u0131l\u0131\u015f m\u0259rasimind\u0259 i\u015ftirak ed\u0259c\u0259k. Xat\u0131rladaq ki, Prezident \u018frdo\u011fan\u0131n Z\u0259ngilana s\u0259f\u0259rinin oktyabr\u0131n ikinci on g\u00fcnl\u00fcy\u00fcnd\u0259 g\u00f6zl\u0259nildiyi haqda \u201cYeni M\u00fcsavat\u201d t\u0259xmin\u0259n bir ay \u0259vv\u0259l m\u0259lumat vermi\u015fdi. T\u00fcrkiy\u0259 s\u0259firinin sra\u011fag\u00fcn verdiyi a\u00e7\u0131qlama bir ay \u00f6nc\u0259 yayd\u0131\u011f\u0131m\u0131z x\u0259b\u0259ri bir daha t\u0259sdiql\u0259mi\u015f oldu. Z\u0259ngilan Beyn\u0259lxalq Hava Liman\u0131n\u0131n tikintisi&hellip;<\/p>\n","protected":false},"author":2,"featured_media":525112,"comment_status":"closed","ping_status":"closed","sticky":false,"template":"","format":"standard","meta":{"om_disable_all_campaigns":false,"_monsterinsights_skip_tracking":false,"_monsterinsights_sitenote_active":false,"_monsterinsights_sitenote_note":"","_monsterinsights_sitenote_category":0},"categories":[4],"tags":[],"aioseo_notices":[],"gutentor_comment":0,"rttpg_featured_image_url":{"full":["https:\/\/arantv.az\/wp-content\/uploads\/2022\/10\/4d795a1c34729fc84baed5add0e8561a.jpg",870,500,false],"landscape":["https:\/\/arantv.az\/wp-content\/uploads\/2022\/10\/4d795a1c34729fc84baed5add0e8561a.jpg",870,500,false],"portraits":["https:\/\/arantv.az\/wp-content\/uploads\/2022\/10\/4d795a1c34729fc84baed5add0e8561a.jpg",870,500,false],"thumbnail":["https:\/\/arantv.az\/wp-content\/uploads\/2022\/10\/4d795a1c34729fc84baed5add0e8561a-500x280.jpg",500,280,true],"medium":["https:\/\/arantv.az\/wp-content\/uploads\/2022\/10\/4d795a1c34729fc84baed5add0e8561a-635x365.jpg",635,365,true],"large":["https:\/\/arantv.az\/wp-content\/uploads\/2022\/10\/4d795a1c34729fc84baed5add0e8561a-840x483.jpg",640,368,true],"1536x1536":["https:\/\/arantv.az\/wp-content\/uploads\/2022\/10\/4d795a1c34729fc84baed5add0e8561a.jpg",870,500,false],"2048x2048":["https:\/\/arantv.az\/wp-content\/uploads\/2022\/10\/4d795a1c34729fc84baed5add0e8561a.jpg",870,500,false],"post-thumbnail":["https:\/\/arantv.az\/wp-content\/uploads\/2022\/10\/4d795a1c34729fc84baed5add0e8561a-240x172.jpg",240,172,true],"advps-thumb-one":["https:\/\/arantv.az\/wp-content\/uploads\/2022\/10\/4d795a1c34729fc84baed5add0e8561a.jpg",870,500,false]},"rttpg_author":{"display_name":"V\u00fcsal Rafiqo\u011flu","author_link":"https:\/\/arantv.az\/?author=2"},"rttpg_comment":0,"rttpg_category":"<a href=\"https:\/\/arantv.az\/?cat=4\" rel=\"category\">Siyas\u0259t<\/a>","rttpg_excerpt":"Prezident R\u0259c\u0259b Tayyib \u018frdo\u011fan\u0131n t\u0259yyar\u0259si \u00a0ikinci d\u0259f\u0259 azad Qaraba\u011fa en\u0259c\u0259k Sabah-20 oktyabrda T\u00fcrkiy\u0259 Prezidenti R\u0259c\u0259b Tayyib \u018frdo\u011fan Az\u0259rbaycana s\u0259f\u0259r\u0259 g\u0259l\u0259c\u0259k. T\u00fcrkiy\u0259nin Az\u0259rbaycandak\u0131 s\u0259firi Cahit Ba\u011f\u00e7\u0131 jurnalistl\u0259r\u0259 a\u00e7\u0131qlamas\u0131nda bildirib ki, Prezident R\u0259c\u0259b Tayyib \u018frdo\u011fan\u0131n t\u0259yyar\u0259si \u00a0ikinci d\u0259f\u0259 azad Qaraba\u011fa en\u0259c\u0259k. M\u0259lumata g\u00f6r\u0259, T\u00fcrkiy\u0259 Prezidenti Z\u0259ngilan Beyn\u0259lxalq Hava Liman\u0131n\u0131n a\u00e7\u0131l\u0131\u015f m\u0259rasimind\u0259 i\u015ftirak ed\u0259c\u0259k. Xat\u0131rladaq ki, Prezident \u018frdo\u011fan\u0131n&hellip;","_links":{"self":[{"href":"https:\/\/arantv.az\/index.php?rest_route=\/wp\/v2\/posts\/525111"}],"collection":[{"href":"https:\/\/arantv.az\/index.php?rest_route=\/wp\/v2\/posts"}],"about":[{"href":"https:\/\/arantv.az\/index.php?rest_route=\/wp\/v2\/types\/post"}],"author":[{"embeddable":true,"href":"https:\/\/arantv.az\/index.php?rest_route=\/wp\/v2\/users\/2"}],"replies":[{"embeddable":true,"href":"https:\/\/arantv.az\/index.php?rest_route=%2Fwp%2Fv2%2Fcomments&post=525111"}],"version-history":[{"count":0,"href":"https:\/\/arantv.az\/index.php?rest_route=\/wp\/v2\/posts\/525111\/revisions"}],"wp:featuredmedia":[{"embeddable":true,"href":"https:\/\/arantv.az\/index.php?rest_route=\/wp\/v2\/media\/525112"}],"wp:attachment":[{"href":"https:\/\/arantv.az\/index.php?rest_route=%2Fwp%2Fv2%2Fmedia&parent=525111"}],"wp:term":[{"taxonomy":"category","embeddable":true,"href":"https:\/\/arantv.az\/index.php?rest_route=%2Fwp%2Fv2%2Fcategories&post=525111"},{"taxonomy":"post_tag","embeddable":true,"href":"https:\/\/arantv.az\/index.php?rest_route=%2Fwp%2Fv2%2Ftags&post=525111"}],"curies":[{"name":"wp","href":"https:\/\/api.w.org\/{rel}","templated":true}]}}