{"id":525124,"date":"2022-10-19T09:02:38","date_gmt":"2022-10-19T06:02:38","guid":{"rendered":"https:\/\/arantv.az\/?p=525124"},"modified":"2022-10-19T09:02:38","modified_gmt":"2022-10-19T06:02:38","slug":"milli-m%c9%99clisd%c9%99-makrona-yeni-ad-qoyuldu-t%c9%99lx%c9%99k","status":"publish","type":"post","link":"https:\/\/arantv.az\/?p=525124","title":{"rendered":"Milli M\u0259clisd\u0259 Makrona yeni ad qoyuldu: \u201cT\u0259lx\u0259k\u201d"},"content":{"rendered":"<h3><strong>Sahib\u0259 Qafarova bildirib ki, parlamentin komit\u0259 iclaslar\u0131 Qaraba\u011f\u0131n h\u0259r bir gu\u015f\u0259sind\u0259 ke\u00e7iril\u0259c\u0259k, o c\u00fcml\u0259d\u0259n d\u0259 A\u011fdamda\u00a0<\/strong><\/h3>\n<p>Oktyabr\u0131n 18-d\u0259 Milli M\u0259clisin n\u00f6vb\u0259ti iclas\u0131 ke\u00e7irildi. Spiker\u00a0Sahib\u0259 Qafarova \u00f6nc\u0259 G\u0259nc\u0259 terrorunun ild\u00f6n\u00fcm\u00fc il\u0259 \u0259laq\u0259dar parlamentd\u0259 \u00e7\u0131x\u0131\u015f ed\u0259r\u0259k, ba\u015fsa\u011fl\u0131\u011f\u0131 verdi.\u00a0\u201cG\u0259nc\u0259 terrorunun\u00a0ild\u00f6n\u00fcm\u00fc il\u0259 \u0259laq\u0259dar G\u0259nc\u0259d\u0259 an\u0131m m\u0259rasimi\u00a0v\u0259 bir ne\u00e7\u0259 beyn\u0259lxalq konfrans ke\u00e7irilib. Milli\u00a0M\u0259clisin deputatlar\u0131 da i\u015ftirak edibl\u0259r.\u00a0G\u0259nc\u0259 terroru zaman\u0131 h\u0259yat\u0131n\u0131 itir\u0259nl\u0259r\u0259 allahdan r\u0259hm\u0259t, ail\u0259l\u0259rin\u0259 s\u0259bir dil\u0259yirik\u201d, &#8211; spiker bildirdi.<\/p>\n<p><strong>Daha sonra spiker 18 oktyabr tarixi il\u0259 ba\u011fl\u0131 dig\u0259r \u00f6n\u0259mli m\u0259s\u0259l\u0259d\u0259n b\u0259hs etdi:<\/strong>\u00a0\u201cBildiyiniz kimi, bu g\u00fcn Az\u0259rbaycan tarixinin yeni bir d\u00f6vr\u00fcn\u00fcn ba\u015flan\u011f\u0131c\u0131n\u0131 qoymu\u015f M\u00fcst\u0259qilliyin b\u0259rpas\u0131 g\u00fcn\u00fcd\u00fcr. \u00d6t\u0259n \u0259srin \u0259vv\u0259ll\u0259rind\u0259 Az\u0259rbaycan Xalq C\u00fcmhuriyy\u0259tinin elan olunmas\u0131, t\u0259qrib\u0259n 70 il sonra, 1991-ci il oktyabr\u0131n 18-d\u0259 is\u0259 d\u00f6vl\u0259t m\u00fcst\u0259qilliyinin b\u0259rpa edilm\u0259si Az\u0259rbaycan xalq\u0131n\u0131n d\u00f6vl\u0259t\u00e7ilik potensial\u0131n\u0131n yeni \u015f\u0259raitd\u0259 real \u015f\u0259kil almas\u0131 v\u0259 q\u0259lbind\u0259 ya\u015fatd\u0131\u011f\u0131 m\u00fcst\u0259qillik arzusunun ger\u00e7\u0259kl\u0259\u015fm\u0259si idi. Lakin xalq\u0131m\u0131z \u0259srin \u0259vv\u0259ll\u0259rind\u0259 qurdu\u011fu d\u00f6vl\u0259tini c\u0259mi 23 ay ya\u015fada bilmi\u015fdis\u0259, \u0259srin sonlar\u0131na yax\u0131n m\u00fcst\u0259qil d\u00f6vl\u0259tini Ulu \u00d6nd\u0259r, d\u00fcnya miqyasl\u0131 siyasi v\u0259 d\u00f6vl\u0259t xadimi Heyd\u0259r \u018fliyevin q\u00fcdr\u0259tli z\u0259kas\u0131 v\u0259 m\u00fcdrikliyi, yenilm\u0259z irad\u0259si v\u0259 q\u0259tiyy\u0259ti say\u0259sind\u0259 qoruyub saxlaya bilmi\u015fdir\u201d. Bayram t\u0259brikl\u0259rini \u00e7atd\u0131ran S.Qafarova, Prezident \u0130lham \u018fliyev\u0259 v\u0259 Birinci vitse-prezident Mehriban \u018fliyevaya Milli M\u0259clis ad\u0131ndan t\u0259brik m\u0259ktublar\u0131 \u00fcnvanlama\u011f\u0131 t\u0259klif etdi, deputatlar t\u0259klif\u0259 alq\u0131\u015flarla d\u0259st\u0259k verdil\u0259r.<\/p>\n<p><em>\u0130stiqlal\u00e7\u0131 mill\u0259t v\u0259kili Vahid \u018fhm\u0259dov 18 Oktyabr M\u00fcst\u0259qilliyin B\u0259rpa G\u00fcn\u00fc il\u0259 ba\u011fl\u0131 \u00e7\u0131x\u0131\u015f ed\u0259r\u0259k dedi ki, 31 ild\u0259 Az\u0259rbaycan \u00e7ox b\u00f6y\u00fck u\u011furlara imza at\u0131b.\u00a0Bu ill\u0259rd\u0259 Az\u0259rbaycan\u0131n \u0259n b\u00f6y\u00fck u\u011furu 30 il i\u015f\u011fal alt\u0131nda olan torpaqlar\u0131m\u0131z\u0131n i\u015f\u011faldan azad edilm\u0259si olub. Burada Az\u0259rbaycan Prezidentinin u\u011furlu siyas\u0259ti, xalq\u0131m\u0131z\u0131n birliyi, ordumuzun q\u00fcdr\u0259ti \u00f6z s\u00f6z\u00fcn\u00fc deyib. V.\u018fhm\u0259dov dedi ki, 20 ild\u0259n sonra Az\u0259rbaycan\u0131n \u00f6z torpaqlar\u0131n\u0131 d\u00fc\u015fm\u0259nl\u0259rd\u0259n t\u0259mizl\u0259m\u0259sind\u0259 x\u00fcsusi rol oynayan milli birliyimizin qorunmas\u0131 \u00e7ox vacibdir. Deputat dedi ki, \u0130randa, Rusiyada, Ukraynada ba\u015f ver\u0259n hadis\u0259l\u0259r bizim milli birliyimizi qoruyub-saxlama\u011f\u0131m\u0131z\u0131 z\u0259ruri edir: \u201cM\u0259n mill\u0259timi bu yolda Az\u0259rbaycan Prezidentini d\u0259st\u0259kl\u0259m\u0259y\u0259, bir yumruq kimi birl\u0259\u015fm\u0259y\u0259 \u00e7a\u011f\u0131r\u0131ram\u201d.<\/em><\/p>\n<p><em><img loading=\"lazy\" src=\"https:\/\/azertag.az\/files\/galleryphoto\/2022\/3\/1000x669\/16661024323082538715_1000x669.jfif\" width=\"745\" height=\"458\" \/><\/em><\/p>\n<p>&nbsp;<\/p>\n<p><strong>Milli M\u0259clisin Avropa \u015euras\u0131 Parlament Assambleyas\u0131n\u0131n (A\u015e PA) pay\u0131z sessiyas\u0131nda i\u015ftirak ed\u0259n n\u00fcmay\u0259nd\u0259 hey\u0259tinin r\u0259hb\u0259ri, deputat S\u0259m\u0259d Seyidov sessiya bar\u0259d\u0259 h\u0259mkarlar\u0131n\u0131 m\u0259lumatland\u0131rd\u0131. Qeyd edib ki, erm\u0259nil\u0259r A\u015e PA-da\u00a0\u00f6z \u00e7irkin \u0259m\u0259ll\u0259rini davam etdirm\u0259y\u0259 \u00e7al\u0131\u015f\u0131blar:<\/strong>\u00a0\u201cErm\u0259nil\u0259r \u00e7al\u0131\u015fd\u0131lar ki, son hadis\u0259l\u0259rl\u0259 ba\u011fl\u0131 s\u0259n\u0259d q\u0259bul edilsin, x\u00fcsusi n\u00fcmay\u0259nd\u0259 ayr\u0131ls\u0131n, ba\u015f ver\u0259n hadis\u0259l\u0259ri m\u0259ruz\u0259 etsin.\u00a0M\u0259qs\u0259dl\u0259rin\u0259 nail ola bilm\u0259dil\u0259r. M\u0259n b\u00fct\u00fcn iqtidar, m\u00fcxalif\u0259t v\u0259 bit\u0259r\u0259f deputatlar\u0131m\u0131za s\u0259sl\u0259nir\u0259m ki, erm\u0259nil\u0259r\u0259 he\u00e7 vaxt yol verm\u0259y\u0259k.\u00a0Az\u0259rbaycan\u0131n y\u00fcr\u00fctd\u00fcy\u00fc siyas\u0259t g\u00fccl\u00fc oldu\u011funa g\u00f6r\u0259, b\u00fct\u00fcn bunlar\u0131n qar\u015f\u0131s\u0131nda dayana bil\u0259c\u0259k. Biz is\u0259 bu siyas\u0259tin \u0259traf\u0131nda birl\u0259\u015fm\u0259liyik\u201d.<\/p>\n<p>Deputat Aqil Abbas parlamentin komit\u0259 iclaslar\u0131n\u0131n \u015eu\u015fada ke\u00e7irilm\u0259sini t\u0259qdir etdi.\u00a0Eyni zamanda, \u00f6lk\u0259 prezidentinin A\u011fdama s\u0259f\u0259ri, t\u0259m\u0259lqoyma m\u0259rasiml\u0259ri v\u0259 h\u0259yata ke\u00e7iril\u0259n i\u015fl\u0259rd\u0259n b\u0259hs etdi. Bildirdi ki, A\u011fdam tikilir, b\u00f6y\u00fck i\u015fl\u0259r g\u00f6r\u00fcl\u00fcr, h\u0259tta d\u0259mir yolu da f\u0259aliyy\u0259t g\u00f6st\u0259rm\u0259y\u0259 ba\u015flay\u0131b. \u201cHesab edir\u0259m ki, komit\u0259 iclaslar\u0131n\u0131 A\u011fdamda da ke\u00e7irtm\u0259k olar. Xahi\u015f edir\u0259m bu t\u0259klifi n\u0259z\u0259r\u0259 alas\u0131n\u0131z\u201d.<\/p>\n<p>Spiker Sahib\u0259 Qafarova t\u0259klif\u0259 g\u00f6r\u0259 t\u0259\u015f\u0259kk\u00fcr\u00fcn\u00fc bildirdi v\u0259 dedi ki, Milli M\u0259clisin komit\u0259 iclaslar\u0131 Qaraba\u011f\u0131n h\u0259r bir gu\u015f\u0259sind\u0259 ke\u00e7iril\u0259c\u0259k, o c\u00fcml\u0259d\u0259n d\u0259 A\u011fdamda.<\/p>\n<p><img loading=\"lazy\" src=\"https:\/\/azertag.az\/files\/galleryphoto\/2022\/3\/1000x669\/1666102432243334313_1000x669.jpeg\" width=\"773\" height=\"535\" \/><\/p>\n<p>Deputat Tahir K\u0259rimli Az\u0259rbaycan\u0131n d\u00f6vl\u0259t m\u00fcst\u0259qilliyini b\u0259rpa etm\u0259sind\u0259n b\u0259hs ed\u0259r\u0259k\u00a0t\u0259klif verdi ki,\u00a0bu, \u0259lam\u0259tdar g\u00fcn m\u00fcnasib\u0259til\u0259 h\u0259r bir v\u0259t\u0259nda\u015fa\u00a0100 manat m\u0259bl\u0259\u011find\u0259 pul verilsin. Deputat m\u0259nb\u0259ni d\u0259 g\u00f6st\u0259rdi: \u201cNeft Fondunda kifay\u0259t q\u0259d\u0259r pul var. M\u0259n\u0259 el\u0259 g\u0259lir bu q\u0259d\u0259r pul fond \u00fc\u00e7\u00fcn \u00e7ox deyil. Dig\u0259r bir t\u0259klifim is\u0259 Az\u0259rbaycanda do\u011fulan\u00a0u\u015faqlara maddi k\u00f6m\u0259kl\u0259 ba\u011fl\u0131d\u0131r. Xarici \u00f6lk\u0259l\u0259rd\u0259 oldu\u011fu kimi, h\u0259r bir u\u015fa\u011f\u0131n ad\u0131na hesab a\u00e7\u0131ls\u0131n v\u0259 ora v\u0259sait qoyulsun. Bir \u00e7ox neft-qaz \u00f6lk\u0259l\u0259rind\u0259 bu t\u0259cr\u00fcb\u0259 var\u201d. T.K\u0259rimli dedi ki, \u00f6lk\u0259mizd\u0259 2 milyon 200 min ail\u0259 var: \u201cH\u0259r bir ail\u0259y\u0259 200 dollar pul verilsin. Bu, Neft Fondu \u00fc\u00e7\u00fcn b\u00f6y\u00fck m\u0259bl\u0259\u011f deyil. Neft Fondundak\u0131 pulu xalq\u0131m\u0131z \u00fc\u00e7\u00fcn x\u0259rcl\u0259m\u0259k laz\u0131md\u0131r. H\u00f6kum\u0259timiz xalq\u0131n g\u00f6z\u00fcnd\u0259 n\u00fcfuzunu \u00e7ox art\u0131rm\u0131\u015f olard\u0131. Finlandiyada ali t\u0259hsil\u00a0pulsuzdur. T\u0259klif edir\u0259m ki, b\u00fct\u00fcn d\u00f6vl\u0259t ali t\u0259hsil m\u0259kt\u0259bl\u0259rind\u0259 t\u0259hsil pulsuz olsun. Az\u0259rbaycan \u00f6z v\u0259t\u0259nda\u015flar\u0131na t\u0259hsili pulsuz versin\u201d.<\/p>\n<p>Vitse-spiker\u00a0F\u0259zail\u00a0\u0130brahimli\u00a0\u201cAz\u0259rbaycan\u201d q\u0259zetind\u0259 d\u0259rc olunmu\u015f yaz\u0131lar\u0131n plagiat olmas\u0131 il\u0259 ba\u011fl\u0131 iddialara, yaz\u0131lan t\u0259nqidl\u0259r\u0259 reaksiya verdi. Bildirdi ki,\u00a0\u00f6lk\u0259 ba\u015f\u00e7\u0131s\u0131n\u0131n f\u0259aliyy\u0259tini i\u015f\u0131qland\u0131ran \u015f\u0259xsl\u0259r\u0259 qar\u015f\u0131 bu c\u00fcr ittihamlar\u0131n arxas\u0131nda hans\u0131 m\u0259qs\u0259dl\u0259rin dayand\u0131\u011f\u0131 m\u0259lum deyil:\u00a0\u201cAz\u0259rbaycan\u0131n u\u011furlar\u0131, g\u00f6r\u00fcl\u0259n i\u015fl\u0259r fonunda \u201cAz\u0259rbaycan\u201d q\u0259zetin\u0259 qar\u015f\u0131 bu c\u00fcr s\u0259lib y\u00fcr\u00fc\u015f\u00fc t\u0259\u015fkil edilir. \u00d6lk\u0259mizin V\u0259t\u0259n m\u00fcharib\u0259sind\u0259 qazand\u0131\u011f\u0131 q\u0259l\u0259b\u0259y\u0259, beyn\u0259lxalq al\u0259md\u0259 u\u011furlar\u0131na b\u0259zi \u015f\u0259xsl\u0259rin bu c\u00fcr m\u0259qs\u0259dli add\u0131mlar\u0131 k\u00f6lg\u0259 sal\u0131r\u201d.<\/p>\n<p><strong>Vitse-spiker\u00a0bildirdi ki, \u00a0yaz\u0131da c\u0259nab prezidentin 19 illik nailiyy\u0259ti, Az\u0259rbaycan\u0131n 19 illik u\u011furlar\u0131, Erm\u0259nistan\u0131n m\u0259\u011flubiyy\u0259tind\u0259n b\u0259hs ed\u0259n adamlar h\u0259d\u0259f g\u00f6t\u00fcr\u00fcl\u00fcb.<\/strong><\/p>\n<p>Vitse-spiker \u00dczeyir b\u0259y Hac\u0131b\u0259yli il\u0259 ba\u011fl\u0131 olan bir \u0259hvalat\u0131 xat\u0131rladaraq,\u00a0\u201cSoxmay\u0131n burnunuzu bel\u0259 yaz\u0131lara, Az\u0259rbaycanda h\u0259r k\u0259s bir-birini tan\u0131y\u0131r. Kimin n\u0259 m\u0259ss\u0259b\u0259 qulluq etdiyini, kimin hans\u0131 \u00f6l\u00e7\u00fcd\u0259 ayaqqab\u0131 geyinm\u0259sini d\u0259 h\u0259r k\u0259s bilir\u201d, s\u00f6yl\u0259di. F.\u0130brahimli bel\u0259 t\u0259fti\u015f\u00e7il\u0259r\u0259 qar\u015f\u0131 \u00f6l\u00e7\u00fc g\u00f6t\u00fcr\u00fclm\u0259sini d\u0259 z\u0259ruri sayd\u0131: \u201cC\u0259nab prezidentin f\u0259aliyy\u0259tini i\u015f\u0131qland\u0131ran adamlar\u0131n \u00fcz\u0259rin\u0259 g\u0259m\u0259k&#8230;Bilmir\u0259m kiml\u0259rdir buna c\u0259sar\u0259t ed\u0259nl\u0259r? M\u0259tbuat \u015euras\u0131 bu i\u015fl\u0259 m\u0259\u015f\u011ful olmal\u0131d\u0131r. Az\u0259rbaycanda qanun-qayda var v\u0259 qanun-qayda daxilind\u0259 biz h\u0259r\u0259k\u0259t etm\u0259liyik\u201d.<\/p>\n<p><img loading=\"lazy\" src=\"https:\/\/azertag.az\/files\/galleryphoto\/2022\/3\/1000x669\/16661024323002155365_1000x669.jpeg\" width=\"703\" height=\"427\" \/><\/p>\n<p>Deputat F\u0259zail A\u011famal\u0131 Erm\u0259nistan\u0131n m\u00f6vcud oldu\u011fu tarixi Az\u0259rbaycan torpaqlar\u0131 il\u0259 ba\u011fl\u0131 \u00e7a\u011f\u0131r\u0131\u015f etdi. Bildirdi ki, 1920-ci ild\u0259 Fransada, Versal S\u00fclh Konfrans\u0131nda Az\u0259rbaycan\u0131n C\u00fcmhuriyy\u0259tinin x\u0259rit\u0259si t\u0259svir olunmaqla Az\u0259rbaycan\u0131n d\u00f6vl\u0259t m\u00fcst\u0259qilliyi tan\u0131n\u0131b. F.A\u011famal\u0131 t\u0259\u0259ss\u00fcfl\u0259 bir m\u0259qam\u0131 qeyd etdi: \u201cB\u0259z\u0259n ayr\u0131-ayr\u0131 m\u0259tbuat s\u0259hif\u0259sind\u0259 rastla\u015f\u0131r\u0131q ki, Az\u0259rbaycan\u0131n Erm\u0259nistana qar\u015f\u0131 \u0259razi iddias\u0131 olmal\u0131 deyil. Ombudsman da, h\u0259r k\u0259s d\u0259 birm\u0259nal\u0131 olaraq C\u00fcmhuriyy\u0259tin varisi kimi Az\u0259rbaycan\u0131n indiki Erm\u0259nistan t\u0259r\u0259find\u0259n z\u0259bt olunan 28 min kv.km-lik \u0259razil\u0259r b\u00fct\u00fcn platformalarda g\u00fcnd\u0259m\u0259 g\u0259tirilm\u0259ldir. Xahi\u015f edir\u0259m, bizim mill\u0259t v\u0259kill\u0259rimiz d\u0259 \u201cAz\u0259rbaycan\u0131n he\u00e7 bir \u00f6lk\u0259nin \u0259razisind\u0259 g\u00f6z\u00fc yoxdur\u201d-dem\u0259kd\u0259n \u00e7\u0259kinsinl\u0259r. Eyni zamanda bu g\u00fcn biz\u0259 \u0259z\u0259l\u0259 n\u00fcmayi\u015f etdir\u0259n \u0130ran\u0131n \u0259razinin b\u00f6y\u00fck hiss\u0259si tarixi Az\u0259rbaycan \u0259razil\u0259rdir. Bunu n\u0259 \u0130ran r\u0259hb\u0259rliyi, n\u0259 d\u0259 Makron kimi t\u0259lx\u0259k unutmas\u0131n\u201d.<\/p>\n<p><strong>Komit\u0259 s\u0259dri Zahid Oruc bildirdi ki, V\u0259t\u0259n m\u00fcharib\u0259sind\u0259ki q\u0259l\u0259b\u0259mizin ikinci ild\u00f6n\u00fcm\u00fcnd\u0259 \u00f6lk\u0259miz\u0259 qar\u015f\u0131 beyn\u0259lxalq h\u00fccumlar daha intensiv, m\u00fct\u0259\u015f\u0259kkil v\u0259 sistemli xarakter al\u0131b: \u201cS\u0259b\u0259b \u0259lb\u0259tt\u0259, b\u0259llidir-h\u0259rbi Z\u0259f\u0259rimiz yaln\u0131z Erm\u0259nistan \u00fcz\u0259rind\u0259 qazan\u0131lsayd\u0131, indiki q\u0259d\u0259r \u0259z\u0259m\u0259tli olmazd\u0131. T\u0259kc\u0259 d\u00fcn\u0259n \u0130r\u0259vana g\u0259l\u0259n Avropa Birliyinin 40 n\u0259f\u0259rlik m\u00fclki formal\u0131 h\u0259rbi general v\u0259 m\u0259xfi xidm\u0259t t\u0259msil\u00e7isi, \u0130sve\u00e7r\u0259 v\u0259 Amerika parlamentaril\u0259ri Az\u0259rbaycan \u0259leyhin\u0259 aktlar t\u0259rtib edirl\u0259r. Lakin Prezident \u0130lham \u018fliyevin s\u00fclh sava\u015f\u0131 davam edir. Son 2 \u0259srd\u0259 ilk d\u0259f\u0259dir ki, imperiyalar\u0131n dikt\u0259si olmadan, Z\u0259f\u0259rimizi r\u0259smil\u0259\u015fdir\u0259 bil\u0259rik. Amma 12-14 sentyabr h\u0259rbi toqqu\u015fmas\u0131 ba\u015f verm\u0259s\u0259ydi, raz\u0131la\u015fma olmayacaqd\u0131r\u201d.\u00a0Deputat\u0131n s\u00f6zl\u0259rin\u0259 g\u00f6r\u0259, n\u0259 q\u0259d\u0259r ki, Xank\u0259ndi il\u0259 \u0130r\u0259van\u0131n aras\u0131nda yeni \u00e7\u0259kil\u0259n 32 km-lik yola n\u0259zar\u0259ti ordumuz etm\u0259y\u0259c\u0259k, onda Az\u0259rbaycan\u0131n da Nax\u00e7\u0131vanla 42 km-lik quru \u0259laq\u0259sini g\u00fcc yolu il\u0259 a\u00e7ma\u011fa h\u00fcququ olacaq: \u201cN\u0259hay\u0259t, n\u0259 q\u0259d\u0259r ki, \u201cQaraba\u011f m\u0259s\u0259l\u0259si h\u0259ll olunmay\u0131b\u201d deyil\u0259c\u0259k, onda d\u00f6vl\u0259timizin d\u0259 2-ci Qaraba\u011f\u0131 Erm\u0259nistan\u0131n \u0259razisind\u0259 yarad\u0131b m\u00fcharib\u0259ni d\u00fc\u015fm\u0259n co\u011frafiyas\u0131na ke\u00e7irm\u0259si qa\u00e7\u0131lmaz olacaq. \u018fg\u0259r bu ssenaril\u0259ri ist\u0259mirl\u0259rs\u0259, \u201cS\u00fclh m\u00fcqavil\u0259si\u201dni ba\u015fqa paytaxtlarda deyil, Z\u0259ng\u0259zurda imzalamaq olar!\u201d<\/strong><\/p>\n<p>Milli M\u0259clisin plenar iclas\u0131nda \u201cAz\u0259rbaycan Respublikas\u0131n\u0131n \u0130nsan h\u00fcquqlar\u0131 \u00fczr\u0259 m\u00fcv\u0259kkili (ombudsman) haqq\u0131nda\u201d Konstitusiya Qanununa d\u0259yi\u015fiklikl\u0259r m\u00fczakir\u0259y\u0259 \u00e7\u0131xar\u0131ld\u0131.\u00a0Qanun layih\u0259sini Birinci vitse-spiker \u018fli H\u00fcseynli t\u0259qdim etdi. Layih\u0259y\u0259 \u0259sas\u0259n,\u00a0Az\u0259rbaycan\u0131n \u0130nsan h\u00fcquqlar\u0131 \u00fczr\u0259 m\u00fcv\u0259kkilin\u0259 (ombusdman) insan h\u00fcquqlar\u0131n\u0131n pozulmas\u0131 il\u0259 \u0259laq\u0259dar \u015fikay\u0259t edilm\u0259sinin\u00a0\u0259hat\u0259 dair\u0259si geni\u015fl\u0259nir. Bel\u0259 ki, insan h\u00fcquqlar\u0131 pozulmu\u015f \u015f\u0259xsin raz\u0131l\u0131\u011f\u0131 il\u0259 media subyektl\u0259ri, h\u0259mkarlar ittifaqlar\u0131, v\u0259t\u0259nda\u015flar\u0131n t\u0259\u015f\u0259bb\u00fcs qruplar\u0131 v\u0259 b\u0259l\u0259diyy\u0259l\u0259rin m\u0259h\u0259ll\u0259 komit\u0259l\u0259ri d\u0259 ombudsmana \u015fikay\u0259t ver\u0259 bil\u0259c\u0259k.<\/p>\n<p>Deputat Q\u00fcdr\u0259t H\u0259s\u0259nquliyev layih\u0259 il\u0259 ba\u011fl\u0131 dan\u0131\u015fark\u0259n b\u0259zi m\u0259qamlara m\u00fcnasib\u0259t a\u00e7\u0131qlad\u0131: \u201cLayih\u0259 \u00e7ox m\u00fct\u0259r\u0259qqidir v\u0259 m\u00fct\u0259r\u0259qqi d\u0259yi\u015fiklikl\u0259r n\u0259z\u0259rd\u0259 tutulub. Amma biz komit\u0259 iclas\u0131nda qald\u0131rd\u0131q, \u018fli H\u00fcseynli dedi ki, qanunvericilik t\u0259\u015f\u0259bb\u00fcs\u00fcn\u00fcn subyekti il\u0259 o m\u0259s\u0259l\u0259l\u0259ri m\u00fczakir\u0259 ed\u0259c\u0259k.\u00a0Biz, konstitusiyaya sonuncu 3-c\u00fc d\u0259yi\u015fiklikd\u0259n sonra ya\u015f m\u0259hdudiyy\u0259tini aradan qald\u0131rm\u0131\u015f\u0131q. Amma Ombudsman haqq\u0131nda qanunda h\u0259l\u0259 d\u0259 o m\u0259hdudiyy\u0259tl\u0259r n\u0259z\u0259rd\u0259 tutulur ki, ombudsman 30 ya\u015fdan yuxar\u0131 olmal\u0131d\u0131r. Ombudsman iki d\u0259f\u0259 se\u00e7ilm\u0259lidir. Amma biz Prezidentl\u0259 d\u0259, ba\u015f prokurorla ba\u011fl\u0131 da m\u0259hdudiyy\u0259ti aradan qald\u0131rm\u0131\u015f\u0131q. Yana\u015fma eyni olmal\u0131d\u0131r. Y\u0259ni h\u0259r hans\u0131 v\u0259zif\u0259li \u015f\u0259xsi se\u00e7\u0259n xalqd\u0131rsa, xalq m\u00fc\u0259yy\u0259n el\u0259m\u0259lidir ki, h\u0259min \u015f\u0259xs v\u0259zif\u0259d\u0259, hakimiyy\u0259td\u0259 n\u0259 q\u0259d\u0259r qala bil\u0259r. Yaxud onu Prezident, Milli M\u0259clis t\u0259sdiq edirs\u0259, yen\u0259 d\u0259 Prezident v\u0259 Milli M\u0259clis m\u00fc\u0259yy\u0259n ed\u0259 bil\u0259r ki, ona ne\u00e7\u0259 m\u00fcdd\u0259t etibar etm\u0259k olar. Y\u0259ni yana\u015fma eyni olmal\u0131d\u0131r. Hesab edir\u0259m ki, bu m\u0259s\u0259l\u0259ni h\u00f6rm\u0259tli \u018fli m\u00fc\u0259llim m\u00fcvafiq d\u00f6vl\u0259t orqanlar\u0131 qar\u015f\u0131s\u0131nda qald\u0131racaq v\u0259 bu \u00f6z h\u0259llini tapmal\u0131d\u0131r\u201d.<\/p>\n<p>Milli M\u0259clisd\u0259 Az\u0259rbaycan Respublikas\u0131n\u0131n 1995-ci il 10 yanvar tarixli 947 n\u00f6mr\u0259li Qanunu il\u0259 t\u0259sdiq edilmi\u015f \u201cH\u0259rbi qulluq\u00e7ular\u0131n d\u00f6vl\u0259t\u0259 vurduqlar\u0131 ziyana g\u00f6r\u0259 maddi m\u0259suliyy\u0259ti haqq\u0131nda \u018fsasnam\u0259\u201dd\u0259 d\u0259yi\u015fiklik edilm\u0259si bar\u0259d\u0259 Az\u0259rbaycan Respublikas\u0131 qanununun layih\u0259si ikinci oxunu\u015fda m\u00fczakir\u0259 olundu. Komit\u0259 s\u0259dri Ziyaf\u0259t \u018fsg\u0259rov \u0259lav\u0259 v\u0259 d\u0259yi\u015fiklikl\u0259r bar\u0259d\u0259 m\u0259lumat verdi. Komit\u0259 s\u0259dri\u00a0Siyavu\u015f Novruzov \u00e7\u0131x\u0131\u015fda bildirdi ki, Az\u0259rbaycan Ordusu n\u0259inki C\u0259nubi Qafqazda, el\u0259c\u0259 d\u0259 d\u00fcnyadak\u0131 qabaqc\u0131l ordular s\u0131ras\u0131ndad\u0131r: \u201cBel\u0259 ki, m\u00fct\u0259madi \u015f\u0259kild\u0259 ordumuz \u00fc\u00e7\u00fcn yeni h\u0259rbi texnikalar al\u0131n\u0131r.\u00a0Ordumuzda daim keyfiyy\u0259tli t\u0259liml\u0259r ke\u00e7irilir ki, bu da NATO standartlar\u0131na uy\u011fundur. H\u0259tta texnikalar\u0131m\u0131z da h\u0259min standartlara uy\u011fundur\u201d. S.Novruzov onu da dedi\u00a0ki, b\u0259z\u0259n h\u0259rbi sah\u0259d\u0259\u00a0texnikalardan d\u00fczg\u00fcn istifad\u0259 edilm\u0259m\u0259si n\u0259tic\u0259sind\u0259 onlar\u0131n s\u0131radan \u00e7\u0131xmas\u0131 \u00f6lk\u0259miz\u0259 ziyan vura bil\u0259r: \u201cBilirik ki, orduda qulluq ikili sistem \u0259sas\u0131nda h\u0259yata ke\u00e7irilir. \u00c7a\u011f\u0131r\u0131\u015fla h\u0259rbi xidm\u0259td\u0259 qulluq ke\u00e7\u0259nl\u0259ri\u00a0texnikalardan istifad\u0259 il\u0259 ba\u011fl\u0131\u00a0t\u0259liml\u0259r\u0259 c\u0259lb etm\u0259k tezdir. Yaln\u0131z o halda bu icra edil\u0259 bil\u0259r ki, onlar \u00f6z f\u0259aliyy\u0259tini g\u0259l\u0259c\u0259kd\u0259 bu sah\u0259d\u0259 davam etdirm\u0259k ist\u0259y\u0259rl\u0259r. Bu zaman texnikalardan d\u00fczg\u00fcn istifad\u0259 h\u0259min avadanl\u0131qlar\u0131n z\u0259r\u0259r \u00e7\u0259km\u0259m\u0259sin\u0259 g\u0259tirib \u00e7\u0131xara bil\u0259r\u201d.\u00a0Bu m\u0259nada komit\u0259 s\u0259dri qanunun h\u0259rbi \u00e7a\u011f\u0131r\u0131\u015f\u00e7\u0131lara deyil, m\u00fcdd\u0259td\u0259n art\u0131q xidm\u0259t ke\u00e7\u0259nl\u0259r\u0259 t\u0259tbiqini d\u00fczg\u00fcn sayd\u0131.<\/p>\n","protected":false},"excerpt":{"rendered":"<p>Sahib\u0259 Qafarova bildirib ki, parlamentin komit\u0259 iclaslar\u0131 Qaraba\u011f\u0131n h\u0259r bir gu\u015f\u0259sind\u0259 ke\u00e7iril\u0259c\u0259k, o c\u00fcml\u0259d\u0259n d\u0259 A\u011fdamda\u00a0 Oktyabr\u0131n 18-d\u0259 Milli M\u0259clisin n\u00f6vb\u0259ti iclas\u0131 ke\u00e7irildi. Spiker\u00a0Sahib\u0259 Qafarova \u00f6nc\u0259 G\u0259nc\u0259 terrorunun ild\u00f6n\u00fcm\u00fc il\u0259 \u0259laq\u0259dar parlamentd\u0259 \u00e7\u0131x\u0131\u015f ed\u0259r\u0259k, ba\u015fsa\u011fl\u0131\u011f\u0131 verdi.\u00a0\u201cG\u0259nc\u0259 terrorunun\u00a0ild\u00f6n\u00fcm\u00fc il\u0259 \u0259laq\u0259dar G\u0259nc\u0259d\u0259 an\u0131m m\u0259rasimi\u00a0v\u0259 bir ne\u00e7\u0259 beyn\u0259lxalq konfrans ke\u00e7irilib. Milli\u00a0M\u0259clisin deputatlar\u0131 da i\u015ftirak edibl\u0259r.\u00a0G\u0259nc\u0259 terroru zaman\u0131 h\u0259yat\u0131n\u0131 itir\u0259nl\u0259r\u0259 allahdan r\u0259hm\u0259t, ail\u0259l\u0259rin\u0259 s\u0259bir dil\u0259yirik\u201d, &#8211; spiker bildirdi. Daha sonra spiker 18 oktyabr tarixi il\u0259 ba\u011fl\u0131 dig\u0259r \u00f6n\u0259mli m\u0259s\u0259l\u0259d\u0259n b\u0259hs etdi:\u00a0\u201cBildiyiniz kimi, bu g\u00fcn Az\u0259rbaycan tarixinin yeni bir d\u00f6vr\u00fcn\u00fcn ba\u015flan\u011f\u0131c\u0131n\u0131 qoymu\u015f M\u00fcst\u0259qilliyin b\u0259rpas\u0131 g\u00fcn\u00fcd\u00fcr.&hellip;<\/p>\n","protected":false},"author":2,"featured_media":525125,"comment_status":"closed","ping_status":"closed","sticky":false,"template":"","format":"standard","meta":{"om_disable_all_campaigns":false,"_monsterinsights_skip_tracking":false,"_monsterinsights_sitenote_active":false,"_monsterinsights_sitenote_note":"","_monsterinsights_sitenote_category":0},"categories":[4],"tags":[],"aioseo_notices":[],"gutentor_comment":0,"rttpg_featured_image_url":{"full":["https:\/\/arantv.az\/wp-content\/uploads\/2022\/10\/46732f69993268494916a57127405079.jpg",870,500,false],"landscape":["https:\/\/arantv.az\/wp-content\/uploads\/2022\/10\/46732f69993268494916a57127405079.jpg",870,500,false],"portraits":["https:\/\/arantv.az\/wp-content\/uploads\/2022\/10\/46732f69993268494916a57127405079.jpg",870,500,false],"thumbnail":["https:\/\/arantv.az\/wp-content\/uploads\/2022\/10\/46732f69993268494916a57127405079-500x280.jpg",500,280,true],"medium":["https:\/\/arantv.az\/wp-content\/uploads\/2022\/10\/46732f69993268494916a57127405079-635x365.jpg",635,365,true],"large":["https:\/\/arantv.az\/wp-content\/uploads\/2022\/10\/46732f69993268494916a57127405079-840x483.jpg",640,368,true],"1536x1536":["https:\/\/arantv.az\/wp-content\/uploads\/2022\/10\/46732f69993268494916a57127405079.jpg",870,500,false],"2048x2048":["https:\/\/arantv.az\/wp-content\/uploads\/2022\/10\/46732f69993268494916a57127405079.jpg",870,500,false],"post-thumbnail":["https:\/\/arantv.az\/wp-content\/uploads\/2022\/10\/46732f69993268494916a57127405079-240x172.jpg",240,172,true],"advps-thumb-one":["https:\/\/arantv.az\/wp-content\/uploads\/2022\/10\/46732f69993268494916a57127405079.jpg",870,500,false]},"rttpg_author":{"display_name":"V\u00fcsal Rafiqo\u011flu","author_link":"https:\/\/arantv.az\/?author=2"},"rttpg_comment":0,"rttpg_category":"<a href=\"https:\/\/arantv.az\/?cat=4\" rel=\"category\">Siyas\u0259t<\/a>","rttpg_excerpt":"Sahib\u0259 Qafarova bildirib ki, parlamentin komit\u0259 iclaslar\u0131 Qaraba\u011f\u0131n h\u0259r bir gu\u015f\u0259sind\u0259 ke\u00e7iril\u0259c\u0259k, o c\u00fcml\u0259d\u0259n d\u0259 A\u011fdamda\u00a0 Oktyabr\u0131n 18-d\u0259 Milli M\u0259clisin n\u00f6vb\u0259ti iclas\u0131 ke\u00e7irildi. Spiker\u00a0Sahib\u0259 Qafarova \u00f6nc\u0259 G\u0259nc\u0259 terrorunun ild\u00f6n\u00fcm\u00fc il\u0259 \u0259laq\u0259dar parlamentd\u0259 \u00e7\u0131x\u0131\u015f ed\u0259r\u0259k, ba\u015fsa\u011fl\u0131\u011f\u0131 verdi.\u00a0\u201cG\u0259nc\u0259 terrorunun\u00a0ild\u00f6n\u00fcm\u00fc il\u0259 \u0259laq\u0259dar G\u0259nc\u0259d\u0259 an\u0131m m\u0259rasimi\u00a0v\u0259 bir ne\u00e7\u0259 beyn\u0259lxalq konfrans ke\u00e7irilib. Milli\u00a0M\u0259clisin deputatlar\u0131 da i\u015ftirak edibl\u0259r.\u00a0G\u0259nc\u0259 terroru zaman\u0131 h\u0259yat\u0131n\u0131&hellip;","_links":{"self":[{"href":"https:\/\/arantv.az\/index.php?rest_route=\/wp\/v2\/posts\/525124"}],"collection":[{"href":"https:\/\/arantv.az\/index.php?rest_route=\/wp\/v2\/posts"}],"about":[{"href":"https:\/\/arantv.az\/index.php?rest_route=\/wp\/v2\/types\/post"}],"author":[{"embeddable":true,"href":"https:\/\/arantv.az\/index.php?rest_route=\/wp\/v2\/users\/2"}],"replies":[{"embeddable":true,"href":"https:\/\/arantv.az\/index.php?rest_route=%2Fwp%2Fv2%2Fcomments&post=525124"}],"version-history":[{"count":0,"href":"https:\/\/arantv.az\/index.php?rest_route=\/wp\/v2\/posts\/525124\/revisions"}],"wp:featuredmedia":[{"embeddable":true,"href":"https:\/\/arantv.az\/index.php?rest_route=\/wp\/v2\/media\/525125"}],"wp:attachment":[{"href":"https:\/\/arantv.az\/index.php?rest_route=%2Fwp%2Fv2%2Fmedia&parent=525124"}],"wp:term":[{"taxonomy":"category","embeddable":true,"href":"https:\/\/arantv.az\/index.php?rest_route=%2Fwp%2Fv2%2Fcategories&post=525124"},{"taxonomy":"post_tag","embeddable":true,"href":"https:\/\/arantv.az\/index.php?rest_route=%2Fwp%2Fv2%2Ftags&post=525124"}],"curies":[{"name":"wp","href":"https:\/\/api.w.org\/{rel}","templated":true}]}}