{"id":525155,"date":"2022-10-19T10:23:21","date_gmt":"2022-10-19T07:23:21","guid":{"rendered":"https:\/\/arantv.az\/?p=525155"},"modified":"2022-10-19T10:23:21","modified_gmt":"2022-10-19T07:23:21","slug":"tdt-mus%c9%99lman-dini-liderl%c9%99ri-f%c9%99xri-v%c9%99-s%c9%99hidl%c9%99r-xiyabanlarini-ziyar%c9%99t-edibl%c9%99r-foto","status":"publish","type":"post","link":"https:\/\/arantv.az\/?p=525155","title":{"rendered":"TDT m\u00fcs\u0259lman dini liderl\u0259ri F\u0259xri v\u0259 \u015e\u0259hidl\u0259r xiyabanlar\u0131n\u0131 ziyar\u0259t edibl\u0259r &#8211; FOTO"},"content":{"rendered":"<p>T\u00fcrk D\u00f6vl\u0259tl\u0259ri T\u0259\u015fkilat\u0131n\u0131n (TDT) m\u00fcs\u0259lman dini liderl\u0259ri F\u0259xri xiyaban\u0131 ziyar\u0259t edibl\u0259r.<\/p>\n<p>N\u00fcmay\u0259nd\u0259 hey\u0259ti F\u0259xri xiyabanda \u00fcmummilli lider Heyd\u0259r \u018fliyevin xatir\u0259sini yad edib, m\u0259zar\u0131 \u00f6n\u00fcn\u0259 g\u00fcl d\u0259st\u0259l\u0259ri qoyublar.<\/p>\n<div class=\"AdviadNativeVideo\"><\/div>\n<p>G\u00f6rk\u0259mli oftalmoloq-alim, akademik Z\u0259rif\u0259 \u018fliyevan\u0131n da m\u0259zar\u0131 \u00fcz\u0259rin\u0259 g\u00fcll\u0259r d\u00fcz\u00fcl\u00fcb.<\/p>\n<p>Sonra \u015e\u0259hidl\u0259r xiyaban\u0131na v\u0259 T\u00fcrk \u015f\u0259hidliyin\u0259 ged\u0259n din xadiml\u0259ri \u00f6lk\u0259mizin azadl\u0131\u011f\u0131 v\u0259 \u0259razi b\u00fct\u00f6vl\u00fcy\u00fc u\u011frunda m\u00fcbariz\u0259d\u0259 canlar\u0131ndan ke\u00e7mi\u015f q\u0259hr\u0259man V\u0259t\u0259n \u00f6vladlar\u0131n\u0131n xatir\u0259sini ehtiramla yad edibl\u0259r.<\/p>\n<p>&nbsp;<\/p>\n<div class=\"gallery\">\n<div class=\"gallery-i\"><img src=\"https:\/\/cdn.oxu.az\/uploads\/W1siZiIsIjIwMjIvMTAvMTkvMTAvNTgvMzYvYzM5NzI4MjYtNmFjNC00MDUyLThkNDUtYjI2MmEyNTE0NTgxLzEuanBnIl0sWyJwIiwiZW5jb2RlIiwianBnIiwiLXF1YWxpdHkgODAiXSxbInAiLCJ0aHVtYiIsIjU5MHg1OTBcdTAwM2UiXV0?sha=77a49e5030e75466\" alt=\"\" \/><\/div>\n<\/div>\n","protected":false},"excerpt":{"rendered":"<p>T\u00fcrk D\u00f6vl\u0259tl\u0259ri T\u0259\u015fkilat\u0131n\u0131n (TDT) m\u00fcs\u0259lman dini liderl\u0259ri F\u0259xri xiyaban\u0131 ziyar\u0259t edibl\u0259r. N\u00fcmay\u0259nd\u0259 hey\u0259ti F\u0259xri xiyabanda \u00fcmummilli lider Heyd\u0259r \u018fliyevin xatir\u0259sini yad edib, m\u0259zar\u0131 \u00f6n\u00fcn\u0259 g\u00fcl d\u0259st\u0259l\u0259ri qoyublar. G\u00f6rk\u0259mli oftalmoloq-alim, akademik Z\u0259rif\u0259 \u018fliyevan\u0131n da m\u0259zar\u0131 \u00fcz\u0259rin\u0259 g\u00fcll\u0259r d\u00fcz\u00fcl\u00fcb. Sonra \u015e\u0259hidl\u0259r xiyaban\u0131na v\u0259 T\u00fcrk \u015f\u0259hidliyin\u0259 ged\u0259n din xadiml\u0259ri \u00f6lk\u0259mizin azadl\u0131\u011f\u0131 v\u0259 \u0259razi b\u00fct\u00f6vl\u00fcy\u00fc u\u011frunda m\u00fcbariz\u0259d\u0259 canlar\u0131ndan ke\u00e7mi\u015f q\u0259hr\u0259man V\u0259t\u0259n \u00f6vladlar\u0131n\u0131n xatir\u0259sini ehtiramla yad edibl\u0259r. &nbsp;<\/p>\n","protected":false},"author":2,"featured_media":525156,"comment_status":"closed","ping_status":"closed","sticky":false,"template":"","format":"standard","meta":{"om_disable_all_campaigns":false,"_monsterinsights_skip_tracking":false,"_monsterinsights_sitenote_active":false,"_monsterinsights_sitenote_note":"","_monsterinsights_sitenote_category":0},"categories":[4],"tags":[],"aioseo_notices":[],"gutentor_comment":0,"rttpg_featured_image_url":{"full":["https:\/\/arantv.az\/wp-content\/uploads\/2022\/10\/tyu.jpg",620,413,false],"landscape":["https:\/\/arantv.az\/wp-content\/uploads\/2022\/10\/tyu.jpg",620,413,false],"portraits":["https:\/\/arantv.az\/wp-content\/uploads\/2022\/10\/tyu.jpg",620,413,false],"thumbnail":["https:\/\/arantv.az\/wp-content\/uploads\/2022\/10\/tyu-500x280.jpg",500,280,true],"medium":["https:\/\/arantv.az\/wp-content\/uploads\/2022\/10\/tyu-548x365.jpg",548,365,true],"large":["https:\/\/arantv.az\/wp-content\/uploads\/2022\/10\/tyu.jpg",620,413,false],"1536x1536":["https:\/\/arantv.az\/wp-content\/uploads\/2022\/10\/tyu.jpg",620,413,false],"2048x2048":["https:\/\/arantv.az\/wp-content\/uploads\/2022\/10\/tyu.jpg",620,413,false],"post-thumbnail":["https:\/\/arantv.az\/wp-content\/uploads\/2022\/10\/tyu-240x172.jpg",240,172,true],"advps-thumb-one":["https:\/\/arantv.az\/wp-content\/uploads\/2022\/10\/tyu.jpg",620,413,false]},"rttpg_author":{"display_name":"V\u00fcsal Rafiqo\u011flu","author_link":"https:\/\/arantv.az\/?author=2"},"rttpg_comment":0,"rttpg_category":"<a href=\"https:\/\/arantv.az\/?cat=4\" rel=\"category\">Siyas\u0259t<\/a>","rttpg_excerpt":"T\u00fcrk D\u00f6vl\u0259tl\u0259ri T\u0259\u015fkilat\u0131n\u0131n (TDT) m\u00fcs\u0259lman dini liderl\u0259ri F\u0259xri xiyaban\u0131 ziyar\u0259t edibl\u0259r. N\u00fcmay\u0259nd\u0259 hey\u0259ti F\u0259xri xiyabanda \u00fcmummilli lider Heyd\u0259r \u018fliyevin xatir\u0259sini yad edib, m\u0259zar\u0131 \u00f6n\u00fcn\u0259 g\u00fcl d\u0259st\u0259l\u0259ri qoyublar. G\u00f6rk\u0259mli oftalmoloq-alim, akademik Z\u0259rif\u0259 \u018fliyevan\u0131n da m\u0259zar\u0131 \u00fcz\u0259rin\u0259 g\u00fcll\u0259r d\u00fcz\u00fcl\u00fcb. Sonra \u015e\u0259hidl\u0259r xiyaban\u0131na v\u0259 T\u00fcrk \u015f\u0259hidliyin\u0259 ged\u0259n din xadiml\u0259ri \u00f6lk\u0259mizin azadl\u0131\u011f\u0131 v\u0259 \u0259razi b\u00fct\u00f6vl\u00fcy\u00fc u\u011frunda m\u00fcbariz\u0259d\u0259 canlar\u0131ndan ke\u00e7mi\u015f&hellip;","_links":{"self":[{"href":"https:\/\/arantv.az\/index.php?rest_route=\/wp\/v2\/posts\/525155"}],"collection":[{"href":"https:\/\/arantv.az\/index.php?rest_route=\/wp\/v2\/posts"}],"about":[{"href":"https:\/\/arantv.az\/index.php?rest_route=\/wp\/v2\/types\/post"}],"author":[{"embeddable":true,"href":"https:\/\/arantv.az\/index.php?rest_route=\/wp\/v2\/users\/2"}],"replies":[{"embeddable":true,"href":"https:\/\/arantv.az\/index.php?rest_route=%2Fwp%2Fv2%2Fcomments&post=525155"}],"version-history":[{"count":0,"href":"https:\/\/arantv.az\/index.php?rest_route=\/wp\/v2\/posts\/525155\/revisions"}],"wp:featuredmedia":[{"embeddable":true,"href":"https:\/\/arantv.az\/index.php?rest_route=\/wp\/v2\/media\/525156"}],"wp:attachment":[{"href":"https:\/\/arantv.az\/index.php?rest_route=%2Fwp%2Fv2%2Fmedia&parent=525155"}],"wp:term":[{"taxonomy":"category","embeddable":true,"href":"https:\/\/arantv.az\/index.php?rest_route=%2Fwp%2Fv2%2Fcategories&post=525155"},{"taxonomy":"post_tag","embeddable":true,"href":"https:\/\/arantv.az\/index.php?rest_route=%2Fwp%2Fv2%2Ftags&post=525155"}],"curies":[{"name":"wp","href":"https:\/\/api.w.org\/{rel}","templated":true}]}}