{"id":525158,"date":"2022-10-19T10:32:36","date_gmt":"2022-10-19T07:32:36","guid":{"rendered":"https:\/\/arantv.az\/?p=525158"},"modified":"2022-10-19T10:32:36","modified_gmt":"2022-10-19T07:32:36","slug":"iranli-idmanci-beyn%c9%99lxalq-yarisda-hicabsiz-cixis-etdi-q%c9%99fild%c9%99n-yoxa-cixdi-foto","status":"publish","type":"post","link":"https:\/\/arantv.az\/?p=525158","title":{"rendered":"\u0130ranl\u0131 idman\u00e7\u0131 beyn\u0259lxalq yar\u0131\u015fda hicabs\u0131z \u00e7\u0131x\u0131\u015f etdi: Q\u0259fild\u0259n yoxa \u00e7\u0131xd\u0131 &#8211; FOTO"},"content":{"rendered":"<p>\u0130ranl\u0131 alpinist q\u0131z C\u0259nubi Koreyada ke\u00e7iril\u0259n beyn\u0259lxalq yar\u0131\u015flarda hicabs\u0131z i\u015ftirak edib.<\/p>\n<p>Bundan sonra idman\u00e7\u0131 \u00f6lk\u0259ni t\u0259rk edib.<\/p>\n<div class=\"AdviadNativeVideo\"><\/div>\n<p>Onun \u00e7empionat\u0131 vaxt\u0131ndan \u0259vv\u0259l t\u0259rk etm\u0259k m\u0259cburiyy\u0259tind\u0259 qald\u0131\u011f\u0131 iddia edilir. H\u0259m\u00e7inin idman\u00e7\u0131n\u0131n v\u0259t\u0259nind\u0259 h\u0259bs olunaca\u011f\u0131 da ehtimal edilir.<\/p>\n<p>Elnaz Rekabi adl\u0131 alpinist Beyn\u0259lxalq D\u0131rmanma Federasiyas\u0131n\u0131n Asiya \u00e7empionat\u0131n\u0131n baza g\u00fcn\u00fc ke\u00e7iril\u0259n final oyununda hicab geyinm\u0259yib. Rekabinin hicabdan imtina etm\u0259k q\u0259rar\u0131 is\u0259 \u0130randa 22 ya\u015fl\u0131 M\u0259hsa \u018fmininin \u00f6l\u00fcm\u00fc il\u0259 ba\u015flayan etirazlar fonunda verilib.<\/p>\n<p>Daha sonra Rekabiy\u0259 aid ola bil\u0259c\u0259k \u201cInstagram\u201d hesab\u0131nda onun bu bar\u0259d\u0259 a\u00e7\u0131qlamas\u0131 yer al\u0131b. \u0130dman\u00e7\u0131 ba\u015f\u0131a\u00e7\u0131q \u00e7\u0131x\u0131\u015f\u0131n\u0131n \u201ct\u0259sad\u00fcf\u201d oldu\u011fu il\u0259 ba\u011fl\u0131 izahat verib. Ancaq bu a\u00e7\u0131qlaman\u0131 q\u0131z\u0131n \u00f6z\u00fcn\u00fcn yaz\u0131b-yazmad\u0131\u011f\u0131 d\u0259qiq bilinmir. Eyni zamanda onun harada v\u0259 hans\u0131 v\u0259ziyy\u0259td\u0259 oldu\u011fu da m\u0259lum deyil. \u00c7\u00fcnki \u0130ran h\u00f6kum\u0259ti \u00f6lk\u0259 daxilind\u0259 v\u0259 xaricind\u0259ki f\u0259allara m\u00fct\u0259madi olaraq t\u0259zyiq g\u00f6st\u0259rir.<\/p>\n<p>\u0130ran\u0131n C\u0259nubi Koreyadak\u0131 s\u0259firliyinin m\u0259lumat\u0131na g\u00f6r\u0259, Rekabi \u00e7\u0259r\u015f\u0259nb\u0259 ax\u015fam\u0131 s\u0259h\u0259r u\u00e7u\u015fu il\u0259 Seuldan ayr\u0131l\u0131b. Eyni zamanda bu \u00f6lk\u0259d\u0259 geni\u015f \u0259laq\u0259l\u0259ri olan BBC-nin (orada f\u0259aliyy\u0259ti qada\u011fan olunsa da) Fars agentliyi ad\u0131 a\u00e7\u0131qlanmayan m\u0259lumatl\u0131 m\u0259nb\u0259y\u0259 istinad\u0259n bildirib ki, \u0130ran r\u0259smil\u0259ri Rekabinin mobil telefonunu v\u0259 pasportunu \u0259l\u0259 ke\u00e7iribl\u0259r.<\/p>\n<p>\u0130randa dig\u0259r bir internet sayt\u0131 olan \u201cIranWire\u201d is\u0259 iddia edib ki, Rekabi \u00f6lk\u0259y\u0259 daxil olan kimi d\u0259rhal Tehran\u0131n m\u0259\u015fhur b\u0259dnam Evin h\u0259bsxanas\u0131na k\u00f6\u00e7\u00fcr\u00fcl\u0259c\u0259k.<\/p>\n<p>\u0130ran\u0131n Seuldak\u0131 s\u0259firliyi \u00f6z \u201cTwitter\u201d hesab\u0131nda Rekabinin \u00e7\u0259r\u015f\u0259nb\u0259 ax\u015fam\u0131 getm\u0259si il\u0259 ba\u011fl\u0131 m\u0259lumatlar\u0131 t\u0259kzib edib v\u0259 bunu dezinformasiya adland\u0131r\u0131b. Lakin onun Seuldak\u0131 m\u00fcsabiq\u0259d\u0259n fotosu \u0259v\u0259zin\u0259, b\u00fcr\u00fcnc medal qazand\u0131\u011f\u0131 Moskvada \u0259vv\u0259lki yar\u0131\u015fmadan olan hicabl\u0131 \u015f\u0259kli d\u0259rc edilib.<\/p>\n<p>\u0130ran\u0131n Seuldak\u0131 s\u0259firliyi is\u0259 bununla ba\u011fl\u0131 z\u0259ngl\u0259ri cavabs\u0131z qoyub.<\/p>\n<p>&nbsp;<\/p>\n<div class=\"gallery\">\n<div class=\"gallery-i\"><img src=\"https:\/\/cdn.oxu.az\/uploads\/W1siZiIsIjIwMjIvMTAvMTkvMTAvMDUvMDMvNmFmNWY3N2YtZDY2MC00YWU0LThmZGMtOWJhNjExNTgwMTQ5L0ZvdG9KZXQgLSAyMDIyLTEwLTE5VDEwMDQwOS42NDIuanBnIl0sWyJwIiwiZW5jb2RlIiwianBnIiwiLXF1YWxpdHkgODAiXSxbInAiLCJ0aHVtYiIsIjU5MHg1OTBcdTAwM2UiXV0?sha=a9699f1ac0b80cee\" alt=\"\" \/><\/p>\n<div class=\"gallery-i-caption\"><\/div>\n<\/div>\n<div class=\"gallery-i\"><img src=\"https:\/\/cdn.oxu.az\/uploads\/W1siZiIsIjIwMjIvMTAvMTkvMTAvMDUvMDQvNGExZmM3ZjYtMjgyYS00MDkyLWEyY2QtOThlNTE2MjU0ODk5L0ZvdG9KZXQgLSAyMDIyLTEwLTE5VDEwMDIyNC45MzMuanBnIl0sWyJwIiwiZW5jb2RlIiwianBnIiwiLXF1YWxpdHkgODAiXSxbInAiLCJ0aHVtYiIsIjU5MHg1OTBcdTAwM2UiXV0?sha=ab9b44b58cb2d8e7\" alt=\"\" \/><\/p>\n<div class=\"gallery-i-caption\"><\/div>\n<\/div>\n<div class=\"gallery-i\"><img src=\"https:\/\/cdn.oxu.az\/uploads\/W1siZiIsIjIwMjIvMTAvMTkvMTAvMDUvMDQvN2Q5NjRhYTgtYWVmYi00NjEyLTk3M2QtNzQ0ZjZjZjQyMjdkL0ZvdG9KZXQgLSAyMDIyLTEwLTE5VDEwMDIwNS4xOTYuanBnIl0sWyJwIiwiZW5jb2RlIiwianBnIiwiLXF1YWxpdHkgODAiXSxbInAiLCJ0aHVtYiIsIjU5MHg1OTBcdTAwM2UiXV0?sha=620d05a85c51cccd\" alt=\"\" \/><\/p>\n<div class=\"gallery-i-caption\"><\/div>\n<\/div>\n<div class=\"gallery-i\"><img src=\"https:\/\/cdn.oxu.az\/uploads\/W1siZiIsIjIwMjIvMTAvMTkvMTAvMDUvMDQvYzE1NDc1OWYtYWU3NS00NTc0LWI0ZmQtOWRiNzY1YjM2YzlhL0ZvdG9KZXQgLSAyMDIyLTEwLTE5VDEwMDE0Ny4zMzAuanBnIl0sWyJwIiwiZW5jb2RlIiwianBnIiwiLXF1YWxpdHkgODAiXSxbInAiLCJ0aHVtYiIsIjU5MHg1OTBcdTAwM2UiXV0?sha=62c8873f77482067\" alt=\"\" \/><\/p>\n<div class=\"gallery-i-caption\"><\/div>\n<\/div>\n<\/div>\n<p>M\u0259nb\u0259: AN.ua<\/p>\n","protected":false},"excerpt":{"rendered":"<p>\u0130ranl\u0131 alpinist q\u0131z C\u0259nubi Koreyada ke\u00e7iril\u0259n beyn\u0259lxalq yar\u0131\u015flarda hicabs\u0131z i\u015ftirak edib. Bundan sonra idman\u00e7\u0131 \u00f6lk\u0259ni t\u0259rk edib. Onun \u00e7empionat\u0131 vaxt\u0131ndan \u0259vv\u0259l t\u0259rk etm\u0259k m\u0259cburiyy\u0259tind\u0259 qald\u0131\u011f\u0131 iddia edilir. H\u0259m\u00e7inin idman\u00e7\u0131n\u0131n v\u0259t\u0259nind\u0259 h\u0259bs olunaca\u011f\u0131 da ehtimal edilir. Elnaz Rekabi adl\u0131 alpinist Beyn\u0259lxalq D\u0131rmanma Federasiyas\u0131n\u0131n Asiya \u00e7empionat\u0131n\u0131n baza g\u00fcn\u00fc ke\u00e7iril\u0259n final oyununda hicab geyinm\u0259yib. Rekabinin hicabdan imtina etm\u0259k q\u0259rar\u0131 is\u0259 \u0130randa 22 ya\u015fl\u0131 M\u0259hsa \u018fmininin \u00f6l\u00fcm\u00fc il\u0259 ba\u015flayan etirazlar fonunda verilib. Daha sonra Rekabiy\u0259 aid ola bil\u0259c\u0259k \u201cInstagram\u201d hesab\u0131nda onun bu bar\u0259d\u0259 a\u00e7\u0131qlamas\u0131 yer al\u0131b. \u0130dman\u00e7\u0131 ba\u015f\u0131a\u00e7\u0131q \u00e7\u0131x\u0131\u015f\u0131n\u0131n \u201ct\u0259sad\u00fcf\u201d oldu\u011fu il\u0259 ba\u011fl\u0131 izahat&hellip;<\/p>\n","protected":false},"author":2,"featured_media":525159,"comment_status":"closed","ping_status":"closed","sticky":false,"template":"","format":"standard","meta":{"om_disable_all_campaigns":false,"_monsterinsights_skip_tracking":false,"_monsterinsights_sitenote_active":false,"_monsterinsights_sitenote_note":"","_monsterinsights_sitenote_category":0},"categories":[6],"tags":[],"aioseo_notices":[],"gutentor_comment":0,"rttpg_featured_image_url":{"full":["https:\/\/arantv.az\/wp-content\/uploads\/2022\/10\/FotoJet-2022-10-19T100147.330.jpg",620,413,false],"landscape":["https:\/\/arantv.az\/wp-content\/uploads\/2022\/10\/FotoJet-2022-10-19T100147.330.jpg",620,413,false],"portraits":["https:\/\/arantv.az\/wp-content\/uploads\/2022\/10\/FotoJet-2022-10-19T100147.330.jpg",620,413,false],"thumbnail":["https:\/\/arantv.az\/wp-content\/uploads\/2022\/10\/FotoJet-2022-10-19T100147.330-500x280.jpg",500,280,true],"medium":["https:\/\/arantv.az\/wp-content\/uploads\/2022\/10\/FotoJet-2022-10-19T100147.330-548x365.jpg",548,365,true],"large":["https:\/\/arantv.az\/wp-content\/uploads\/2022\/10\/FotoJet-2022-10-19T100147.330.jpg",620,413,false],"1536x1536":["https:\/\/arantv.az\/wp-content\/uploads\/2022\/10\/FotoJet-2022-10-19T100147.330.jpg",620,413,false],"2048x2048":["https:\/\/arantv.az\/wp-content\/uploads\/2022\/10\/FotoJet-2022-10-19T100147.330.jpg",620,413,false],"post-thumbnail":["https:\/\/arantv.az\/wp-content\/uploads\/2022\/10\/FotoJet-2022-10-19T100147.330-240x172.jpg",240,172,true],"advps-thumb-one":["https:\/\/arantv.az\/wp-content\/uploads\/2022\/10\/FotoJet-2022-10-19T100147.330.jpg",620,413,false]},"rttpg_author":{"display_name":"V\u00fcsal Rafiqo\u011flu","author_link":"https:\/\/arantv.az\/?author=2"},"rttpg_comment":0,"rttpg_category":"<a href=\"https:\/\/arantv.az\/?cat=6\" rel=\"category\">\u0130dman<\/a>","rttpg_excerpt":"\u0130ranl\u0131 alpinist q\u0131z C\u0259nubi Koreyada ke\u00e7iril\u0259n beyn\u0259lxalq yar\u0131\u015flarda hicabs\u0131z i\u015ftirak edib. Bundan sonra idman\u00e7\u0131 \u00f6lk\u0259ni t\u0259rk edib. Onun \u00e7empionat\u0131 vaxt\u0131ndan \u0259vv\u0259l t\u0259rk etm\u0259k m\u0259cburiyy\u0259tind\u0259 qald\u0131\u011f\u0131 iddia edilir. H\u0259m\u00e7inin idman\u00e7\u0131n\u0131n v\u0259t\u0259nind\u0259 h\u0259bs olunaca\u011f\u0131 da ehtimal edilir. Elnaz Rekabi adl\u0131 alpinist Beyn\u0259lxalq D\u0131rmanma Federasiyas\u0131n\u0131n Asiya \u00e7empionat\u0131n\u0131n baza g\u00fcn\u00fc ke\u00e7iril\u0259n final oyununda hicab geyinm\u0259yib. Rekabinin hicabdan imtina etm\u0259k&hellip;","_links":{"self":[{"href":"https:\/\/arantv.az\/index.php?rest_route=\/wp\/v2\/posts\/525158"}],"collection":[{"href":"https:\/\/arantv.az\/index.php?rest_route=\/wp\/v2\/posts"}],"about":[{"href":"https:\/\/arantv.az\/index.php?rest_route=\/wp\/v2\/types\/post"}],"author":[{"embeddable":true,"href":"https:\/\/arantv.az\/index.php?rest_route=\/wp\/v2\/users\/2"}],"replies":[{"embeddable":true,"href":"https:\/\/arantv.az\/index.php?rest_route=%2Fwp%2Fv2%2Fcomments&post=525158"}],"version-history":[{"count":0,"href":"https:\/\/arantv.az\/index.php?rest_route=\/wp\/v2\/posts\/525158\/revisions"}],"wp:featuredmedia":[{"embeddable":true,"href":"https:\/\/arantv.az\/index.php?rest_route=\/wp\/v2\/media\/525159"}],"wp:attachment":[{"href":"https:\/\/arantv.az\/index.php?rest_route=%2Fwp%2Fv2%2Fmedia&parent=525158"}],"wp:term":[{"taxonomy":"category","embeddable":true,"href":"https:\/\/arantv.az\/index.php?rest_route=%2Fwp%2Fv2%2Fcategories&post=525158"},{"taxonomy":"post_tag","embeddable":true,"href":"https:\/\/arantv.az\/index.php?rest_route=%2Fwp%2Fv2%2Ftags&post=525158"}],"curies":[{"name":"wp","href":"https:\/\/api.w.org\/{rel}","templated":true}]}}