{"id":525171,"date":"2022-10-19T10:43:57","date_gmt":"2022-10-19T07:43:57","guid":{"rendered":"https:\/\/arantv.az\/?p=525171"},"modified":"2022-10-19T10:43:57","modified_gmt":"2022-10-19T07:43:57","slug":"ilham-%c9%99liyev-rebuild-karabakh-s%c9%99rgisi-faydali-isguzar-muhitin-yeni-modelini-yaradacaq","status":"publish","type":"post","link":"https:\/\/arantv.az\/?p=525171","title":{"rendered":"\u0130lham \u018fliyev: \u201cRebuild Karabakh\u201d S\u0259rgisi faydal\u0131 i\u015fg\u00fczar m\u00fchitin yeni modelini yaradacaq\u201d"},"content":{"rendered":"<p>\u201c\u0130\u015f\u011faldan azad edilmi\u015f \u0259razil\u0259rd\u0259 h\u0259yata ke\u00e7iril\u0259n b\u0259rpa-quruculuq i\u015fl\u0259ri apar\u0131c\u0131 biznes dair\u0259si il\u0259 birg\u0259 \u0259m\u0259kda\u015fl\u0131\u011fa, d\u00f6vl\u0259t\u2012\u00f6z\u0259l t\u0259r\u0259fda\u015fl\u0131\u011f\u0131n\u0131n, habel\u0259 regionda sabitliyin v\u0259 inki\u015faf\u0131n qorunmas\u0131na m\u00fch\u00fcm z\u0259min yarad\u0131r. Bu \u0259sasda art\u0131q ikinci d\u0259f\u0259 t\u0259\u015fkil edil\u0259n, m\u00fcasir ideyalar, innovativ h\u0259ll\u0259r v\u0259 s\u0259m\u0259r\u0259li t\u0259\u015f\u0259bb\u00fcsl\u0259rl\u0259 z\u0259ngin olan \u201cRebuild Karabakh\u201d S\u0259rgisi faydal\u0131 i\u015fg\u00fczar m\u00fchitin yeni modelini yaradacaq\u201d.<\/p>\n<div class=\"AdviadNativeVideo\"><\/div>\n<p><a href=\"https:\/\/azertag.az\/xeber\/Prezident_Ilham_Aliyev_Rebuild_Karabakh_Sergisi_faydali_isguzar_muhitin_yeni_modelini_yaradacaq-2339942\" target=\"_blank\" rel=\"noopener\">AZ\u018fRTAC<\/a>\u00a0x\u0259b\u0259r verir ki, bu bar\u0259d\u0259 Prezident\u00a0<strong>\u0130lham \u018fliyev<\/strong>\u00a0\u201cRebuild Karabakh\u201d S\u0259rgisinin v\u0259 27-ci Az\u0259rbaycan Beyn\u0259lxalq \u0130n\u015faat S\u0259rgisinin i\u015ftirak\u00e7\u0131lar\u0131na m\u0259ktubunda bildirib.<\/p>\n<p>D\u00f6vl\u0259timizin ba\u015f\u00e7\u0131s\u0131 s\u0259rgi \u00e7\u0259r\u00e7iv\u0259sind\u0259 qabaqc\u0131l biznes subyektl\u0259rini yaranm\u0131\u015f f\u00fcrs\u0259tl\u0259rd\u0259n faydalanaraq, \u0259razil\u0259rimizin b\u0259rpas\u0131na d\u0259st\u0259k olan b\u00fct\u00fcn s\u0259yl\u0259rini v\u0259 yarad\u0131c\u0131 ideyalar\u0131n\u0131 bir araya g\u0259tirm\u0259y\u0259 d\u0259v\u0259t edib.<\/p>\n<p>\u201c\u018fmin\u0259m ki, \u201cRebuild Karabakh\u201d S\u0259rgisi m\u0259hsuldarl\u0131\u011f\u0131na v\u0259 \u0259ld\u0259 olunmu\u015f n\u0259tic\u0259l\u0259r\u0259 g\u00f6r\u0259 maraql\u0131 m\u0259qamlarla yadda qalacaq, s\u0259rgi \u00e7\u0259r\u00e7iv\u0259sind\u0259 ke\u00e7iril\u0259n g\u00f6r\u00fc\u015fl\u0259r, m\u00fczakir\u0259l\u0259r v\u0259 yeni t\u0259\u015f\u0259bb\u00fcsl\u0259r i\u015fg\u00fczar \u0259laq\u0259l\u0259r \u00fc\u00e7\u00fcn \u0259lveri\u015fli platforma olacaq, Qaraba\u011f\u0131n v\u0259 \u015e\u0259rqi Z\u0259ng\u0259zurun b\u0259rpas\u0131 v\u0259 yenid\u0259n qurulmas\u0131 namin\u0259 g\u00f6st\u0259ril\u0259n b\u00fct\u00fcn s\u0259yl\u0259rin v\u0259 t\u0259\u015f\u0259bb\u00fcsl\u0259rin u\u011furla ger\u00e7\u0259kl\u0259\u015fm\u0259sin\u0259 \u00f6z t\u00f6hf\u0259sini ver\u0259c\u0259kdir\u201d, &#8211; dey\u0259 m\u0259ktubda vur\u011fulan\u0131b.<\/p>\n","protected":false},"excerpt":{"rendered":"<p>\u201c\u0130\u015f\u011faldan azad edilmi\u015f \u0259razil\u0259rd\u0259 h\u0259yata ke\u00e7iril\u0259n b\u0259rpa-quruculuq i\u015fl\u0259ri apar\u0131c\u0131 biznes dair\u0259si il\u0259 birg\u0259 \u0259m\u0259kda\u015fl\u0131\u011fa, d\u00f6vl\u0259t\u2012\u00f6z\u0259l t\u0259r\u0259fda\u015fl\u0131\u011f\u0131n\u0131n, habel\u0259 regionda sabitliyin v\u0259 inki\u015faf\u0131n qorunmas\u0131na m\u00fch\u00fcm z\u0259min yarad\u0131r. Bu \u0259sasda art\u0131q ikinci d\u0259f\u0259 t\u0259\u015fkil edil\u0259n, m\u00fcasir ideyalar, innovativ h\u0259ll\u0259r v\u0259 s\u0259m\u0259r\u0259li t\u0259\u015f\u0259bb\u00fcsl\u0259rl\u0259 z\u0259ngin olan \u201cRebuild Karabakh\u201d S\u0259rgisi faydal\u0131 i\u015fg\u00fczar m\u00fchitin yeni modelini yaradacaq\u201d. AZ\u018fRTAC\u00a0x\u0259b\u0259r verir ki, bu bar\u0259d\u0259 Prezident\u00a0\u0130lham \u018fliyev\u00a0\u201cRebuild Karabakh\u201d S\u0259rgisinin v\u0259 27-ci Az\u0259rbaycan Beyn\u0259lxalq \u0130n\u015faat S\u0259rgisinin i\u015ftirak\u00e7\u0131lar\u0131na m\u0259ktubunda bildirib. D\u00f6vl\u0259timizin ba\u015f\u00e7\u0131s\u0131 s\u0259rgi \u00e7\u0259r\u00e7iv\u0259sind\u0259 qabaqc\u0131l biznes subyektl\u0259rini yaranm\u0131\u015f f\u00fcrs\u0259tl\u0259rd\u0259n faydalanaraq, \u0259razil\u0259rimizin b\u0259rpas\u0131na d\u0259st\u0259k olan b\u00fct\u00fcn s\u0259yl\u0259rini v\u0259 yarad\u0131c\u0131 ideyalar\u0131n\u0131 bir araya g\u0259tirm\u0259y\u0259&hellip;<\/p>\n","protected":false},"author":2,"featured_media":525172,"comment_status":"closed","ping_status":"closed","sticky":false,"template":"","format":"standard","meta":{"om_disable_all_campaigns":false,"_monsterinsights_skip_tracking":false,"_monsterinsights_sitenote_active":false,"_monsterinsights_sitenote_note":"","_monsterinsights_sitenote_category":0},"categories":[4],"tags":[],"aioseo_notices":[],"gutentor_comment":0,"rttpg_featured_image_url":{"full":["https:\/\/arantv.az\/wp-content\/uploads\/2022\/10\/bf5f9c2d-a7d5-346c-b9f6-730d8dec30c3_850-1-1-1.jpg",620,413,false],"landscape":["https:\/\/arantv.az\/wp-content\/uploads\/2022\/10\/bf5f9c2d-a7d5-346c-b9f6-730d8dec30c3_850-1-1-1.jpg",620,413,false],"portraits":["https:\/\/arantv.az\/wp-content\/uploads\/2022\/10\/bf5f9c2d-a7d5-346c-b9f6-730d8dec30c3_850-1-1-1.jpg",620,413,false],"thumbnail":["https:\/\/arantv.az\/wp-content\/uploads\/2022\/10\/bf5f9c2d-a7d5-346c-b9f6-730d8dec30c3_850-1-1-1-500x280.jpg",500,280,true],"medium":["https:\/\/arantv.az\/wp-content\/uploads\/2022\/10\/bf5f9c2d-a7d5-346c-b9f6-730d8dec30c3_850-1-1-1-548x365.jpg",548,365,true],"large":["https:\/\/arantv.az\/wp-content\/uploads\/2022\/10\/bf5f9c2d-a7d5-346c-b9f6-730d8dec30c3_850-1-1-1.jpg",620,413,false],"1536x1536":["https:\/\/arantv.az\/wp-content\/uploads\/2022\/10\/bf5f9c2d-a7d5-346c-b9f6-730d8dec30c3_850-1-1-1.jpg",620,413,false],"2048x2048":["https:\/\/arantv.az\/wp-content\/uploads\/2022\/10\/bf5f9c2d-a7d5-346c-b9f6-730d8dec30c3_850-1-1-1.jpg",620,413,false],"post-thumbnail":["https:\/\/arantv.az\/wp-content\/uploads\/2022\/10\/bf5f9c2d-a7d5-346c-b9f6-730d8dec30c3_850-1-1-1-240x172.jpg",240,172,true],"advps-thumb-one":["https:\/\/arantv.az\/wp-content\/uploads\/2022\/10\/bf5f9c2d-a7d5-346c-b9f6-730d8dec30c3_850-1-1-1.jpg",620,413,false]},"rttpg_author":{"display_name":"V\u00fcsal Rafiqo\u011flu","author_link":"https:\/\/arantv.az\/?author=2"},"rttpg_comment":0,"rttpg_category":"<a href=\"https:\/\/arantv.az\/?cat=4\" rel=\"category\">Siyas\u0259t<\/a>","rttpg_excerpt":"\u201c\u0130\u015f\u011faldan azad edilmi\u015f \u0259razil\u0259rd\u0259 h\u0259yata ke\u00e7iril\u0259n b\u0259rpa-quruculuq i\u015fl\u0259ri apar\u0131c\u0131 biznes dair\u0259si il\u0259 birg\u0259 \u0259m\u0259kda\u015fl\u0131\u011fa, d\u00f6vl\u0259t\u2012\u00f6z\u0259l t\u0259r\u0259fda\u015fl\u0131\u011f\u0131n\u0131n, habel\u0259 regionda sabitliyin v\u0259 inki\u015faf\u0131n qorunmas\u0131na m\u00fch\u00fcm z\u0259min yarad\u0131r. Bu \u0259sasda art\u0131q ikinci d\u0259f\u0259 t\u0259\u015fkil edil\u0259n, m\u00fcasir ideyalar, innovativ h\u0259ll\u0259r v\u0259 s\u0259m\u0259r\u0259li t\u0259\u015f\u0259bb\u00fcsl\u0259rl\u0259 z\u0259ngin olan \u201cRebuild Karabakh\u201d S\u0259rgisi faydal\u0131 i\u015fg\u00fczar m\u00fchitin yeni modelini yaradacaq\u201d. AZ\u018fRTAC\u00a0x\u0259b\u0259r verir ki, bu bar\u0259d\u0259&hellip;","_links":{"self":[{"href":"https:\/\/arantv.az\/index.php?rest_route=\/wp\/v2\/posts\/525171"}],"collection":[{"href":"https:\/\/arantv.az\/index.php?rest_route=\/wp\/v2\/posts"}],"about":[{"href":"https:\/\/arantv.az\/index.php?rest_route=\/wp\/v2\/types\/post"}],"author":[{"embeddable":true,"href":"https:\/\/arantv.az\/index.php?rest_route=\/wp\/v2\/users\/2"}],"replies":[{"embeddable":true,"href":"https:\/\/arantv.az\/index.php?rest_route=%2Fwp%2Fv2%2Fcomments&post=525171"}],"version-history":[{"count":0,"href":"https:\/\/arantv.az\/index.php?rest_route=\/wp\/v2\/posts\/525171\/revisions"}],"wp:featuredmedia":[{"embeddable":true,"href":"https:\/\/arantv.az\/index.php?rest_route=\/wp\/v2\/media\/525172"}],"wp:attachment":[{"href":"https:\/\/arantv.az\/index.php?rest_route=%2Fwp%2Fv2%2Fmedia&parent=525171"}],"wp:term":[{"taxonomy":"category","embeddable":true,"href":"https:\/\/arantv.az\/index.php?rest_route=%2Fwp%2Fv2%2Fcategories&post=525171"},{"taxonomy":"post_tag","embeddable":true,"href":"https:\/\/arantv.az\/index.php?rest_route=%2Fwp%2Fv2%2Ftags&post=525171"}],"curies":[{"name":"wp","href":"https:\/\/api.w.org\/{rel}","templated":true}]}}