{"id":52780,"date":"2019-04-24T15:43:48","date_gmt":"2019-04-24T12:43:48","guid":{"rendered":"http:\/\/arantv.az\/?p=52780"},"modified":"2019-04-24T15:43:48","modified_gmt":"2019-04-24T12:43:48","slug":"az%c9%99rbaycan-xin-erm%c9%99ni-t%c9%99r%c9%99finin-b%c9%99yanati-munaqis%c9%99d%c9%99-m%c9%99hz-iki-t%c9%99r%c9%99fin-movcudlugunu-novb%c9%99ti-d%c9%99f%c9%99-subut-edir","status":"publish","type":"post","link":"https:\/\/arantv.az\/?p=52780","title":{"rendered":"Az\u0259rbaycan X\u0130N: &#8220;Erm\u0259ni t\u0259r\u0259finin b\u0259yanat\u0131 m\u00fcnaqi\u015f\u0259d\u0259 m\u0259hz iki t\u0259r\u0259fin m\u00f6vcudlu\u011funu n\u00f6vb\u0259ti d\u0259f\u0259 s\u00fcbut edir&#8221;"},"content":{"rendered":"<p><strong>Erm\u0259ni t\u0259r\u0259finin b\u0259yanat\u0131 m\u00fcnaqi\u015f\u0259d\u0259 m\u0259hz iki t\u0259r\u0259fin m\u00f6vcudlu\u011funu n\u00f6vb\u0259ti d\u0259f\u0259 s\u00fcbut edir.<\/strong><\/p>\n<p><strong>ARANTV.AZ<\/strong>\u00a0\u00a0<span style=\"color: #000000;\"><a style=\"color: #000000;\" href=\"http:\/\/az.trend.az\/\" target=\"_blank\" rel=\"noopener\">Trend<\/a><\/span>-\u0259 istinad\u0259n bildirir ki,\u00a0bunu Az\u0259rbaycan Xarici \u0130\u015fl\u0259r Nazirliyinin (X\u0130N) m\u0259tbuat katibi\u00a0<strong>Leyla Abdullayeva<\/strong>\u00a0erm\u0259ni h\u0259mkar\u0131n\u0131n b\u0259yanat\u0131n\u0131 \u015f\u0259rh ed\u0259rk\u0259n deyib.<\/p>\n<p>L.Abdullayeva bildirib: &#8220;Erm\u0259nistan-Az\u0259rbaycan Da\u011fl\u0131q Qaraba\u011f m\u00fcnaqi\u015f\u0259sinin h\u0259lli m\u0259s\u0259l\u0259sinin Avropa \u0130ttifaq\u0131-Erm\u0259nistan sazi\u015find\u0259 nec\u0259 \u0259ks olunmas\u0131n\u0131n detallar\u0131na varmadan, m\u0259n yaln\u0131z onu s\u00f6yl\u0259y\u0259 bil\u0259r\u0259m ki, erm\u0259ni t\u0259r\u0259finin bu b\u0259yanat\u0131 m\u00fcnaqi\u015f\u0259d\u0259 m\u0259hz iki t\u0259r\u0259fin, y\u0259ni Erm\u0259nistan v\u0259 Az\u0259rbaycan\u0131n m\u00f6vcudlu\u011funu v\u0259 he\u00e7 bir &#8220;\u00fc\u00e7\u00fcnc\u00fc t\u0259r\u0259f&#8221;in olmamas\u0131 bar\u0259d\u0259 h\u0259qiq\u0259tin d\u0259yi\u015film\u0259zliyini n\u00f6vb\u0259ti d\u0259f\u0259 s\u00fcbut edir&#8221;.<\/p>\n<p>Qeyd ed\u0259k ki, Erm\u0259nistan X\u0130N-in m\u0259tbuat katibi \u00f6z \u015f\u0259rhind\u0259 Avropa \u0130ttifaq\u0131n\u0131n (A\u0130) Qaraba\u011f m\u00fcnaqi\u015f\u0259sinin nizamlanmas\u0131 il\u0259 ba\u011fl\u0131 m\u00f6vqeyinin Erm\u0259nistan-Avropa \u0130ttifaq\u0131 h\u0259rt\u0259r\u0259fli v\u0259 geni\u015fl\u0259ndirilmi\u015f t\u0259r\u0259fda\u015fl\u0131\u011f\u0131 haqq\u0131nda sazi\u015find\u0259 ayd\u0131n ifad\u0259 olundu\u011funu v\u0259 orada dig\u0259r prinsipl\u0259rl\u0259 yana\u015f\u0131, \u00f6z m\u00fcq\u0259dd\u0259rat\u0131n\u0131 t\u0259yinetm\u0259 prinsipin\u0259 d\u0259 istinad edildiyini deyib.<\/p>\n","protected":false},"excerpt":{"rendered":"<p>Erm\u0259ni t\u0259r\u0259finin b\u0259yanat\u0131 m\u00fcnaqi\u015f\u0259d\u0259 m\u0259hz iki t\u0259r\u0259fin m\u00f6vcudlu\u011funu n\u00f6vb\u0259ti d\u0259f\u0259 s\u00fcbut edir. ARANTV.AZ\u00a0\u00a0Trend-\u0259 istinad\u0259n bildirir ki,\u00a0bunu Az\u0259rbaycan Xarici \u0130\u015fl\u0259r Nazirliyinin (X\u0130N) m\u0259tbuat katibi\u00a0Leyla Abdullayeva\u00a0erm\u0259ni h\u0259mkar\u0131n\u0131n b\u0259yanat\u0131n\u0131 \u015f\u0259rh ed\u0259rk\u0259n deyib. L.Abdullayeva bildirib: &#8220;Erm\u0259nistan-Az\u0259rbaycan Da\u011fl\u0131q Qaraba\u011f m\u00fcnaqi\u015f\u0259sinin h\u0259lli m\u0259s\u0259l\u0259sinin Avropa \u0130ttifaq\u0131-Erm\u0259nistan sazi\u015find\u0259 nec\u0259 \u0259ks olunmas\u0131n\u0131n detallar\u0131na varmadan, m\u0259n yaln\u0131z onu s\u00f6yl\u0259y\u0259 bil\u0259r\u0259m ki, erm\u0259ni t\u0259r\u0259finin bu b\u0259yanat\u0131 m\u00fcnaqi\u015f\u0259d\u0259 m\u0259hz iki t\u0259r\u0259fin, y\u0259ni Erm\u0259nistan v\u0259 Az\u0259rbaycan\u0131n m\u00f6vcudlu\u011funu v\u0259 he\u00e7 bir &#8220;\u00fc\u00e7\u00fcnc\u00fc t\u0259r\u0259f&#8221;in olmamas\u0131 bar\u0259d\u0259 h\u0259qiq\u0259tin d\u0259yi\u015film\u0259zliyini n\u00f6vb\u0259ti d\u0259f\u0259 s\u00fcbut edir&#8221;. Qeyd ed\u0259k ki, Erm\u0259nistan X\u0130N-in m\u0259tbuat katibi \u00f6z \u015f\u0259rhind\u0259 Avropa \u0130ttifaq\u0131n\u0131n (A\u0130) Qaraba\u011f&hellip;<\/p>\n","protected":false},"author":2,"featured_media":52782,"comment_status":"closed","ping_status":"closed","sticky":false,"template":"","format":"standard","meta":{"om_disable_all_campaigns":false,"_monsterinsights_skip_tracking":false,"_monsterinsights_sitenote_active":false,"_monsterinsights_sitenote_note":"","_monsterinsights_sitenote_category":0},"categories":[4],"tags":[],"aioseo_notices":[],"gutentor_comment":0,"rttpg_featured_image_url":{"full":["https:\/\/arantv.az\/wp-content\/uploads\/2019\/04\/749483.jpg",1200,900,false],"landscape":["https:\/\/arantv.az\/wp-content\/uploads\/2019\/04\/749483.jpg",1200,900,false],"portraits":["https:\/\/arantv.az\/wp-content\/uploads\/2019\/04\/749483.jpg",1200,900,false],"thumbnail":["https:\/\/arantv.az\/wp-content\/uploads\/2019\/04\/749483-150x150.jpg",150,150,true],"medium":["https:\/\/arantv.az\/wp-content\/uploads\/2019\/04\/749483-300x225.jpg",300,225,true],"large":["https:\/\/arantv.az\/wp-content\/uploads\/2019\/04\/749483-1024x768.jpg",640,480,true],"1536x1536":["https:\/\/arantv.az\/wp-content\/uploads\/2019\/04\/749483.jpg",1200,900,false],"2048x2048":["https:\/\/arantv.az\/wp-content\/uploads\/2019\/04\/749483.jpg",1200,900,false],"post-thumbnail":["https:\/\/arantv.az\/wp-content\/uploads\/2019\/04\/749483-240x172.jpg",240,172,true],"advps-thumb-one":["https:\/\/arantv.az\/wp-content\/uploads\/2019\/04\/749483-1200x620.jpg",1200,620,true]},"rttpg_author":{"display_name":"V\u00fcsal Rafiqo\u011flu","author_link":"https:\/\/arantv.az\/?author=2"},"rttpg_comment":0,"rttpg_category":"<a href=\"https:\/\/arantv.az\/?cat=4\" rel=\"category\">Siyas\u0259t<\/a>","rttpg_excerpt":"Erm\u0259ni t\u0259r\u0259finin b\u0259yanat\u0131 m\u00fcnaqi\u015f\u0259d\u0259 m\u0259hz iki t\u0259r\u0259fin m\u00f6vcudlu\u011funu n\u00f6vb\u0259ti d\u0259f\u0259 s\u00fcbut edir. ARANTV.AZ\u00a0\u00a0Trend-\u0259 istinad\u0259n bildirir ki,\u00a0bunu Az\u0259rbaycan Xarici \u0130\u015fl\u0259r Nazirliyinin (X\u0130N) m\u0259tbuat katibi\u00a0Leyla Abdullayeva\u00a0erm\u0259ni h\u0259mkar\u0131n\u0131n b\u0259yanat\u0131n\u0131 \u015f\u0259rh ed\u0259rk\u0259n deyib. L.Abdullayeva bildirib: &#8220;Erm\u0259nistan-Az\u0259rbaycan Da\u011fl\u0131q Qaraba\u011f m\u00fcnaqi\u015f\u0259sinin h\u0259lli m\u0259s\u0259l\u0259sinin Avropa \u0130ttifaq\u0131-Erm\u0259nistan sazi\u015find\u0259 nec\u0259 \u0259ks olunmas\u0131n\u0131n detallar\u0131na varmadan, m\u0259n yaln\u0131z onu s\u00f6yl\u0259y\u0259 bil\u0259r\u0259m ki, erm\u0259ni t\u0259r\u0259finin bu b\u0259yanat\u0131&hellip;","_links":{"self":[{"href":"https:\/\/arantv.az\/index.php?rest_route=\/wp\/v2\/posts\/52780"}],"collection":[{"href":"https:\/\/arantv.az\/index.php?rest_route=\/wp\/v2\/posts"}],"about":[{"href":"https:\/\/arantv.az\/index.php?rest_route=\/wp\/v2\/types\/post"}],"author":[{"embeddable":true,"href":"https:\/\/arantv.az\/index.php?rest_route=\/wp\/v2\/users\/2"}],"replies":[{"embeddable":true,"href":"https:\/\/arantv.az\/index.php?rest_route=%2Fwp%2Fv2%2Fcomments&post=52780"}],"version-history":[{"count":0,"href":"https:\/\/arantv.az\/index.php?rest_route=\/wp\/v2\/posts\/52780\/revisions"}],"wp:featuredmedia":[{"embeddable":true,"href":"https:\/\/arantv.az\/index.php?rest_route=\/wp\/v2\/media\/52782"}],"wp:attachment":[{"href":"https:\/\/arantv.az\/index.php?rest_route=%2Fwp%2Fv2%2Fmedia&parent=52780"}],"wp:term":[{"taxonomy":"category","embeddable":true,"href":"https:\/\/arantv.az\/index.php?rest_route=%2Fwp%2Fv2%2Fcategories&post=52780"},{"taxonomy":"post_tag","embeddable":true,"href":"https:\/\/arantv.az\/index.php?rest_route=%2Fwp%2Fv2%2Ftags&post=52780"}],"curies":[{"name":"wp","href":"https:\/\/api.w.org\/{rel}","templated":true}]}}