{"id":52784,"date":"2019-04-24T15:48:11","date_gmt":"2019-04-24T12:48:11","guid":{"rendered":"http:\/\/arantv.az\/?p=52784"},"modified":"2019-04-24T15:48:11","modified_gmt":"2019-04-24T12:48:11","slug":"tural-g%c9%99nc%c9%99liyev-erm%c9%99ni-t%c9%99bligat-masini-beyn%c9%99lxalq-ictimaiyy%c9%99ti-aldatmaga-calisir","status":"publish","type":"post","link":"https:\/\/arantv.az\/?p=52784","title":{"rendered":"Tural G\u0259nc\u0259liyev: &#8220;Erm\u0259ni t\u0259bli\u011fat ma\u015f\u0131n\u0131 beyn\u0259lxalq ictimaiyy\u0259ti aldatma\u011fa \u00e7al\u0131\u015f\u0131r&#8221;"},"content":{"rendered":"<p><strong>Bu g\u00fcn erm\u0259ni t\u0259bli\u011fat ma\u015f\u0131n\u0131 erm\u0259ni icmas\u0131n\u0131n m\u00f6vcudlu\u011fdan dan\u0131\u015faraq beyn\u0259lxalq ictimaiyy\u0259ti aldatma\u011fa \u00e7al\u0131\u015f\u0131r.<\/strong><\/p>\n<p><strong>ARANTV.AZ<\/strong>\u00a0<span style=\"color: #000000;\"><a style=\"color: #000000;\" href=\"http:\/\/az.trend.az\/\" target=\"_blank\" rel=\"noopener\">Trend<\/a><\/span>-\u0259 istinad\u0259n bildirir ki,\u00a0bunu Da\u011fl\u0131q Qaraba\u011f\u0131n Az\u0259rbaycanl\u0131 \u0130cmas\u0131n\u0131n r\u0259hb\u0259ri\u00a0<strong>Tural G\u0259nc\u0259liyev<\/strong>\u00a0deyib.<\/p>\n<p>O bildirib ki, haz\u0131rda icman\u0131n n\u00fcfuzunun beyn\u0259lxalq al\u0259md\u0259 art\u0131r\u0131lmas\u0131 istiqam\u0259tind\u0259 i\u015fl\u0259r davam etdirilir:<\/p>\n<p>&#8220;Da\u011fl\u0131q Qaraba\u011f\u0131n Az\u0259rbaycanl\u0131 \u0130cmas\u0131 olaraq f\u0259aliyy\u0259timizi iki \u0259sas istiqam\u0259td\u0259 qurmu\u015fuq. Beyn\u0259lxalq al\u0259md\u0259 v\u0259 \u00f6lk\u0259d\u0259 i\u015fimizi intensiv \u015f\u0259kild\u0259 art\u0131rma\u011fa \u00e7al\u0131\u015f\u0131r\u0131q. Biz erm\u0259ni yalanlar\u0131n\u0131 if\u015fa ed\u0259c\u0259yik.<\/p>\n<p>BMT, AT\u018fT Minsk qrupunun n\u00fcmay\u0259nd\u0259l\u0259ri il\u0259 g\u00f6r\u00fc\u015fl\u0259r ke\u00e7irmi\u015fik. M\u00fcnaqi\u015f\u0259nin s\u00fclh yolu il\u0259 h\u0259llind\u0259n sonra \u00f6z do\u011fma torpaqlar\u0131m\u0131za geri qay\u0131tmaq ist\u0259yirik. Z\u0259r\u0259r\u00e7\u0259k\u0259n biz olma\u011f\u0131m\u0131za baxmayaraq, Az\u0259rbaycan\u0131n \u0259razi b\u00fct\u00f6vl\u00fcy\u00fcn\u00fcn b\u0259rpas\u0131ndan sonra erm\u0259nil\u0259rl\u0259 birlikd\u0259 ya\u015fama\u011fa haz\u0131r\u0131q. Qurumun n\u00fcfuzunun art\u0131r\u0131lmas\u0131 istiqam\u0259tind\u0259 Q\u0259rb v\u0259 T\u00fcrkiy\u0259 media n\u00fcmay\u0259nd\u0259l\u0259ri il\u0259 g\u00f6r\u00fc\u015fl\u0259rimiz olub&#8221;.<\/p>\n<p>T.G\u0259nc\u0259liyev bildirib ki, sosial \u015f\u0259b\u0259k\u0259l\u0259rd\u0259 g\u0259ncl\u0259r d\u0259 bu i\u015f\u0259 aktiv c\u0259lb olunmal\u0131d\u0131r:<\/p>\n<p>&#8220;Bu proses erm\u0259ni t\u0259bli\u011fat ma\u015f\u0131n\u0131na qar\u015f\u0131 m\u00fcbariz\u0259d\u0259 \u00f6z t\u00f6hf\u0259sini ver\u0259 bil\u0259r. \u0130ndi sosial \u015f\u0259b\u0259k\u0259 istifa\u0259d\u00e7il\u0259ri t\u0259r\u0259find\u0259n \u00e7\u0259kil\u0259n h\u0259r hans\u0131 video-\u00e7arx, audio-yaz\u0131 daha effektiv olur. G\u0259ncl\u0259ri \u00f6z ideyalar\u0131n\u0131 biziml\u0259 b\u00f6l\u00fc\u015fm\u0259y\u0259 \u00e7a\u011f\u0131r\u0131ram&#8221;.<\/p>\n","protected":false},"excerpt":{"rendered":"<p>Bu g\u00fcn erm\u0259ni t\u0259bli\u011fat ma\u015f\u0131n\u0131 erm\u0259ni icmas\u0131n\u0131n m\u00f6vcudlu\u011fdan dan\u0131\u015faraq beyn\u0259lxalq ictimaiyy\u0259ti aldatma\u011fa \u00e7al\u0131\u015f\u0131r. ARANTV.AZ\u00a0Trend-\u0259 istinad\u0259n bildirir ki,\u00a0bunu Da\u011fl\u0131q Qaraba\u011f\u0131n Az\u0259rbaycanl\u0131 \u0130cmas\u0131n\u0131n r\u0259hb\u0259ri\u00a0Tural G\u0259nc\u0259liyev\u00a0deyib. O bildirib ki, haz\u0131rda icman\u0131n n\u00fcfuzunun beyn\u0259lxalq al\u0259md\u0259 art\u0131r\u0131lmas\u0131 istiqam\u0259tind\u0259 i\u015fl\u0259r davam etdirilir: &#8220;Da\u011fl\u0131q Qaraba\u011f\u0131n Az\u0259rbaycanl\u0131 \u0130cmas\u0131 olaraq f\u0259aliyy\u0259timizi iki \u0259sas istiqam\u0259td\u0259 qurmu\u015fuq. Beyn\u0259lxalq al\u0259md\u0259 v\u0259 \u00f6lk\u0259d\u0259 i\u015fimizi intensiv \u015f\u0259kild\u0259 art\u0131rma\u011fa \u00e7al\u0131\u015f\u0131r\u0131q. Biz erm\u0259ni yalanlar\u0131n\u0131 if\u015fa ed\u0259c\u0259yik. BMT, AT\u018fT Minsk qrupunun n\u00fcmay\u0259nd\u0259l\u0259ri il\u0259 g\u00f6r\u00fc\u015fl\u0259r ke\u00e7irmi\u015fik. M\u00fcnaqi\u015f\u0259nin s\u00fclh yolu il\u0259 h\u0259llind\u0259n sonra \u00f6z do\u011fma torpaqlar\u0131m\u0131za geri qay\u0131tmaq ist\u0259yirik. Z\u0259r\u0259r\u00e7\u0259k\u0259n biz olma\u011f\u0131m\u0131za baxmayaraq, Az\u0259rbaycan\u0131n \u0259razi b\u00fct\u00f6vl\u00fcy\u00fcn\u00fcn b\u0259rpas\u0131ndan sonra erm\u0259nil\u0259rl\u0259&hellip;<\/p>\n","protected":false},"author":2,"featured_media":52785,"comment_status":"closed","ping_status":"closed","sticky":false,"template":"","format":"standard","meta":{"om_disable_all_campaigns":false,"_monsterinsights_skip_tracking":false,"_monsterinsights_sitenote_active":false,"_monsterinsights_sitenote_note":"","_monsterinsights_sitenote_category":0},"categories":[4],"tags":[],"aioseo_notices":[],"gutentor_comment":0,"rttpg_featured_image_url":{"full":["https:\/\/arantv.az\/wp-content\/uploads\/2019\/04\/749473.jpg",600,450,false],"landscape":["https:\/\/arantv.az\/wp-content\/uploads\/2019\/04\/749473.jpg",600,450,false],"portraits":["https:\/\/arantv.az\/wp-content\/uploads\/2019\/04\/749473.jpg",600,450,false],"thumbnail":["https:\/\/arantv.az\/wp-content\/uploads\/2019\/04\/749473-150x150.jpg",150,150,true],"medium":["https:\/\/arantv.az\/wp-content\/uploads\/2019\/04\/749473-300x225.jpg",300,225,true],"large":["https:\/\/arantv.az\/wp-content\/uploads\/2019\/04\/749473.jpg",600,450,false],"1536x1536":["https:\/\/arantv.az\/wp-content\/uploads\/2019\/04\/749473.jpg",600,450,false],"2048x2048":["https:\/\/arantv.az\/wp-content\/uploads\/2019\/04\/749473.jpg",600,450,false],"post-thumbnail":["https:\/\/arantv.az\/wp-content\/uploads\/2019\/04\/749473-240x172.jpg",240,172,true],"advps-thumb-one":["https:\/\/arantv.az\/wp-content\/uploads\/2019\/04\/749473.jpg",600,450,false]},"rttpg_author":{"display_name":"V\u00fcsal Rafiqo\u011flu","author_link":"https:\/\/arantv.az\/?author=2"},"rttpg_comment":0,"rttpg_category":"<a href=\"https:\/\/arantv.az\/?cat=4\" rel=\"category\">Siyas\u0259t<\/a>","rttpg_excerpt":"Bu g\u00fcn erm\u0259ni t\u0259bli\u011fat ma\u015f\u0131n\u0131 erm\u0259ni icmas\u0131n\u0131n m\u00f6vcudlu\u011fdan dan\u0131\u015faraq beyn\u0259lxalq ictimaiyy\u0259ti aldatma\u011fa \u00e7al\u0131\u015f\u0131r. ARANTV.AZ\u00a0Trend-\u0259 istinad\u0259n bildirir ki,\u00a0bunu Da\u011fl\u0131q Qaraba\u011f\u0131n Az\u0259rbaycanl\u0131 \u0130cmas\u0131n\u0131n r\u0259hb\u0259ri\u00a0Tural G\u0259nc\u0259liyev\u00a0deyib. O bildirib ki, haz\u0131rda icman\u0131n n\u00fcfuzunun beyn\u0259lxalq al\u0259md\u0259 art\u0131r\u0131lmas\u0131 istiqam\u0259tind\u0259 i\u015fl\u0259r davam etdirilir: &#8220;Da\u011fl\u0131q Qaraba\u011f\u0131n Az\u0259rbaycanl\u0131 \u0130cmas\u0131 olaraq f\u0259aliyy\u0259timizi iki \u0259sas istiqam\u0259td\u0259 qurmu\u015fuq. Beyn\u0259lxalq al\u0259md\u0259 v\u0259 \u00f6lk\u0259d\u0259 i\u015fimizi intensiv \u015f\u0259kild\u0259 art\u0131rma\u011fa \u00e7al\u0131\u015f\u0131r\u0131q.&hellip;","_links":{"self":[{"href":"https:\/\/arantv.az\/index.php?rest_route=\/wp\/v2\/posts\/52784"}],"collection":[{"href":"https:\/\/arantv.az\/index.php?rest_route=\/wp\/v2\/posts"}],"about":[{"href":"https:\/\/arantv.az\/index.php?rest_route=\/wp\/v2\/types\/post"}],"author":[{"embeddable":true,"href":"https:\/\/arantv.az\/index.php?rest_route=\/wp\/v2\/users\/2"}],"replies":[{"embeddable":true,"href":"https:\/\/arantv.az\/index.php?rest_route=%2Fwp%2Fv2%2Fcomments&post=52784"}],"version-history":[{"count":0,"href":"https:\/\/arantv.az\/index.php?rest_route=\/wp\/v2\/posts\/52784\/revisions"}],"wp:featuredmedia":[{"embeddable":true,"href":"https:\/\/arantv.az\/index.php?rest_route=\/wp\/v2\/media\/52785"}],"wp:attachment":[{"href":"https:\/\/arantv.az\/index.php?rest_route=%2Fwp%2Fv2%2Fmedia&parent=52784"}],"wp:term":[{"taxonomy":"category","embeddable":true,"href":"https:\/\/arantv.az\/index.php?rest_route=%2Fwp%2Fv2%2Fcategories&post=52784"},{"taxonomy":"post_tag","embeddable":true,"href":"https:\/\/arantv.az\/index.php?rest_route=%2Fwp%2Fv2%2Ftags&post=52784"}],"curies":[{"name":"wp","href":"https:\/\/api.w.org\/{rel}","templated":true}]}}