{"id":52790,"date":"2019-04-24T15:57:01","date_gmt":"2019-04-24T12:57:01","guid":{"rendered":"http:\/\/arantv.az\/?p=52790"},"modified":"2019-04-24T15:57:01","modified_gmt":"2019-04-24T12:57:01","slug":"prezident-ilham-%c9%99liyevin-v%c9%99-cin-xalq-respublikasinin-s%c9%99dri-si-cinpinin-pekind%c9%99-gorusu-olub-foto","status":"publish","type":"post","link":"https:\/\/arantv.az\/?p=52790","title":{"rendered":"Prezident \u0130lham \u018fliyevin v\u0259 \u00c7in Xalq Respublikas\u0131n\u0131n S\u0259dri Si Cinpinin Pekind\u0259 g\u00f6r\u00fc\u015f\u00fc olub &#8211; FOTO"},"content":{"rendered":"<p>Aprelin 24-d\u0259 Pekind\u0259 Az\u0259rbaycan Respublikas\u0131n\u0131n Prezidenti \u0130lham \u018fliyevin v\u0259 \u00c7in Xalq Respublikas\u0131n\u0131n S\u0259dri Si Cinpinin g\u00f6r\u00fc\u015f\u00fc olub.<\/p>\n<p><strong>ARANTV.AZ<\/strong> az\u0259rtac-a istinad\u0259n bildirir ki, \u00c7in Xalq Respublikas\u0131n\u0131n S\u0259dri Si Cinpin Az\u0259rbaycan Respublikas\u0131n\u0131n Prezidenti \u0130lham \u018fliyevi qar\u015f\u0131lad\u0131.<\/p>\n<p>D\u00f6vl\u0259t ba\u015f\u00e7\u0131lar\u0131 birg\u0259 foto \u00e7\u0259kdirdil\u0259r.<\/p>\n<p>\u00c7in Xalq Respublikas\u0131n\u0131n s\u0259dri Si C\u0130NP\u0130N dedi:<\/p>\n<p>&#8211; C\u0259nab Prezident \u018fliyev, Sizi Pekind\u0259 bir daha salamlay\u0131ram, qar\u015f\u0131dak\u0131 &#8220;Bir k\u0259m\u0259r, bir yol&#8221; ikinci Beyn\u0259lxalq \u018fm\u0259kda\u015fl\u0131q Forumuna xo\u015f g\u0259lmisiniz. Az\u0259rbaycan t\u0259r\u0259fi v\u0259 \u015f\u0259xs\u0259n Siz \u00c7in-Az\u0259rbaycan m\u00fcnasib\u0259tl\u0259rinin inki\u015faf\u0131na, &#8220;Bir k\u0259m\u0259r, bir yol&#8221; t\u0259\u015f\u0259bb\u00fcs\u00fcn\u00fcn birlikd\u0259 realla\u015fd\u0131r\u0131lmas\u0131na b\u00f6y\u00fck diqq\u0259t yetirirsiniz. Biz bunu y\u00fcks\u0259k qiym\u0259tl\u0259ndiririk.<\/p>\n<p>Az\u0259rbaycan Avrasiya m\u0259kan\u0131nda \u0259m\u0259kda\u015fl\u0131q \u00fczr\u0259 \u00c7inin \u0259sas t\u0259r\u0259fda\u015flar\u0131ndan biridir. Siz h\u0259m d\u0259 &#8220;Bir k\u0259m\u0259r, bir yol&#8221; layih\u0259sinin realla\u015fd\u0131r\u0131lmas\u0131na ilk olaraq m\u00fcnasib\u0259t bildir\u0259nl\u0259rd\u0259n v\u0259 bu i\u015fd\u0259 f\u0259al i\u015ftirak ed\u0259nl\u0259rd\u0259n birisiniz. Sizin \u00f6lk\u0259niz B\u00f6y\u00fck \u0130p\u0259k Yolu \u00fcz\u0259rind\u0259 yerl\u0259\u015fir v\u0259 bu yolun b\u0259rpas\u0131nda t\u0259bii t\u0259r\u0259fda\u015fd\u0131r. Bizim \u0259m\u0259kda\u015fl\u0131\u011f\u0131m\u0131z\u0131n art\u0131q bir s\u0131ra n\u0259tic\u0259l\u0259ri var v\u0259 bu \u0259m\u0259kda\u015fl\u0131q xalqlar\u0131m\u0131za real fayda verir. Sizinl\u0259 birlikd\u0259 ortaq s\u0259yl\u0259rimizl\u0259 &#8220;Bir k\u0259m\u0259r, bir yol&#8221; layih\u0259sinin realla\u015fd\u0131r\u0131lmas\u0131n\u0131 davam etdirm\u0259y\u0259, birg\u0259 inki\u015faf v\u0259 firavanl\u0131q namin\u0259 b\u00fct\u00fcn sah\u0259l\u0259rd\u0259 qar\u015f\u0131l\u0131ql\u0131 faydal\u0131 \u0259m\u0259kda\u015fl\u0131\u011f\u0131 daim d\u0259rinl\u0259\u015fdirm\u0259y\u0259 haz\u0131ram.<\/p>\n<p>C\u0259nab Prezident, Siz \u00c7in xalq\u0131n\u0131n \u00e7oxdanki dostusunuz, \u00c7in-Az\u0259rbaycan m\u00fcnasib\u0259tl\u0259rinin v\u0259 b\u00fct\u00fcn sah\u0259l\u0259rd\u0259 \u0259m\u0259kda\u015fl\u0131\u011f\u0131n inki\u015faf\u0131 \u00fc\u00e7\u00fcn \u015f\u0259xs\u0259n daim s\u0259y g\u00f6st\u0259rirsiniz. M\u0259n bunu y\u00fcks\u0259k qiym\u0259tl\u0259ndirir\u0259m v\u0259 Sizinl\u0259 s\u0131x \u0259laq\u0259 saxlama\u011fa, ikit\u0259r\u0259fli m\u00fcnasib\u0259tl\u0259ri birlikd\u0259 sa\u011flam m\u0259crada inki\u015faf etdirm\u0259y\u0259 haz\u0131ram. \u00c7in Kommunist Partiyas\u0131 da Yeni Az\u0259rbaycan Partiyas\u0131 il\u0259 \u0259laq\u0259l\u0259ri f\u0259alla\u015fd\u0131rma\u011fa, d\u00f6vl\u0259t idar\u0259\u00e7iliyi t\u0259cr\u00fcb\u0259sini m\u00fcbadil\u0259 etm\u0259y\u0259, iki \u00f6lk\u0259 aras\u0131nda qar\u015f\u0131l\u0131ql\u0131 etimad\u0131 m\u00f6hk\u0259ml\u0259tm\u0259y\u0259 haz\u0131rd\u0131r.<\/p>\n<p>X X X<\/p>\n<p>Az\u0259rbaycan Respublikas\u0131n\u0131n Prezidenti \u0130lham \u018fL\u0130YEV dedi:<\/p>\n<p>&#8211; C\u0259nab S\u0259dr, m\u0259nim \u00fcnvan\u0131ma s\u00f6yl\u0259diyiniz v\u0259 \u00f6lk\u0259miz haqq\u0131nda dediyiniz xo\u015f s\u00f6zl\u0259r\u0259 g\u00f6r\u0259 Siz\u0259 t\u0259\u015f\u0259kk\u00fcr edir\u0259m. M\u0259n Siz\u0259, ilk n\u00f6vb\u0259d\u0259, d\u0259v\u0259t\u0259 g\u00f6r\u0259 t\u0259\u015f\u0259kk\u00fcr etm\u0259k ist\u0259rdim. Biz &#8220;Bir k\u0259m\u0259r, bir yol&#8221; Forumunda i\u015ftirak etm\u0259y\u0259 d\u0259v\u0259t olunma\u011f\u0131m\u0131z\u0131 \u00f6lk\u0259miz\u0259 x\u00fcsusi h\u00f6rm\u0259t \u0259lam\u0259ti, m\u0259n\u0259 m\u00fcnasib\u0259td\u0259 dostluq \u0259lam\u0259ti hesab edirik. Siz qeyd etdiniz ki, m\u0259n Sizin \u00f6lk\u0259nizin dostuyam, Az\u0259rbaycanda da Sizi Az\u0259rbaycan\u0131n xeyirxah dostu kimi tan\u0131y\u0131rlar. Biz birg\u0259 s\u0259yl\u0259rimizl\u0259 \u0259m\u0259kda\u015fl\u0131\u011f\u0131m\u0131z\u0131 ir\u0259lil\u0259dirik, bundan sonrak\u0131 qar\u015f\u0131l\u0131ql\u0131 f\u0259aliyy\u0259tin yollar\u0131n\u0131 m\u00fc\u0259yy\u0259n edirik.<\/p>\n<p>Bu Forumun ke\u00e7irilm\u0259si \u00e7ox b\u00f6y\u00fck \u0259h\u0259miyy\u0259t k\u0259sb edir. Siz qeyd etdiyiniz kimi, Az\u0259rbaycan lap \u0259vv\u0259ld\u0259n Sizin t\u0259\u015f\u0259bb\u00fcs\u00fcn\u00fcz\u00fc d\u0259st\u0259kl\u0259yib v\u0259 bu layih\u0259ni bizim ir\u0259li s\u00fcrd\u00fcy\u00fcm\u00fcz t\u0259\u015f\u0259bb\u00fcsl\u0259r \u00e7\u0259r\u00e7iv\u0259sind\u0259 f\u0259al ir\u0259lil\u0259dir. 2015-ci ild\u0259 Sizin \u00f6lk\u0259niz\u0259 d\u00f6vl\u0259t s\u0259f\u0259rimi v\u0259 burada m\u0259n\u0259 g\u00f6st\u0259ril\u0259n qonaqp\u0259rv\u0259rliyi xat\u0131rlamaq ist\u0259rdim. O vaxt Sizinl\u0259 biz &#8220;\u0130p\u0259k Yolu \u0130qtisadi K\u0259m\u0259ri&#8221; haqq\u0131nda Anla\u015fma Memorandumunu imzalad\u0131q. Bu g\u00fcn bizim siyasi m\u00fcnasib\u0259tl\u0259rimiz y\u00fcks\u0259k s\u0259viyy\u0259d\u0259dir. Biz beyn\u0259lxalq t\u0259\u015fkilatlarda f\u0259al qar\u015f\u0131l\u0131ql\u0131 \u0259laq\u0259 saxlay\u0131r\u0131q.<\/p>\n<p>X X X<\/p>\n<p>\u00c7in Xalq Respublikas\u0131n\u0131n S\u0259dri Si Cinpin Prezident \u0130lham \u018fliyevin r\u0259hb\u0259rliyi il\u0259 Az\u0259rbaycan\u0131n u\u011furlu daxili v\u0259 xarici siyas\u0259tinin h\u0259yata ke\u00e7irildiyini, \u00f6lk\u0259mizin beyn\u0259lxalq al\u0259md\u0259 n\u00fcfuzunun artd\u0131\u011f\u0131n\u0131, Az\u0259rbaycanda sabitliyin t\u0259min olundu\u011funu, xalq\u0131m\u0131z\u0131n rifah hal\u0131n\u0131n y\u00fcks\u0259ldiyini, iqtisadi sah\u0259d\u0259 inki\u015fafa nail olundu\u011funu bildirdi. O, \u00c7inin Az\u0259rbaycan\u0131n suverenliyini, \u0259razi b\u00fct\u00f6vl\u00fcy\u00fcn\u00fc v\u0259 m\u00fcst\u0259qilliyini d\u0259st\u0259kl\u0259diyini vur\u011fulad\u0131. Si Cinpin &#8220;Bir k\u0259m\u0259r, bir yol&#8221; layih\u0259si \u00e7\u0259r\u00e7iv\u0259sind\u0259 Trans-X\u0259z\u0259r n\u0259qliyyat d\u0259hlizinin \u0259h\u0259miyy\u0259tini qeyd etdi.<\/p>\n<p>Prezident \u0130lham \u018fliyev d\u0259 \u00f6z n\u00f6vb\u0259sind\u0259 Az\u0259rbaycan\u0131n &#8220;Vahid \u00c7in&#8221; siyas\u0259tini ard\u0131c\u0131l sur\u0259td\u0259 d\u0259st\u0259kl\u0259diyini vur\u011fulad\u0131. D\u00f6vl\u0259timizin ba\u015f\u00e7\u0131s\u0131 \u00c7inin b\u00fct\u00fcn sah\u0259l\u0259rd\u0259 \u0259ld\u0259 etdiyi b\u00f6y\u00fck u\u011furlarla ba\u011fl\u0131 t\u0259brikl\u0259rini \u00e7atd\u0131rd\u0131.<\/p>\n<p>S\u00f6hb\u0259t zaman\u0131 infrastruktur, logistika, energetika, turizm, k\u0259nd t\u0259s\u0259rr\u00fcfat\u0131, investisiya, informasiya-kommunikasiya texnologiyalar\u0131, t\u0259hsil v\u0259 humanitar sah\u0259l\u0259rd\u0259, o c\u00fcml\u0259d\u0259n h\u00fcquq-m\u00fchafiz\u0259 orqanlar\u0131 aras\u0131nda \u0259m\u0259kda\u015fl\u0131q v\u0259 beyn\u0259lxalq terrorizm\u0259 qar\u015f\u0131 m\u00fcbariz\u0259 sah\u0259sind\u0259 \u0259m\u0259kda\u015fl\u0131\u011f\u0131n perspektivl\u0259ri m\u00fczakir\u0259 olundu.<\/p>\n<p>Az\u0259rbaycan Respublikas\u0131n\u0131n Prezidenti \u0130lham \u018fliyev \u00c7in Xalq Respublikas\u0131n\u0131n S\u0259dri Si Cinpini \u00f6lk\u0259miz\u0259 s\u0259f\u0259r\u0259 d\u0259v\u0259t etdi. D\u0259v\u0259t m\u0259mnunluqla q\u0259bul olundu.<\/p>\n<p><img loading=\"lazy\" class=\"alignnone size-medium wp-image-52791\" src=\"https:\/\/arantv.az\/wp-content\/uploads\/2019\/04\/749485_1-300x189.jpg\" alt=\"\" width=\"300\" height=\"189\" \/><img loading=\"lazy\" class=\"alignnone size-full wp-image-52792\" src=\"https:\/\/arantv.az\/wp-content\/uploads\/2019\/04\/749485_6.jpg\" alt=\"\" width=\"250\" height=\"182\" \/><img loading=\"lazy\" class=\"alignnone size-full wp-image-52793\" src=\"https:\/\/arantv.az\/wp-content\/uploads\/2019\/04\/749485_9.jpg\" alt=\"\" width=\"250\" height=\"159\" \/><\/p>\n","protected":false},"excerpt":{"rendered":"<p>Aprelin 24-d\u0259 Pekind\u0259 Az\u0259rbaycan Respublikas\u0131n\u0131n Prezidenti \u0130lham \u018fliyevin v\u0259 \u00c7in Xalq Respublikas\u0131n\u0131n S\u0259dri Si Cinpinin g\u00f6r\u00fc\u015f\u00fc olub. ARANTV.AZ az\u0259rtac-a istinad\u0259n bildirir ki, \u00c7in Xalq Respublikas\u0131n\u0131n S\u0259dri Si Cinpin Az\u0259rbaycan Respublikas\u0131n\u0131n Prezidenti \u0130lham \u018fliyevi qar\u015f\u0131lad\u0131. D\u00f6vl\u0259t ba\u015f\u00e7\u0131lar\u0131 birg\u0259 foto \u00e7\u0259kdirdil\u0259r. \u00c7in Xalq Respublikas\u0131n\u0131n s\u0259dri Si C\u0130NP\u0130N dedi: &#8211; C\u0259nab Prezident \u018fliyev, Sizi Pekind\u0259 bir daha salamlay\u0131ram, qar\u015f\u0131dak\u0131 &#8220;Bir k\u0259m\u0259r, bir yol&#8221; ikinci Beyn\u0259lxalq \u018fm\u0259kda\u015fl\u0131q Forumuna xo\u015f g\u0259lmisiniz. Az\u0259rbaycan t\u0259r\u0259fi v\u0259 \u015f\u0259xs\u0259n Siz \u00c7in-Az\u0259rbaycan m\u00fcnasib\u0259tl\u0259rinin inki\u015faf\u0131na, &#8220;Bir k\u0259m\u0259r, bir yol&#8221; t\u0259\u015f\u0259bb\u00fcs\u00fcn\u00fcn birlikd\u0259 realla\u015fd\u0131r\u0131lmas\u0131na b\u00f6y\u00fck diqq\u0259t yetirirsiniz. Biz bunu y\u00fcks\u0259k qiym\u0259tl\u0259ndiririk. Az\u0259rbaycan Avrasiya&hellip;<\/p>\n","protected":false},"author":2,"featured_media":52791,"comment_status":"closed","ping_status":"closed","sticky":false,"template":"","format":"standard","meta":{"om_disable_all_campaigns":false,"_monsterinsights_skip_tracking":false,"_monsterinsights_sitenote_active":false,"_monsterinsights_sitenote_note":"","_monsterinsights_sitenote_category":0},"categories":[4],"tags":[],"aioseo_notices":[],"gutentor_comment":0,"rttpg_featured_image_url":{"full":["https:\/\/arantv.az\/wp-content\/uploads\/2019\/04\/749485_1.jpg",1000,631,false],"landscape":["https:\/\/arantv.az\/wp-content\/uploads\/2019\/04\/749485_1.jpg",1000,631,false],"portraits":["https:\/\/arantv.az\/wp-content\/uploads\/2019\/04\/749485_1.jpg",1000,631,false],"thumbnail":["https:\/\/arantv.az\/wp-content\/uploads\/2019\/04\/749485_1-150x150.jpg",150,150,true],"medium":["https:\/\/arantv.az\/wp-content\/uploads\/2019\/04\/749485_1-300x189.jpg",300,189,true],"large":["https:\/\/arantv.az\/wp-content\/uploads\/2019\/04\/749485_1.jpg",640,404,false],"1536x1536":["https:\/\/arantv.az\/wp-content\/uploads\/2019\/04\/749485_1.jpg",1000,631,false],"2048x2048":["https:\/\/arantv.az\/wp-content\/uploads\/2019\/04\/749485_1.jpg",1000,631,false],"post-thumbnail":["https:\/\/arantv.az\/wp-content\/uploads\/2019\/04\/749485_1-240x172.jpg",240,172,true],"advps-thumb-one":["https:\/\/arantv.az\/wp-content\/uploads\/2019\/04\/749485_1-1000x620.jpg",1000,620,true]},"rttpg_author":{"display_name":"V\u00fcsal Rafiqo\u011flu","author_link":"https:\/\/arantv.az\/?author=2"},"rttpg_comment":0,"rttpg_category":"<a href=\"https:\/\/arantv.az\/?cat=4\" rel=\"category\">Siyas\u0259t<\/a>","rttpg_excerpt":"Aprelin 24-d\u0259 Pekind\u0259 Az\u0259rbaycan Respublikas\u0131n\u0131n Prezidenti \u0130lham \u018fliyevin v\u0259 \u00c7in Xalq Respublikas\u0131n\u0131n S\u0259dri Si Cinpinin g\u00f6r\u00fc\u015f\u00fc olub. ARANTV.AZ az\u0259rtac-a istinad\u0259n bildirir ki, \u00c7in Xalq Respublikas\u0131n\u0131n S\u0259dri Si Cinpin Az\u0259rbaycan Respublikas\u0131n\u0131n Prezidenti \u0130lham \u018fliyevi qar\u015f\u0131lad\u0131. D\u00f6vl\u0259t ba\u015f\u00e7\u0131lar\u0131 birg\u0259 foto \u00e7\u0259kdirdil\u0259r. \u00c7in Xalq Respublikas\u0131n\u0131n s\u0259dri Si C\u0130NP\u0130N dedi: &#8211; C\u0259nab Prezident \u018fliyev, Sizi Pekind\u0259 bir daha salamlay\u0131ram,&hellip;","_links":{"self":[{"href":"https:\/\/arantv.az\/index.php?rest_route=\/wp\/v2\/posts\/52790"}],"collection":[{"href":"https:\/\/arantv.az\/index.php?rest_route=\/wp\/v2\/posts"}],"about":[{"href":"https:\/\/arantv.az\/index.php?rest_route=\/wp\/v2\/types\/post"}],"author":[{"embeddable":true,"href":"https:\/\/arantv.az\/index.php?rest_route=\/wp\/v2\/users\/2"}],"replies":[{"embeddable":true,"href":"https:\/\/arantv.az\/index.php?rest_route=%2Fwp%2Fv2%2Fcomments&post=52790"}],"version-history":[{"count":0,"href":"https:\/\/arantv.az\/index.php?rest_route=\/wp\/v2\/posts\/52790\/revisions"}],"wp:featuredmedia":[{"embeddable":true,"href":"https:\/\/arantv.az\/index.php?rest_route=\/wp\/v2\/media\/52791"}],"wp:attachment":[{"href":"https:\/\/arantv.az\/index.php?rest_route=%2Fwp%2Fv2%2Fmedia&parent=52790"}],"wp:term":[{"taxonomy":"category","embeddable":true,"href":"https:\/\/arantv.az\/index.php?rest_route=%2Fwp%2Fv2%2Fcategories&post=52790"},{"taxonomy":"post_tag","embeddable":true,"href":"https:\/\/arantv.az\/index.php?rest_route=%2Fwp%2Fv2%2Ftags&post=52790"}],"curies":[{"name":"wp","href":"https:\/\/api.w.org\/{rel}","templated":true}]}}