{"id":52796,"date":"2019-04-24T16:01:22","date_gmt":"2019-04-24T13:01:22","guid":{"rendered":"http:\/\/arantv.az\/?p=52796"},"modified":"2019-04-24T16:01:22","modified_gmt":"2019-04-24T13:01:22","slug":"yaxin-aylarda-m%c9%99rd%c9%99kan-qalasi-v%c9%99-tuba-sah-m%c9%99scidinin-b%c9%99rpasina-baslanilacaq","status":"publish","type":"post","link":"https:\/\/arantv.az\/?p=52796","title":{"rendered":"Yax\u0131n aylarda M\u0259rd\u0259kan qalas\u0131 v\u0259 Tuba \u015eah m\u0259scidinin b\u0259rpas\u0131na ba\u015flan\u0131lacaq"},"content":{"rendered":"<blockquote><p><em><strong>Yax\u0131n aylarda M\u0259rd\u0259kan qalas\u0131 v\u0259 Tuba \u015eah m\u0259scidinin b\u0259rpas\u0131na ba\u015flan\u0131lacaq.<\/strong><\/em><\/p><\/blockquote>\n<p><strong>ARANTV.AZ<\/strong> x\u0259b\u0259r verir ki, bunu\u00a0<a href=\"https:\/\/az.trend.az\/\" target=\"_blank\" rel=\"noopener\">Trend<\/a>-\u0259 a\u00e7\u0131qlamas\u0131nda M\u0259d\u0259niyy\u0259t Nazirliyi yan\u0131nda M\u0259d\u0259ni \u0130rsin Qorunmas\u0131, \u0130nki\u015faf\u0131 v\u0259 B\u0259rpas\u0131 \u00fczr\u0259 D\u00f6vl\u0259t Xidm\u0259tinin m\u0259tbuat katibi Fariz H\u00fcseynov deyib.<\/p>\n<p>F.H\u00fcseynov bildirib ki, bir m\u00fcdd\u0259t \u0259vv\u0259l D\u00f6vl\u0259t Xidm\u0259ti il\u0259 T\u00fcrk \u018fm\u0259kda\u015fl\u0131q v\u0259 Koordinasiya Agentliyi (T\u0130KA) aras\u0131nda B\u00f6y\u00fck M\u0259rd\u0259kan q\u0259sri v\u0259 Tuba \u015eah m\u0259scidind\u0259 t\u0259mir-b\u0259rpa i\u015fl\u0259rinin apar\u0131lmas\u0131 haqq\u0131nda Niyy\u0259t M\u0259ktubu imzalan\u0131b:<\/p>\n<p>&#8220;Yax\u0131n vaxtlarda layih\u0259 s\u0259n\u0259dl\u0259ri haz\u0131rlanacaq, sonra is\u0259 h\u0259min tarixi abid\u0259l\u0259rin b\u0259rpas\u0131na ba\u015flan\u0131lacaq. B\u0259rpa i\u015fl\u0259ri D\u00f6vl\u0259t Xidm\u0259tinin n\u0259zar\u0259ti alt\u0131nda T\u0130KA t\u0259r\u0259find\u0259n h\u0259yata ke\u00e7iril\u0259c\u0259k&#8221;.<\/p>\n<div id=\"AdviadNativeVideo0\" class=\"AdviadNativeVideo\"><\/div>\n<p>Onun s\u00f6zl\u0259rin\u0259 g\u00f6r\u0259, B\u00f6y\u00fck M\u0259rd\u0259kan q\u0259sri v\u0259 Tuba \u015eah m\u0259scidinin b\u0259rpa i\u015fl\u0259rind\u0259 yerli m\u00fct\u0259x\u0259ssisl\u0259r d\u0259 i\u015ftirak ed\u0259c\u0259kl\u0259r.<br \/>\nF.H\u00fcseynov vur\u011fulay\u0131b ki, iki qarda\u015f \u00f6lk\u0259 aras\u0131nda b\u00fct\u00fcn sah\u0259l\u0259rd\u0259 oldu\u011fu kimi, m\u0259d\u0259niyy\u0259t sah\u0259sind\u0259 d\u0259 s\u0131x \u0259m\u0259kda\u015fl\u0131q edilir: &#8220;Bu, Az\u0259rbaycanda tarixi abid\u0259l\u0259rin T\u0130KA t\u0259r\u0259find\u0259n b\u0259rpa olunmas\u0131 bax\u0131m\u0131ndan ilk layih\u0259 olacaq. T\u0130KA il\u0259 \u0259m\u0259kda\u015fl\u0131q bu iki tarixi abid\u0259nin b\u0259rpas\u0131 il\u0259 yekunla\u015fmayacaq. \u018fld\u0259 olunan raz\u0131la\u015fmaya \u0259sas\u0259n, bu sah\u0259d\u0259 \u0259m\u0259kda\u015fl\u0131q davam etdiril\u0259c\u0259k&#8221;.<\/p>\n<p>Qeyd ed\u0259k ki, Bak\u0131n\u0131n M\u0259rd\u0259kan q\u0259s\u0259b\u0259sind\u0259 yerl\u0259\u015f\u0259n eyniadl\u0131 qala XII \u0259srd\u0259 &#8211; 1187-1188-ci ill\u0259rd\u0259 \u015eirvan\u015fah I Axsitan t\u0259r\u0259find\u0259n tikilib. Axsitan\u0131n d\u00fc\u015fm\u0259n \u00fcz\u0259rind\u0259ki parlaq q\u0259l\u0259b\u0259si \u015f\u0259r\u0259fin\u0259 ucald\u0131lm\u0131\u015f qaladan m\u00fcxt\u0259lif vaxtlarda m\u00fcdafi\u0259 m\u0259qs\u0259dil\u0259, el\u0259c\u0259 d\u0259 m\u00fc\u015fahid\u0259 m\u0259nt\u0259q\u0259si, b\u0259zi d\u00f6vrl\u0259rd\u0259 is\u0259 q\u0259sr kimi istifad\u0259 edilib. XV \u0259sr\u0259 aid Tuba \u015eah m\u0259scidi is\u0259 1481-1482-ci ill\u0259rd\u0259 in\u015fa edilib.<\/p>\n<p>&nbsp;<\/p>\n","protected":false},"excerpt":{"rendered":"<p>Yax\u0131n aylarda M\u0259rd\u0259kan qalas\u0131 v\u0259 Tuba \u015eah m\u0259scidinin b\u0259rpas\u0131na ba\u015flan\u0131lacaq. ARANTV.AZ x\u0259b\u0259r verir ki, bunu\u00a0Trend-\u0259 a\u00e7\u0131qlamas\u0131nda M\u0259d\u0259niyy\u0259t Nazirliyi yan\u0131nda M\u0259d\u0259ni \u0130rsin Qorunmas\u0131, \u0130nki\u015faf\u0131 v\u0259 B\u0259rpas\u0131 \u00fczr\u0259 D\u00f6vl\u0259t Xidm\u0259tinin m\u0259tbuat katibi Fariz H\u00fcseynov deyib. F.H\u00fcseynov bildirib ki, bir m\u00fcdd\u0259t \u0259vv\u0259l D\u00f6vl\u0259t Xidm\u0259ti il\u0259 T\u00fcrk \u018fm\u0259kda\u015fl\u0131q v\u0259 Koordinasiya Agentliyi (T\u0130KA) aras\u0131nda B\u00f6y\u00fck M\u0259rd\u0259kan q\u0259sri v\u0259 Tuba \u015eah m\u0259scidind\u0259 t\u0259mir-b\u0259rpa i\u015fl\u0259rinin apar\u0131lmas\u0131 haqq\u0131nda Niyy\u0259t M\u0259ktubu imzalan\u0131b: &#8220;Yax\u0131n vaxtlarda layih\u0259 s\u0259n\u0259dl\u0259ri haz\u0131rlanacaq, sonra is\u0259 h\u0259min tarixi abid\u0259l\u0259rin b\u0259rpas\u0131na ba\u015flan\u0131lacaq. B\u0259rpa i\u015fl\u0259ri D\u00f6vl\u0259t Xidm\u0259tinin n\u0259zar\u0259ti alt\u0131nda T\u0130KA t\u0259r\u0259find\u0259n h\u0259yata ke\u00e7iril\u0259c\u0259k&#8221;. Onun s\u00f6zl\u0259rin\u0259 g\u00f6r\u0259, B\u00f6y\u00fck M\u0259rd\u0259kan&hellip;<\/p>\n","protected":false},"author":2,"featured_media":52797,"comment_status":"closed","ping_status":"closed","sticky":false,"template":"","format":"standard","meta":{"om_disable_all_campaigns":false,"_monsterinsights_skip_tracking":false,"_monsterinsights_sitenote_active":false,"_monsterinsights_sitenote_note":"","_monsterinsights_sitenote_category":0},"categories":[1],"tags":[],"aioseo_notices":[],"gutentor_comment":0,"rttpg_featured_image_url":{"full":["https:\/\/arantv.az\/wp-content\/uploads\/2019\/04\/749415.jpg",800,600,false],"landscape":["https:\/\/arantv.az\/wp-content\/uploads\/2019\/04\/749415.jpg",800,600,false],"portraits":["https:\/\/arantv.az\/wp-content\/uploads\/2019\/04\/749415.jpg",800,600,false],"thumbnail":["https:\/\/arantv.az\/wp-content\/uploads\/2019\/04\/749415-150x150.jpg",150,150,true],"medium":["https:\/\/arantv.az\/wp-content\/uploads\/2019\/04\/749415-300x225.jpg",300,225,true],"large":["https:\/\/arantv.az\/wp-content\/uploads\/2019\/04\/749415.jpg",640,480,false],"1536x1536":["https:\/\/arantv.az\/wp-content\/uploads\/2019\/04\/749415.jpg",800,600,false],"2048x2048":["https:\/\/arantv.az\/wp-content\/uploads\/2019\/04\/749415.jpg",800,600,false],"post-thumbnail":["https:\/\/arantv.az\/wp-content\/uploads\/2019\/04\/749415-240x172.jpg",240,172,true],"advps-thumb-one":["https:\/\/arantv.az\/wp-content\/uploads\/2019\/04\/749415.jpg",800,600,false]},"rttpg_author":{"display_name":"V\u00fcsal Rafiqo\u011flu","author_link":"https:\/\/arantv.az\/?author=2"},"rttpg_comment":0,"rttpg_category":"<a href=\"https:\/\/arantv.az\/?cat=1\" rel=\"category\">C\u0259miyy\u0259t<\/a>","rttpg_excerpt":"Yax\u0131n aylarda M\u0259rd\u0259kan qalas\u0131 v\u0259 Tuba \u015eah m\u0259scidinin b\u0259rpas\u0131na ba\u015flan\u0131lacaq. ARANTV.AZ x\u0259b\u0259r verir ki, bunu\u00a0Trend-\u0259 a\u00e7\u0131qlamas\u0131nda M\u0259d\u0259niyy\u0259t Nazirliyi yan\u0131nda M\u0259d\u0259ni \u0130rsin Qorunmas\u0131, \u0130nki\u015faf\u0131 v\u0259 B\u0259rpas\u0131 \u00fczr\u0259 D\u00f6vl\u0259t Xidm\u0259tinin m\u0259tbuat katibi Fariz H\u00fcseynov deyib. F.H\u00fcseynov bildirib ki, bir m\u00fcdd\u0259t \u0259vv\u0259l D\u00f6vl\u0259t Xidm\u0259ti il\u0259 T\u00fcrk \u018fm\u0259kda\u015fl\u0131q v\u0259 Koordinasiya Agentliyi (T\u0130KA) aras\u0131nda B\u00f6y\u00fck M\u0259rd\u0259kan q\u0259sri v\u0259 Tuba \u015eah&hellip;","_links":{"self":[{"href":"https:\/\/arantv.az\/index.php?rest_route=\/wp\/v2\/posts\/52796"}],"collection":[{"href":"https:\/\/arantv.az\/index.php?rest_route=\/wp\/v2\/posts"}],"about":[{"href":"https:\/\/arantv.az\/index.php?rest_route=\/wp\/v2\/types\/post"}],"author":[{"embeddable":true,"href":"https:\/\/arantv.az\/index.php?rest_route=\/wp\/v2\/users\/2"}],"replies":[{"embeddable":true,"href":"https:\/\/arantv.az\/index.php?rest_route=%2Fwp%2Fv2%2Fcomments&post=52796"}],"version-history":[{"count":0,"href":"https:\/\/arantv.az\/index.php?rest_route=\/wp\/v2\/posts\/52796\/revisions"}],"wp:featuredmedia":[{"embeddable":true,"href":"https:\/\/arantv.az\/index.php?rest_route=\/wp\/v2\/media\/52797"}],"wp:attachment":[{"href":"https:\/\/arantv.az\/index.php?rest_route=%2Fwp%2Fv2%2Fmedia&parent=52796"}],"wp:term":[{"taxonomy":"category","embeddable":true,"href":"https:\/\/arantv.az\/index.php?rest_route=%2Fwp%2Fv2%2Fcategories&post=52796"},{"taxonomy":"post_tag","embeddable":true,"href":"https:\/\/arantv.az\/index.php?rest_route=%2Fwp%2Fv2%2Ftags&post=52796"}],"curies":[{"name":"wp","href":"https:\/\/api.w.org\/{rel}","templated":true}]}}