{"id":52802,"date":"2019-04-24T16:24:10","date_gmt":"2019-04-24T13:24:10","guid":{"rendered":"http:\/\/arantv.az\/?p=52802"},"modified":"2019-04-24T16:24:10","modified_gmt":"2019-04-24T13:24:10","slug":"si-cinpin-prezident-ilham-%c9%99liyevin-r%c9%99hb%c9%99rliyi-il%c9%99-az%c9%99rbaycan-ugurlu-daxili-v%c9%99-xarici-siyas%c9%99t-h%c9%99yata-kecirir-beyn%c9%99lxalq-nufuzu-artir","status":"publish","type":"post","link":"https:\/\/arantv.az\/?p=52802","title":{"rendered":"Si Cinpin: &#8220;Prezident \u0130lham \u018fliyevin r\u0259hb\u0259rliyi il\u0259 Az\u0259rbaycan u\u011furlu daxili v\u0259 xarici siyas\u0259t h\u0259yata ke\u00e7irir, beyn\u0259lxalq n\u00fcfuzu art\u0131r&#8221;"},"content":{"rendered":"<p>&#8220;Prezident \u0130lham \u018fliyevin r\u0259hb\u0259rliyi il\u0259 Az\u0259rbaycan u\u011furlu daxili v\u0259 xarici siyas\u0259t h\u0259yata ke\u00e7irir, beyn\u0259lxalq n\u00fcfuzu art\u0131r&#8221;.<\/p>\n<p><strong>ARANTV.AZ<\/strong> az\u0259rtac-a istinad\u0259n x\u0259b\u0259r verir ki, bunu \u00c7in Xalq Respublikas\u0131n\u0131n S\u0259dri Si Cinpin Pekind\u0259 Az\u0259rbaycan Prezidenti \u0130lham \u018fliyevl\u0259 g\u00f6r\u00fc\u015f\u00fcnd\u0259 deyib.<\/p>\n<p>Si Cinpin qeyd edib: &#8220;C\u0259nab Prezident \u018fliyev, Sizi Pekind\u0259 bir daha salamlay\u0131ram, qar\u015f\u0131dak\u0131 &#8220;Bir k\u0259m\u0259r, bir yol&#8221; ikinci Beyn\u0259lxalq \u018fm\u0259kda\u015fl\u0131q Forumuna xo\u015f g\u0259lmisiniz. Az\u0259rbaycan t\u0259r\u0259fi v\u0259 \u015f\u0259xs\u0259n Siz \u00c7in-Az\u0259rbaycan m\u00fcnasib\u0259tl\u0259rinin inki\u015faf\u0131na, &#8220;Bir k\u0259m\u0259r, bir yol&#8221; t\u0259\u015f\u0259bb\u00fcs\u00fcn\u00fcn birlikd\u0259 realla\u015fd\u0131r\u0131lmas\u0131na b\u00f6y\u00fck diqq\u0259t yetirirsiniz. Biz bunu y\u00fcks\u0259k qiym\u0259tl\u0259ndiririk&#8221;.<\/p>\n<p>S\u0259dr bildirib ki, Az\u0259rbaycan Avrasiya m\u0259kan\u0131nda \u0259m\u0259kda\u015fl\u0131q \u00fczr\u0259 \u00c7inin \u0259sas t\u0259r\u0259fda\u015flar\u0131ndan biridir: &#8220;Siz h\u0259m d\u0259 &#8220;Bir k\u0259m\u0259r, bir yol&#8221; layih\u0259sinin realla\u015fd\u0131r\u0131lmas\u0131na ilk olaraq m\u00fcnasib\u0259t bildir\u0259nl\u0259rd\u0259n v\u0259 bu i\u015fd\u0259 f\u0259al i\u015ftirak ed\u0259nl\u0259rd\u0259n birisiniz. Sizin \u00f6lk\u0259niz B\u00f6y\u00fck \u0130p\u0259k Yolu \u00fcz\u0259rind\u0259 yerl\u0259\u015fir v\u0259 bu yolun b\u0259rpas\u0131nda t\u0259bii t\u0259r\u0259fda\u015fd\u0131r. Bizim \u0259m\u0259kda\u015fl\u0131\u011f\u0131m\u0131z\u0131n art\u0131q bir s\u0131ra n\u0259tic\u0259l\u0259ri var v\u0259 bu \u0259m\u0259kda\u015fl\u0131q xalqlar\u0131m\u0131za real fayda verir. Sizinl\u0259 birlikd\u0259 ortaq s\u0259yl\u0259rimizl\u0259 &#8220;Bir k\u0259m\u0259r, bir yol&#8221; layih\u0259sinin realla\u015fd\u0131r\u0131lmas\u0131n\u0131 davam etdirm\u0259y\u0259, birg\u0259 inki\u015faf v\u0259 firavanl\u0131q namin\u0259 b\u00fct\u00fcn sah\u0259l\u0259rd\u0259 qar\u015f\u0131l\u0131ql\u0131 faydal\u0131 \u0259m\u0259kda\u015fl\u0131\u011f\u0131 daim d\u0259rinl\u0259\u015fdirm\u0259y\u0259 haz\u0131ram.<\/p>\n<p>C\u0259nab Prezident, Siz \u00c7in xalq\u0131n\u0131n \u00e7oxdank\u0131 dostusunuz, \u00c7in-Az\u0259rbaycan m\u00fcnasib\u0259tl\u0259rinin v\u0259 b\u00fct\u00fcn sah\u0259l\u0259rd\u0259 \u0259m\u0259kda\u015fl\u0131\u011f\u0131n inki\u015faf\u0131 \u00fc\u00e7\u00fcn \u015f\u0259xs\u0259n daim s\u0259y g\u00f6st\u0259rirsiniz. M\u0259n bunu y\u00fcks\u0259k qiym\u0259tl\u0259ndirir\u0259m v\u0259 Sizinl\u0259 s\u0131x \u0259laq\u0259 saxlama\u011fa, ikit\u0259r\u0259fli m\u00fcnasib\u0259tl\u0259ri birlikd\u0259 sa\u011flam m\u0259crada inki\u015faf etdirm\u0259y\u0259 haz\u0131ram. \u00c7in Kommunist Partiyas\u0131 da Yeni Az\u0259rbaycan Partiyas\u0131 il\u0259 \u0259laq\u0259l\u0259ri f\u0259alla\u015fd\u0131rma\u011fa, d\u00f6vl\u0259t idar\u0259\u00e7iliyi t\u0259cr\u00fcb\u0259sini m\u00fcbadil\u0259 etm\u0259y\u0259, iki \u00f6lk\u0259 aras\u0131nda qar\u015f\u0131l\u0131ql\u0131 etimad\u0131 m\u00f6hk\u0259ml\u0259tm\u0259y\u0259 haz\u0131rd\u0131r&#8221;.<\/p>\n<p>S.Cinpin Prezident \u0130lham \u018fliyevin r\u0259hb\u0259rliyi il\u0259 Az\u0259rbaycan\u0131n u\u011furlu daxili v\u0259 xarici siyas\u0259tinin h\u0259yata ke\u00e7irildiyini, \u00f6lk\u0259mizin beyn\u0259lxalq al\u0259md\u0259 n\u00fcfuzunun artd\u0131\u011f\u0131n\u0131, Az\u0259rbaycanda sabitliyin t\u0259min olundu\u011funu, xalq\u0131m\u0131z\u0131n rifah hal\u0131n\u0131n y\u00fcks\u0259ldiyini, iqtisadi sah\u0259d\u0259 inki\u015fafa nail olundu\u011funu bildirdi. O, \u00c7inin Az\u0259rbaycan\u0131n suverenliyini, \u0259razi b\u00fct\u00f6vl\u00fcy\u00fcn\u00fc v\u0259 m\u00fcst\u0259qilliyini d\u0259st\u0259kl\u0259diyini vur\u011fulad\u0131. Si Cinpin &#8220;Bir k\u0259m\u0259r, bir yol&#8221; layih\u0259si \u00e7\u0259r\u00e7iv\u0259sind\u0259 Trans-X\u0259z\u0259r n\u0259qliyyat d\u0259hlizinin \u0259h\u0259miyy\u0259tini qeyd etdi.<\/p>\n","protected":false},"excerpt":{"rendered":"<p>&#8220;Prezident \u0130lham \u018fliyevin r\u0259hb\u0259rliyi il\u0259 Az\u0259rbaycan u\u011furlu daxili v\u0259 xarici siyas\u0259t h\u0259yata ke\u00e7irir, beyn\u0259lxalq n\u00fcfuzu art\u0131r&#8221;. ARANTV.AZ az\u0259rtac-a istinad\u0259n x\u0259b\u0259r verir ki, bunu \u00c7in Xalq Respublikas\u0131n\u0131n S\u0259dri Si Cinpin Pekind\u0259 Az\u0259rbaycan Prezidenti \u0130lham \u018fliyevl\u0259 g\u00f6r\u00fc\u015f\u00fcnd\u0259 deyib. Si Cinpin qeyd edib: &#8220;C\u0259nab Prezident \u018fliyev, Sizi Pekind\u0259 bir daha salamlay\u0131ram, qar\u015f\u0131dak\u0131 &#8220;Bir k\u0259m\u0259r, bir yol&#8221; ikinci Beyn\u0259lxalq \u018fm\u0259kda\u015fl\u0131q Forumuna xo\u015f g\u0259lmisiniz. Az\u0259rbaycan t\u0259r\u0259fi v\u0259 \u015f\u0259xs\u0259n Siz \u00c7in-Az\u0259rbaycan m\u00fcnasib\u0259tl\u0259rinin inki\u015faf\u0131na, &#8220;Bir k\u0259m\u0259r, bir yol&#8221; t\u0259\u015f\u0259bb\u00fcs\u00fcn\u00fcn birlikd\u0259 realla\u015fd\u0131r\u0131lmas\u0131na b\u00f6y\u00fck diqq\u0259t yetirirsiniz. Biz bunu y\u00fcks\u0259k qiym\u0259tl\u0259ndiririk&#8221;. S\u0259dr bildirib ki, Az\u0259rbaycan Avrasiya m\u0259kan\u0131nda \u0259m\u0259kda\u015fl\u0131q \u00fczr\u0259 \u00c7inin&hellip;<\/p>\n","protected":false},"author":2,"featured_media":52803,"comment_status":"closed","ping_status":"closed","sticky":false,"template":"","format":"standard","meta":{"om_disable_all_campaigns":false,"_monsterinsights_skip_tracking":false,"_monsterinsights_sitenote_active":false,"_monsterinsights_sitenote_note":"","_monsterinsights_sitenote_category":0},"categories":[4],"tags":[],"aioseo_notices":[],"gutentor_comment":0,"rttpg_featured_image_url":{"full":["https:\/\/arantv.az\/wp-content\/uploads\/2019\/04\/749510.jpg",800,600,false],"landscape":["https:\/\/arantv.az\/wp-content\/uploads\/2019\/04\/749510.jpg",800,600,false],"portraits":["https:\/\/arantv.az\/wp-content\/uploads\/2019\/04\/749510.jpg",800,600,false],"thumbnail":["https:\/\/arantv.az\/wp-content\/uploads\/2019\/04\/749510-150x150.jpg",150,150,true],"medium":["https:\/\/arantv.az\/wp-content\/uploads\/2019\/04\/749510-300x225.jpg",300,225,true],"large":["https:\/\/arantv.az\/wp-content\/uploads\/2019\/04\/749510.jpg",640,480,false],"1536x1536":["https:\/\/arantv.az\/wp-content\/uploads\/2019\/04\/749510.jpg",800,600,false],"2048x2048":["https:\/\/arantv.az\/wp-content\/uploads\/2019\/04\/749510.jpg",800,600,false],"post-thumbnail":["https:\/\/arantv.az\/wp-content\/uploads\/2019\/04\/749510-240x172.jpg",240,172,true],"advps-thumb-one":["https:\/\/arantv.az\/wp-content\/uploads\/2019\/04\/749510.jpg",800,600,false]},"rttpg_author":{"display_name":"V\u00fcsal Rafiqo\u011flu","author_link":"https:\/\/arantv.az\/?author=2"},"rttpg_comment":0,"rttpg_category":"<a href=\"https:\/\/arantv.az\/?cat=4\" rel=\"category\">Siyas\u0259t<\/a>","rttpg_excerpt":"&#8220;Prezident \u0130lham \u018fliyevin r\u0259hb\u0259rliyi il\u0259 Az\u0259rbaycan u\u011furlu daxili v\u0259 xarici siyas\u0259t h\u0259yata ke\u00e7irir, beyn\u0259lxalq n\u00fcfuzu art\u0131r&#8221;. ARANTV.AZ az\u0259rtac-a istinad\u0259n x\u0259b\u0259r verir ki, bunu \u00c7in Xalq Respublikas\u0131n\u0131n S\u0259dri Si Cinpin Pekind\u0259 Az\u0259rbaycan Prezidenti \u0130lham \u018fliyevl\u0259 g\u00f6r\u00fc\u015f\u00fcnd\u0259 deyib. Si Cinpin qeyd edib: &#8220;C\u0259nab Prezident \u018fliyev, Sizi Pekind\u0259 bir daha salamlay\u0131ram, qar\u015f\u0131dak\u0131 &#8220;Bir k\u0259m\u0259r, bir yol&#8221; ikinci Beyn\u0259lxalq&hellip;","_links":{"self":[{"href":"https:\/\/arantv.az\/index.php?rest_route=\/wp\/v2\/posts\/52802"}],"collection":[{"href":"https:\/\/arantv.az\/index.php?rest_route=\/wp\/v2\/posts"}],"about":[{"href":"https:\/\/arantv.az\/index.php?rest_route=\/wp\/v2\/types\/post"}],"author":[{"embeddable":true,"href":"https:\/\/arantv.az\/index.php?rest_route=\/wp\/v2\/users\/2"}],"replies":[{"embeddable":true,"href":"https:\/\/arantv.az\/index.php?rest_route=%2Fwp%2Fv2%2Fcomments&post=52802"}],"version-history":[{"count":0,"href":"https:\/\/arantv.az\/index.php?rest_route=\/wp\/v2\/posts\/52802\/revisions"}],"wp:featuredmedia":[{"embeddable":true,"href":"https:\/\/arantv.az\/index.php?rest_route=\/wp\/v2\/media\/52803"}],"wp:attachment":[{"href":"https:\/\/arantv.az\/index.php?rest_route=%2Fwp%2Fv2%2Fmedia&parent=52802"}],"wp:term":[{"taxonomy":"category","embeddable":true,"href":"https:\/\/arantv.az\/index.php?rest_route=%2Fwp%2Fv2%2Fcategories&post=52802"},{"taxonomy":"post_tag","embeddable":true,"href":"https:\/\/arantv.az\/index.php?rest_route=%2Fwp%2Fv2%2Ftags&post=52802"}],"curies":[{"name":"wp","href":"https:\/\/api.w.org\/{rel}","templated":true}]}}