{"id":52806,"date":"2019-04-24T16:26:53","date_gmt":"2019-04-24T13:26:53","guid":{"rendered":"http:\/\/arantv.az\/?p=52806"},"modified":"2019-04-24T16:26:53","modified_gmt":"2019-04-24T13:26:53","slug":"prezident-ilham-%c9%99liyev-az%c9%99rbaycan-bir-k%c9%99m%c9%99r-bir-yol-layih%c9%99sini-ir%c9%99li-surduyu-t%c9%99s%c9%99bbusl%c9%99r-c%c9%99rciv%c9%99sind%c9%99-f%c9%99al-ir","status":"publish","type":"post","link":"https:\/\/arantv.az\/?p=52806","title":{"rendered":"Prezident \u0130lham \u018fliyev: &#8220;Az\u0259rbaycan \u201cBir k\u0259m\u0259r, bir yol\u201d layih\u0259sini ir\u0259li s\u00fcrd\u00fcy\u00fc t\u0259\u015f\u0259bb\u00fcsl\u0259r \u00e7\u0259r\u00e7iv\u0259sind\u0259 f\u0259al ir\u0259lil\u0259dir&#8221;"},"content":{"rendered":"<p>&#8220;Az\u0259rbaycan &#8220;Bir k\u0259m\u0259r, bir yol&#8221; layih\u0259sini ir\u0259li s\u00fcrd\u00fcy\u00fc t\u0259\u015f\u0259bb\u00fcsl\u0259r \u00e7\u0259r\u00e7iv\u0259sind\u0259 f\u0259al ir\u0259lil\u0259dir&#8221;.<\/p>\n<p><strong>ARANTV.AZ<\/strong> az\u0259rtac-a\u00a0istinad\u0259n x\u0259b\u0259r verir ki, bunu Az\u0259rbaycan Prezidenti \u0130lham \u018fliyev Pekind\u0259 \u00c7in Xalq Respublikas\u0131n\u0131n S\u0259dri Si Cinpinl\u0259 g\u00f6r\u00fc\u015f\u00fcnd\u0259 deyib.<\/p>\n<p>D\u00f6vl\u0259timizin ba\u015f\u00e7\u0131s\u0131 qeyd edib: &#8220;C\u0259nab S\u0259dr, m\u0259nim \u00fcnvan\u0131ma s\u00f6yl\u0259diyiniz v\u0259 \u00f6lk\u0259miz haqq\u0131nda dediyiniz xo\u015f s\u00f6zl\u0259r\u0259 g\u00f6r\u0259 Siz\u0259 t\u0259\u015f\u0259kk\u00fcr edir\u0259m. M\u0259n Siz\u0259, ilk n\u00f6vb\u0259d\u0259, d\u0259v\u0259t\u0259 g\u00f6r\u0259 t\u0259\u015f\u0259kk\u00fcr etm\u0259k ist\u0259rdim. Biz &#8220;Bir k\u0259m\u0259r, bir yol&#8221; Forumunda i\u015ftirak etm\u0259y\u0259 d\u0259v\u0259t olunma\u011f\u0131m\u0131z\u0131 \u00f6lk\u0259miz\u0259 x\u00fcsusi h\u00f6rm\u0259t \u0259lam\u0259ti, m\u0259n\u0259 m\u00fcnasib\u0259td\u0259 dostluq \u0259lam\u0259ti hesab edirik. Siz qeyd etdiniz ki, m\u0259n Sizin \u00f6lk\u0259nizin dostuyam, Az\u0259rbaycanda da Sizi Az\u0259rbaycan\u0131n xeyirxah dostu kimi tan\u0131y\u0131rlar. Biz birg\u0259 s\u0259yl\u0259rimizl\u0259 \u0259m\u0259kda\u015fl\u0131\u011f\u0131m\u0131z\u0131 ir\u0259lil\u0259dirik, bundan sonrak\u0131 qar\u015f\u0131l\u0131ql\u0131 f\u0259aliyy\u0259tin yollar\u0131n\u0131 m\u00fc\u0259yy\u0259n edirik&#8221;.<\/p>\n<p>\u0130lham \u018fliyev bildirib ki, bu Forumun ke\u00e7irilm\u0259si \u00e7ox b\u00f6y\u00fck \u0259h\u0259miyy\u0259t k\u0259sb edir: &#8220;Siz qeyd etdiyiniz kimi, Az\u0259rbaycan lap \u0259vv\u0259ld\u0259n Sizin t\u0259\u015f\u0259bb\u00fcs\u00fcn\u00fcz\u00fc d\u0259st\u0259kl\u0259yib v\u0259 bu layih\u0259ni bizim ir\u0259li s\u00fcrd\u00fcy\u00fcm\u00fcz t\u0259\u015f\u0259bb\u00fcsl\u0259r \u00e7\u0259r\u00e7iv\u0259sind\u0259 f\u0259al ir\u0259lil\u0259dir. 2015-ci ild\u0259 Sizin \u00f6lk\u0259niz\u0259 d\u00f6vl\u0259t s\u0259f\u0259rimi v\u0259 burada m\u0259n\u0259 g\u00f6st\u0259ril\u0259n qonaqp\u0259rv\u0259rliyi xat\u0131rlamaq ist\u0259rdim. O vaxt Sizinl\u0259 biz &#8220;\u0130p\u0259k Yolu \u0130qtisadi K\u0259m\u0259ri&#8221; haqq\u0131nda Anla\u015fma Memorandumunu imzalad\u0131q. Bu g\u00fcn bizim siyasi m\u00fcnasib\u0259tl\u0259rimiz y\u00fcks\u0259k s\u0259viyy\u0259d\u0259dir. Biz beyn\u0259lxalq t\u0259\u015fkilatlarda f\u0259al qar\u015f\u0131l\u0131ql\u0131 \u0259laq\u0259 saxlay\u0131r\u0131q&#8221;.<\/p>\n","protected":false},"excerpt":{"rendered":"<p>&#8220;Az\u0259rbaycan &#8220;Bir k\u0259m\u0259r, bir yol&#8221; layih\u0259sini ir\u0259li s\u00fcrd\u00fcy\u00fc t\u0259\u015f\u0259bb\u00fcsl\u0259r \u00e7\u0259r\u00e7iv\u0259sind\u0259 f\u0259al ir\u0259lil\u0259dir&#8221;. ARANTV.AZ az\u0259rtac-a\u00a0istinad\u0259n x\u0259b\u0259r verir ki, bunu Az\u0259rbaycan Prezidenti \u0130lham \u018fliyev Pekind\u0259 \u00c7in Xalq Respublikas\u0131n\u0131n S\u0259dri Si Cinpinl\u0259 g\u00f6r\u00fc\u015f\u00fcnd\u0259 deyib. D\u00f6vl\u0259timizin ba\u015f\u00e7\u0131s\u0131 qeyd edib: &#8220;C\u0259nab S\u0259dr, m\u0259nim \u00fcnvan\u0131ma s\u00f6yl\u0259diyiniz v\u0259 \u00f6lk\u0259miz haqq\u0131nda dediyiniz xo\u015f s\u00f6zl\u0259r\u0259 g\u00f6r\u0259 Siz\u0259 t\u0259\u015f\u0259kk\u00fcr edir\u0259m. M\u0259n Siz\u0259, ilk n\u00f6vb\u0259d\u0259, d\u0259v\u0259t\u0259 g\u00f6r\u0259 t\u0259\u015f\u0259kk\u00fcr etm\u0259k ist\u0259rdim. Biz &#8220;Bir k\u0259m\u0259r, bir yol&#8221; Forumunda i\u015ftirak etm\u0259y\u0259 d\u0259v\u0259t olunma\u011f\u0131m\u0131z\u0131 \u00f6lk\u0259miz\u0259 x\u00fcsusi h\u00f6rm\u0259t \u0259lam\u0259ti, m\u0259n\u0259 m\u00fcnasib\u0259td\u0259 dostluq \u0259lam\u0259ti hesab edirik. Siz qeyd etdiniz ki, m\u0259n Sizin \u00f6lk\u0259nizin dostuyam, Az\u0259rbaycanda da Sizi&hellip;<\/p>\n","protected":false},"author":2,"featured_media":52807,"comment_status":"closed","ping_status":"closed","sticky":false,"template":"","format":"standard","meta":{"om_disable_all_campaigns":false,"_monsterinsights_skip_tracking":false,"_monsterinsights_sitenote_active":false,"_monsterinsights_sitenote_note":"","_monsterinsights_sitenote_category":0},"categories":[4],"tags":[],"aioseo_notices":[],"gutentor_comment":0,"rttpg_featured_image_url":{"full":["https:\/\/arantv.az\/wp-content\/uploads\/2019\/04\/749510-1.jpg",800,600,false],"landscape":["https:\/\/arantv.az\/wp-content\/uploads\/2019\/04\/749510-1.jpg",800,600,false],"portraits":["https:\/\/arantv.az\/wp-content\/uploads\/2019\/04\/749510-1.jpg",800,600,false],"thumbnail":["https:\/\/arantv.az\/wp-content\/uploads\/2019\/04\/749510-1-150x150.jpg",150,150,true],"medium":["https:\/\/arantv.az\/wp-content\/uploads\/2019\/04\/749510-1-300x225.jpg",300,225,true],"large":["https:\/\/arantv.az\/wp-content\/uploads\/2019\/04\/749510-1.jpg",640,480,false],"1536x1536":["https:\/\/arantv.az\/wp-content\/uploads\/2019\/04\/749510-1.jpg",800,600,false],"2048x2048":["https:\/\/arantv.az\/wp-content\/uploads\/2019\/04\/749510-1.jpg",800,600,false],"post-thumbnail":["https:\/\/arantv.az\/wp-content\/uploads\/2019\/04\/749510-1-240x172.jpg",240,172,true],"advps-thumb-one":["https:\/\/arantv.az\/wp-content\/uploads\/2019\/04\/749510-1.jpg",800,600,false]},"rttpg_author":{"display_name":"V\u00fcsal Rafiqo\u011flu","author_link":"https:\/\/arantv.az\/?author=2"},"rttpg_comment":0,"rttpg_category":"<a href=\"https:\/\/arantv.az\/?cat=4\" rel=\"category\">Siyas\u0259t<\/a>","rttpg_excerpt":"&#8220;Az\u0259rbaycan &#8220;Bir k\u0259m\u0259r, bir yol&#8221; layih\u0259sini ir\u0259li s\u00fcrd\u00fcy\u00fc t\u0259\u015f\u0259bb\u00fcsl\u0259r \u00e7\u0259r\u00e7iv\u0259sind\u0259 f\u0259al ir\u0259lil\u0259dir&#8221;. ARANTV.AZ az\u0259rtac-a\u00a0istinad\u0259n x\u0259b\u0259r verir ki, bunu Az\u0259rbaycan Prezidenti \u0130lham \u018fliyev Pekind\u0259 \u00c7in Xalq Respublikas\u0131n\u0131n S\u0259dri Si Cinpinl\u0259 g\u00f6r\u00fc\u015f\u00fcnd\u0259 deyib. D\u00f6vl\u0259timizin ba\u015f\u00e7\u0131s\u0131 qeyd edib: &#8220;C\u0259nab S\u0259dr, m\u0259nim \u00fcnvan\u0131ma s\u00f6yl\u0259diyiniz v\u0259 \u00f6lk\u0259miz haqq\u0131nda dediyiniz xo\u015f s\u00f6zl\u0259r\u0259 g\u00f6r\u0259 Siz\u0259 t\u0259\u015f\u0259kk\u00fcr edir\u0259m. M\u0259n Siz\u0259, ilk n\u00f6vb\u0259d\u0259, d\u0259v\u0259t\u0259&hellip;","_links":{"self":[{"href":"https:\/\/arantv.az\/index.php?rest_route=\/wp\/v2\/posts\/52806"}],"collection":[{"href":"https:\/\/arantv.az\/index.php?rest_route=\/wp\/v2\/posts"}],"about":[{"href":"https:\/\/arantv.az\/index.php?rest_route=\/wp\/v2\/types\/post"}],"author":[{"embeddable":true,"href":"https:\/\/arantv.az\/index.php?rest_route=\/wp\/v2\/users\/2"}],"replies":[{"embeddable":true,"href":"https:\/\/arantv.az\/index.php?rest_route=%2Fwp%2Fv2%2Fcomments&post=52806"}],"version-history":[{"count":0,"href":"https:\/\/arantv.az\/index.php?rest_route=\/wp\/v2\/posts\/52806\/revisions"}],"wp:featuredmedia":[{"embeddable":true,"href":"https:\/\/arantv.az\/index.php?rest_route=\/wp\/v2\/media\/52807"}],"wp:attachment":[{"href":"https:\/\/arantv.az\/index.php?rest_route=%2Fwp%2Fv2%2Fmedia&parent=52806"}],"wp:term":[{"taxonomy":"category","embeddable":true,"href":"https:\/\/arantv.az\/index.php?rest_route=%2Fwp%2Fv2%2Fcategories&post=52806"},{"taxonomy":"post_tag","embeddable":true,"href":"https:\/\/arantv.az\/index.php?rest_route=%2Fwp%2Fv2%2Ftags&post=52806"}],"curies":[{"name":"wp","href":"https:\/\/api.w.org\/{rel}","templated":true}]}}