{"id":52809,"date":"2019-04-24T16:30:10","date_gmt":"2019-04-24T13:30:10","guid":{"rendered":"http:\/\/arantv.az\/?p=52809"},"modified":"2019-04-24T16:30:10","modified_gmt":"2019-04-24T13:30:10","slug":"rus-dilini-bilm%c9%99y%c9%99n-deputatlarin-parlamentd%c9%99-n%c9%99-isi-var-etiraz","status":"publish","type":"post","link":"https:\/\/arantv.az\/?p=52809","title":{"rendered":"&#8220;Rus dilini bilm\u0259y\u0259n deputatlar\u0131n parlamentd\u0259 n\u0259 i\u015fi var?&#8221; &#8211; ET\u0130RAZ"},"content":{"rendered":"<p>&#8220;M\u0259n h\u0259r zaman parlamenti t\u0259nqid edir\u0259m.T\u0259nqidl\u0259rim d\u0259 s\u0259b\u0259bsiz deyil&#8221;.<\/p>\n<p><b>ARANTV.AZ\u00a0<\/b>x\u0259b\u0259r verir ki, bu s\u00f6zl\u0259ri\u00a0<a href=\"https:\/\/sonxeber.az\/\">sonxeber.az<\/a>-a M\u0259tbuat \u015euras\u0131n\u0131n \u0130dar\u0259 Hey\u0259tinin \u00fczv\u00fc, siyasi \u015f\u0259rh\u00e7i Az\u0259r H\u0259sr\u0259t deyib.<\/p>\n<p>Az\u0259r H\u0259sr\u0259tin s\u00f6zl\u0259rin\u0259 g\u00f6r\u0259, Az\u0259rbaycan\u0131n f\u0259al deputatlara ehtiyac\u0131 var:<\/p>\n<p>&#8220;Allah\u0131n rus dilini normal bilm\u0259y\u0259n adamlar\u0131n parlamentd\u0259 n\u0259 i\u015fi var? H\u0259qiq\u0259t\u0259n d\u0259 bu g\u00fcn parlamentd\u0259 el\u0259 deputatlar var ki, rus dilind\u0259 normal dan\u0131\u015fa bilmirl\u0259r. Az\u0259rbaycan\u0131n f\u0259al deputatlara ehtiyac\u0131 var. B\u0259zi deputatlar sad\u0259c\u0259 olaraq, deputat k\u00fcrs\u00fcs\u00fcn\u00fc m\u0259\u015f\u011ful edirl\u0259r. \u00d6lk\u0259 \u00fc\u00e7\u00fcn i\u015f g\u00f6rm\u0259k \u0259v\u0259zin\u0259, xo\u015fag\u0259lm\u0259z x\u0259b\u0259rl\u0259rl\u0259 yadda qal\u0131rlar. Deputat\u0131n ad\u0131 Avropa Parlamentind\u0259, A\u015ePA-da, AT\u018fT-d\u0259, Az\u0259rbaycan Parlamentinin \u00f6z\u00fcnd\u0259 \u00e7\u0131x\u0131\u015flar\u0131na, v\u0259t\u0259nda\u015flarla i\u015fl\u0259diyin\u0259 g\u00f6r\u0259 hallanmal\u0131d\u0131r. T\u0259\u0259ss\u00fcfl\u0259r olsun ki, biz \u0259ks\u0259riyy\u0259tind\u0259n bunu g\u00f6rm\u00fcr\u00fck&#8221;.<\/p>\n<div id=\"AdviadNativeVideo0\" class=\"AdviadNativeVideo\"><\/div>\n<p>Az\u0259r H\u0259sr\u0259t deputat Cavan\u015fir Feyziyevin ad\u0131n\u0131n hallanmas\u0131 il\u0259 ba\u011fl\u0131 m\u0259qama da toxunub:<\/p>\n<p>&#8220;Bu g\u00fcn Cavan\u015fir Feyziyevl\u0259 ba\u011fl\u0131 mediada yay\u0131lan x\u0259b\u0259ri g\u00f6rd\u00fcm. He\u00e7 d\u0259 xo\u015f olmad\u0131, ancaq o el\u0259 insan deyil. Cavan\u015fir Feyziyev deputat olaraq, Az\u0259rbaycan \u00fc\u00e7\u00fcn \u00e7ox faydal\u0131 i\u015fl\u0259r g\u00f6r\u00fcr. H\u0259m d\u0259 M\u0259tbuat \u015euras\u0131n\u0131n \u0130dar\u0259 Hey\u0259tinin \u00fczv\u00fcd\u00fcr. O deputat olmam\u0131\u015fdan \u00f6nc\u0259 i\u015f adam\u0131 olub. Ancaq bildiyim\u0259 g\u00f6r\u0259 haz\u0131rda biznes f\u0259aliyy\u0259tind\u0259n tamamil\u0259 uzaqla\u015f\u0131b. Cavan\u015fir Feyziyev f\u0259aliyy\u0259tini biznes \u00fcz\u0259rind\u0259 quran deputatlardan deyil&#8221;.<\/p>\n<p>Qeyd ed\u0259k ki, &#8220;Quska&#8221; l\u0259q\u0259bi il\u0259 tan\u0131nan ke\u00e7mi\u015f deputat H\u00fcseyn Abdullayevin cinay\u0259t i\u015finin ara\u015fd\u0131rmas\u0131 zaman\u0131 xeyli maraql\u0131 m\u0259qamlar ortaya \u00e7\u0131x\u0131b. &#8220;Qafqazinfo&#8221;nun \u0259ld\u0259 etdiyi m\u0259lumata g\u00f6r\u0259, &#8220;Avromed&#8221; d\u0259rman firmas\u0131n\u0131n r\u0259hb\u0259ri, deputat Cavan\u015fir Feyziyev bir ne\u00e7\u0259 il \u0259vv\u0259l &#8220;Quska&#8221;dan d\u0259y\u0259ri 10 milyonlarla \u00f6l\u00e7\u00fcl\u0259n obyekt al\u0131b. \u0130stintaq zaman\u0131 m\u00fc\u0259yy\u0259n olunub ki, 2014-c\u00fc ild\u0259 H\u00fcseyn Abdullayevin m\u0259rhum atas\u0131n\u0131n ad\u0131na olan v\u0259 \u00dczeyir Hac\u0131b\u0259yov k\u00fc\u00e7\u0259sind\u0259 yerl\u0259\u015f\u0259n 786 kvadratmetr qeyri-ya\u015fay\u0131\u015f sah\u0259sini mill\u0259t v\u0259kili Cavan\u015fir Feyziyev \u00f6z o\u011fluna al\u0131b.<br \/>\n<img class=\"imgbcodecent\" src=\"https:\/\/upload.az\/foto\/arxiv\/b16e69931828.jpg\" alt=\"&quot;Rus dilini bilm\u0259y\u0259n deputatlar\u0131n parlamentd\u0259 n\u0259 i\u015fi var?&quot; - ET\u0130RAZ\" \/><\/p>\n","protected":false},"excerpt":{"rendered":"<p>&#8220;M\u0259n h\u0259r zaman parlamenti t\u0259nqid edir\u0259m.T\u0259nqidl\u0259rim d\u0259 s\u0259b\u0259bsiz deyil&#8221;. ARANTV.AZ\u00a0x\u0259b\u0259r verir ki, bu s\u00f6zl\u0259ri\u00a0sonxeber.az-a M\u0259tbuat \u015euras\u0131n\u0131n \u0130dar\u0259 Hey\u0259tinin \u00fczv\u00fc, siyasi \u015f\u0259rh\u00e7i Az\u0259r H\u0259sr\u0259t deyib. Az\u0259r H\u0259sr\u0259tin s\u00f6zl\u0259rin\u0259 g\u00f6r\u0259, Az\u0259rbaycan\u0131n f\u0259al deputatlara ehtiyac\u0131 var: &#8220;Allah\u0131n rus dilini normal bilm\u0259y\u0259n adamlar\u0131n parlamentd\u0259 n\u0259 i\u015fi var? H\u0259qiq\u0259t\u0259n d\u0259 bu g\u00fcn parlamentd\u0259 el\u0259 deputatlar var ki, rus dilind\u0259 normal dan\u0131\u015fa bilmirl\u0259r. Az\u0259rbaycan\u0131n f\u0259al deputatlara ehtiyac\u0131 var. B\u0259zi deputatlar sad\u0259c\u0259 olaraq, deputat k\u00fcrs\u00fcs\u00fcn\u00fc m\u0259\u015f\u011ful edirl\u0259r. \u00d6lk\u0259 \u00fc\u00e7\u00fcn i\u015f g\u00f6rm\u0259k \u0259v\u0259zin\u0259, xo\u015fag\u0259lm\u0259z x\u0259b\u0259rl\u0259rl\u0259 yadda qal\u0131rlar. Deputat\u0131n ad\u0131 Avropa Parlamentind\u0259, A\u015ePA-da, AT\u018fT-d\u0259, Az\u0259rbaycan Parlamentinin \u00f6z\u00fcnd\u0259 \u00e7\u0131x\u0131\u015flar\u0131na, v\u0259t\u0259nda\u015flarla&hellip;<\/p>\n","protected":false},"author":2,"featured_media":52810,"comment_status":"closed","ping_status":"closed","sticky":false,"template":"","format":"standard","meta":{"om_disable_all_campaigns":false,"_monsterinsights_skip_tracking":false,"_monsterinsights_sitenote_active":false,"_monsterinsights_sitenote_note":"","_monsterinsights_sitenote_category":0},"categories":[1],"tags":[],"aioseo_notices":[],"gutentor_comment":0,"rttpg_featured_image_url":{"full":["https:\/\/arantv.az\/wp-content\/uploads\/2019\/04\/photo_69387.jpg",503,310,false],"landscape":["https:\/\/arantv.az\/wp-content\/uploads\/2019\/04\/photo_69387.jpg",503,310,false],"portraits":["https:\/\/arantv.az\/wp-content\/uploads\/2019\/04\/photo_69387.jpg",503,310,false],"thumbnail":["https:\/\/arantv.az\/wp-content\/uploads\/2019\/04\/photo_69387-150x150.jpg",150,150,true],"medium":["https:\/\/arantv.az\/wp-content\/uploads\/2019\/04\/photo_69387-300x185.jpg",300,185,true],"large":["https:\/\/arantv.az\/wp-content\/uploads\/2019\/04\/photo_69387.jpg",503,310,false],"1536x1536":["https:\/\/arantv.az\/wp-content\/uploads\/2019\/04\/photo_69387.jpg",503,310,false],"2048x2048":["https:\/\/arantv.az\/wp-content\/uploads\/2019\/04\/photo_69387.jpg",503,310,false],"post-thumbnail":["https:\/\/arantv.az\/wp-content\/uploads\/2019\/04\/photo_69387-240x172.jpg",240,172,true],"advps-thumb-one":["https:\/\/arantv.az\/wp-content\/uploads\/2019\/04\/photo_69387.jpg",503,310,false]},"rttpg_author":{"display_name":"V\u00fcsal Rafiqo\u011flu","author_link":"https:\/\/arantv.az\/?author=2"},"rttpg_comment":0,"rttpg_category":"<a href=\"https:\/\/arantv.az\/?cat=1\" rel=\"category\">C\u0259miyy\u0259t<\/a>","rttpg_excerpt":"&#8220;M\u0259n h\u0259r zaman parlamenti t\u0259nqid edir\u0259m.T\u0259nqidl\u0259rim d\u0259 s\u0259b\u0259bsiz deyil&#8221;. ARANTV.AZ\u00a0x\u0259b\u0259r verir ki, bu s\u00f6zl\u0259ri\u00a0sonxeber.az-a M\u0259tbuat \u015euras\u0131n\u0131n \u0130dar\u0259 Hey\u0259tinin \u00fczv\u00fc, siyasi \u015f\u0259rh\u00e7i Az\u0259r H\u0259sr\u0259t deyib. Az\u0259r H\u0259sr\u0259tin s\u00f6zl\u0259rin\u0259 g\u00f6r\u0259, Az\u0259rbaycan\u0131n f\u0259al deputatlara ehtiyac\u0131 var: &#8220;Allah\u0131n rus dilini normal bilm\u0259y\u0259n adamlar\u0131n parlamentd\u0259 n\u0259 i\u015fi var? H\u0259qiq\u0259t\u0259n d\u0259 bu g\u00fcn parlamentd\u0259 el\u0259 deputatlar var ki, rus dilind\u0259 normal&hellip;","_links":{"self":[{"href":"https:\/\/arantv.az\/index.php?rest_route=\/wp\/v2\/posts\/52809"}],"collection":[{"href":"https:\/\/arantv.az\/index.php?rest_route=\/wp\/v2\/posts"}],"about":[{"href":"https:\/\/arantv.az\/index.php?rest_route=\/wp\/v2\/types\/post"}],"author":[{"embeddable":true,"href":"https:\/\/arantv.az\/index.php?rest_route=\/wp\/v2\/users\/2"}],"replies":[{"embeddable":true,"href":"https:\/\/arantv.az\/index.php?rest_route=%2Fwp%2Fv2%2Fcomments&post=52809"}],"version-history":[{"count":0,"href":"https:\/\/arantv.az\/index.php?rest_route=\/wp\/v2\/posts\/52809\/revisions"}],"wp:featuredmedia":[{"embeddable":true,"href":"https:\/\/arantv.az\/index.php?rest_route=\/wp\/v2\/media\/52810"}],"wp:attachment":[{"href":"https:\/\/arantv.az\/index.php?rest_route=%2Fwp%2Fv2%2Fmedia&parent=52809"}],"wp:term":[{"taxonomy":"category","embeddable":true,"href":"https:\/\/arantv.az\/index.php?rest_route=%2Fwp%2Fv2%2Fcategories&post=52809"},{"taxonomy":"post_tag","embeddable":true,"href":"https:\/\/arantv.az\/index.php?rest_route=%2Fwp%2Fv2%2Ftags&post=52809"}],"curies":[{"name":"wp","href":"https:\/\/api.w.org\/{rel}","templated":true}]}}