{"id":52829,"date":"2019-04-25T08:26:15","date_gmt":"2019-04-25T05:26:15","guid":{"rendered":"http:\/\/arantv.az\/?p=52829"},"modified":"2019-04-25T08:26:15","modified_gmt":"2019-04-25T05:26:15","slug":"prezident-ilham-%c9%99liyev-huawei-sirk%c9%99tinin-s%c9%99dri-il%c9%99-gorusub-yenil%c9%99nib-foto","status":"publish","type":"post","link":"https:\/\/arantv.az\/?p=52829","title":{"rendered":"Prezident \u0130lham \u018fliyev \u201cHuawei\u201d \u015firk\u0259tinin s\u0259dri il\u0259 g\u00f6r\u00fc\u015f\u00fcb &#8211; YEN\u0130L\u018fN\u0130B &#8211; FOTO"},"content":{"rendered":"<p><strong>ARANTV.AZ<\/strong> az\u0259rtac-a istinad\u0259n bildirir ki,\u00a0Az\u0259rbaycan Respublikas\u0131n\u0131n Prezidenti \u0130lham \u018fliyev aprelin 25-d\u0259 Pekind\u0259 &#8220;Huawei&#8221; \u015firk\u0259tinin s\u0259dri Lian Xua il\u0259 g\u00f6r\u00fc\u015f\u00fcb.<\/p>\n<p>&#8212;&#8212;&#8212;<\/p>\n<p><strong>24.04.2019<\/strong><br \/>\n<strong>17:53<\/strong><\/p>\n<p>Aprelin 24-d\u0259 Az\u0259rbaycan Respublikas\u0131n\u0131n Prezidenti \u0130lham \u018fliyev Pekind\u0259 \u00c7in Kommunist Partiyas\u0131 M\u0259rk\u0259zi Komit\u0259si Siyasi B\u00fcrosunun \u00fczv\u00fc, \u00c7in Xalq Siyasi M\u0259\u015fv\u0259r\u0259t \u015euras\u0131n\u0131n s\u0259dri Van Yanla g\u00f6r\u00fc\u015f\u00fcb.<\/p>\n<p><strong>ARANTV.AZ<\/strong> az\u0259rtac-a istinad\u0259n bildirir ki,\u00a0Van Yan Az\u0259rbaycan Prezidentinin \u00c7in\u0259 s\u0259f\u0259rinin ikit\u0259r\u0259fli \u0259laq\u0259l\u0259rimiz\u0259 t\u00f6hf\u0259 verdiyini bildirdi. &#8220;Bir k\u0259m\u0259r, bir yol&#8221; layih\u0259sinin h\u0259rt\u0259r\u0259fli \u0259m\u0259kda\u015fl\u0131\u011f\u0131 ehtiva ed\u0259n geni\u015f ictimai platforma oldu\u011funu dey\u0259n Van Yan Az\u0259rbaycan\u0131n v\u0259 \u00c7inin beyn\u0259lxalq t\u0259\u015fkilatlar \u00e7\u0259r\u00e7iv\u0259sind\u0259 daim bir-birini d\u0259st\u0259kl\u0259diyini vur\u011fulad\u0131. Qeyd etdi ki, \u00f6lk\u0259l\u0259rimiz birg\u0259 s\u0259yl\u0259rl\u0259 siyasi, iqtisadi, n\u0259qliyyat, humanitar v\u0259 dig\u0259r sah\u0259l\u0259rd\u0259 \u0259m\u0259kda\u015fl\u0131\u011f\u0131 daha da inki\u015faf etdirm\u0259lidir.<\/p>\n<p>Prezident \u0130lham \u018fliyev \u00f6lk\u0259l\u0259rimiz aras\u0131nda b\u00fct\u00fcn istiqam\u0259tl\u0259rd\u0259 \u0259m\u0259kda\u015fl\u0131\u011f\u0131n inki\u015faf\u0131nda m\u00fcsb\u0259t dinamikan\u0131n oldu\u011funu bildirdi. Az\u0259rbaycan\u0131n \u00c7in d\u00f6vl\u0259ti ba\u015f\u00e7\u0131s\u0131n\u0131n t\u0259\u015f\u0259bb\u00fcskar\u0131 oldu\u011fu &#8220;Bir k\u0259m\u0259r, bir yol&#8221; layih\u0259sin\u0259 m\u00fch\u00fcm \u0259h\u0259miyy\u0259t verdiyini, bu t\u0259\u015f\u0259bb\u00fcs\u00fc d\u0259st\u0259kl\u0259y\u0259n ilk \u00f6lk\u0259l\u0259rd\u0259n oldu\u011funu qeyd etdi. Bildirdi ki, \u00f6lk\u0259mizd\u0259 m\u00fcasir n\u0259qliyyat infrastrukturunun yarad\u0131lmas\u0131na x\u00fcsusi \u00f6n\u0259m verilir. Prezident \u0130lham \u018fliyev ikinci &#8220;Bir k\u0259m\u0259r, bir yol&#8221; Beyn\u0259lxalq Forumuna d\u0259v\u0259t\u0259 g\u00f6r\u0259 t\u0259\u015f\u0259kk\u00fcr etdi, bunu Az\u0259rbaycana olan h\u00f6rm\u0259tin v\u0259 dostlu\u011fun n\u00fcmun\u0259si kimi qiym\u0259tl\u0259ndirdi. D\u00f6vl\u0259timizin ba\u015f\u00e7\u0131s\u0131 bu s\u0259f\u0259rinin Az\u0259rbaycanla \u00c7in aras\u0131nda \u0259m\u0259kda\u015fl\u0131\u011f\u0131n inki\u015faf\u0131na ciddi t\u0259kan ver\u0259c\u0259yini bildirdi.<\/p>\n<p>S\u00f6hb\u0259t zaman\u0131 \u00c7in-Az\u0259rbaycan m\u00fcnasib\u0259tl\u0259rinin v\u0259 iqtisadi sah\u0259d\u0259 \u0259m\u0259kda\u015fl\u0131\u011f\u0131n inki\u015faf\u0131, ticar\u0259t d\u00f6vriyy\u0259sinin art\u0131r\u0131lmas\u0131, beyn\u0259lxalq t\u0259\u015fkilatlarda qar\u015f\u0131l\u0131ql\u0131 d\u0259st\u0259k, investisiya qoyulu\u015fu v\u0259 dig\u0259r m\u0259s\u0259l\u0259l\u0259r m\u00fczakir\u0259 olundu.<\/p>\n<p>&#8212;&#8212;-<\/p>\n<p><strong>24.04.2019<br \/>\n11:05<\/strong><\/p>\n<p>Az\u0259rbaycan Respublikas\u0131n\u0131n Prezidenti \u0130lham \u018fliyev aprelin 24-d\u0259 Pekind\u0259 &#8220;ZTE&#8221; Korporasiyas\u0131n\u0131n s\u0259dri Li Zixue il\u0259 g\u00f6r\u00fc\u015f\u00fcb.<\/p>\n<p><strong>ARANTV.AZ<\/strong> az\u0259rtac-a istinad\u0259n x\u0259b\u0259r verir ki, &#8220;ZTE&#8221; Korporasiyas\u0131n\u0131n s\u0259dri Li Zixue onun r\u0259hb\u0259rlik etdiyi \u015firk\u0259tin d\u00fcnyada telekommunikasiya avadanl\u0131qlar\u0131n\u0131n \u0259n b\u00f6y\u00fck t\u0259chizat\u00e7\u0131lar\u0131ndan biri oldu\u011funu bildirdi. \u00c7ind\u0259 v\u0259 xaricd\u0259 \u00e7oxlu t\u0259r\u0259fda\u015flar\u0131n\u0131n oldu\u011funu dey\u0259n Li Zixue Az\u0259rbaycan bazar\u0131nda da g\u00f6z\u0259l \u0259m\u0259kda\u015fl\u0131q n\u00fcmun\u0259l\u0259rinin m\u00f6vcudlu\u011funu vur\u011fulad\u0131 v\u0259 \u00f6lk\u0259mizl\u0259 t\u0259r\u0259fda\u015fl\u0131q \u0259laq\u0259l\u0259rini g\u00fccl\u0259ndirm\u0259k ist\u0259dikl\u0259rini bildirdi.<\/p>\n<p>Prezident \u0130lham \u018fliyev bu \u0259m\u0259kda\u015fl\u0131\u011f\u0131n u\u011furlu olaca\u011f\u0131na \u00fcmid etdiyini bildirdi. \u0130nformasiya-kommunikasiya texnologiyalar\u0131n\u0131n inki\u015faf\u0131n\u0131n Az\u0259rbaycanda prioritet sah\u0259l\u0259rd\u0259n oldu\u011funu dey\u0259n d\u00f6vl\u0259timizin ba\u015f\u00e7\u0131s\u0131 son ill\u0259rd\u0259 bu sektorun inki\u015faf\u0131 \u00fc\u00e7\u00fcn xeyli i\u015fl\u0259rin g\u00f6r\u00fcld\u00fcy\u00fcn\u00fc, bu sah\u0259y\u0259 investisiyalar\u0131n yat\u0131r\u0131ld\u0131\u011f\u0131n\u0131, xarici t\u0259r\u0259fda\u015flarla \u0259laq\u0259l\u0259rin geni\u015fl\u0259ndiyini dedi. Prezident \u0130lham \u018fliyev &#8220;ZTE&#8221; Korporasiyas\u0131 il\u0259 \u0259m\u0259kda\u015fl\u0131q \u00fc\u00e7\u00fcn yax\u015f\u0131 imkanlar\u0131n oldu\u011funu vur\u011fulad\u0131.<\/p>\n<p>&#8212;&#8212;&#8212;-<br \/>\n<strong>24.04.2019<br \/>\n07.01<\/strong><\/p>\n<p>Az\u0259rbaycan Respublikas\u0131n\u0131n Prezidenti \u0130lham \u018fliyev \u00c7in Xalq Respublikas\u0131 S\u0259drinin d\u0259v\u0259ti il\u0259 2-ci &#8220;Bir k\u0259m\u0259r, bir yol&#8221; beyn\u0259lxalq forumunda i\u015ftirak etm\u0259k \u00fc\u00e7\u00fcn aprelin 24-d\u0259 bu \u00f6lk\u0259y\u0259 i\u015fg\u00fczar s\u0259f\u0259r\u0259 g\u0259lib.<\/p>\n<p><strong>ARANTV.AZ<\/strong> az\u0259rtac-a istinad\u0259n bildirir ki, Pekin \u015f\u0259h\u0259rinin beyn\u0259lxalq aeroportunda d\u00f6vl\u0259timizin ba\u015f\u00e7\u0131s\u0131n\u0131n \u015f\u0259r\u0259fin\u0259 f\u0259xri qarovul d\u0259st\u0259si d\u00fcz\u00fclm\u00fc\u015fd\u00fc.<\/p>\n<p>Prezident \u0130lham \u018fliyevi \u00c7inin xarici i\u015fl\u0259r nazirinin m\u00fcavini Zang Hanhui v\u0259 dig\u0259r r\u0259smi \u015f\u0259xsl\u0259r qar\u015f\u0131lad\u0131lar.<\/p>\n<p><img loading=\"lazy\" class=\"alignnone size-medium wp-image-52830\" src=\"https:\/\/arantv.az\/wp-content\/uploads\/2019\/04\/749618_1-1-300x206.jpg\" alt=\"\" width=\"300\" height=\"206\" \/><img loading=\"lazy\" class=\"alignnone size-full wp-image-52831\" src=\"https:\/\/arantv.az\/wp-content\/uploads\/2019\/04\/749295_06.jpg\" alt=\"\" width=\"250\" height=\"169\" \/><img loading=\"lazy\" class=\"alignnone size-full wp-image-52832\" src=\"https:\/\/arantv.az\/wp-content\/uploads\/2019\/04\/749295_004.jpg\" alt=\"\" width=\"250\" height=\"157\" \/><\/p>\n","protected":false},"excerpt":{"rendered":"<p>ARANTV.AZ az\u0259rtac-a istinad\u0259n bildirir ki,\u00a0Az\u0259rbaycan Respublikas\u0131n\u0131n Prezidenti \u0130lham \u018fliyev aprelin 25-d\u0259 Pekind\u0259 &#8220;Huawei&#8221; \u015firk\u0259tinin s\u0259dri Lian Xua il\u0259 g\u00f6r\u00fc\u015f\u00fcb. &#8212;&#8212;&#8212; 24.04.2019 17:53 Aprelin 24-d\u0259 Az\u0259rbaycan Respublikas\u0131n\u0131n Prezidenti \u0130lham \u018fliyev Pekind\u0259 \u00c7in Kommunist Partiyas\u0131 M\u0259rk\u0259zi Komit\u0259si Siyasi B\u00fcrosunun \u00fczv\u00fc, \u00c7in Xalq Siyasi M\u0259\u015fv\u0259r\u0259t \u015euras\u0131n\u0131n s\u0259dri Van Yanla g\u00f6r\u00fc\u015f\u00fcb. ARANTV.AZ az\u0259rtac-a istinad\u0259n bildirir ki,\u00a0Van Yan Az\u0259rbaycan Prezidentinin \u00c7in\u0259 s\u0259f\u0259rinin ikit\u0259r\u0259fli \u0259laq\u0259l\u0259rimiz\u0259 t\u00f6hf\u0259 verdiyini bildirdi. &#8220;Bir k\u0259m\u0259r, bir yol&#8221; layih\u0259sinin h\u0259rt\u0259r\u0259fli \u0259m\u0259kda\u015fl\u0131\u011f\u0131 ehtiva ed\u0259n geni\u015f ictimai platforma oldu\u011funu dey\u0259n Van Yan Az\u0259rbaycan\u0131n v\u0259 \u00c7inin beyn\u0259lxalq t\u0259\u015fkilatlar \u00e7\u0259r\u00e7iv\u0259sind\u0259 daim bir-birini d\u0259st\u0259kl\u0259diyini vur\u011fulad\u0131. Qeyd etdi&hellip;<\/p>\n","protected":false},"author":2,"featured_media":52830,"comment_status":"closed","ping_status":"closed","sticky":false,"template":"","format":"standard","meta":{"om_disable_all_campaigns":false,"_monsterinsights_skip_tracking":false,"_monsterinsights_sitenote_active":false,"_monsterinsights_sitenote_note":"","_monsterinsights_sitenote_category":0},"categories":[4],"tags":[],"aioseo_notices":[],"gutentor_comment":0,"rttpg_featured_image_url":{"full":["https:\/\/arantv.az\/wp-content\/uploads\/2019\/04\/749618_1-1.jpg",975,669,false],"landscape":["https:\/\/arantv.az\/wp-content\/uploads\/2019\/04\/749618_1-1.jpg",975,669,false],"portraits":["https:\/\/arantv.az\/wp-content\/uploads\/2019\/04\/749618_1-1.jpg",975,669,false],"thumbnail":["https:\/\/arantv.az\/wp-content\/uploads\/2019\/04\/749618_1-1-150x150.jpg",150,150,true],"medium":["https:\/\/arantv.az\/wp-content\/uploads\/2019\/04\/749618_1-1-300x206.jpg",300,206,true],"large":["https:\/\/arantv.az\/wp-content\/uploads\/2019\/04\/749618_1-1.jpg",640,439,false],"1536x1536":["https:\/\/arantv.az\/wp-content\/uploads\/2019\/04\/749618_1-1.jpg",975,669,false],"2048x2048":["https:\/\/arantv.az\/wp-content\/uploads\/2019\/04\/749618_1-1.jpg",975,669,false],"post-thumbnail":["https:\/\/arantv.az\/wp-content\/uploads\/2019\/04\/749618_1-1-240x172.jpg",240,172,true],"advps-thumb-one":["https:\/\/arantv.az\/wp-content\/uploads\/2019\/04\/749618_1-1-975x620.jpg",975,620,true]},"rttpg_author":{"display_name":"V\u00fcsal Rafiqo\u011flu","author_link":"https:\/\/arantv.az\/?author=2"},"rttpg_comment":0,"rttpg_category":"<a href=\"https:\/\/arantv.az\/?cat=4\" rel=\"category\">Siyas\u0259t<\/a>","rttpg_excerpt":"ARANTV.AZ az\u0259rtac-a istinad\u0259n bildirir ki,\u00a0Az\u0259rbaycan Respublikas\u0131n\u0131n Prezidenti \u0130lham \u018fliyev aprelin 25-d\u0259 Pekind\u0259 &#8220;Huawei&#8221; \u015firk\u0259tinin s\u0259dri Lian Xua il\u0259 g\u00f6r\u00fc\u015f\u00fcb. &#8212;&#8212;&#8212; 24.04.2019 17:53 Aprelin 24-d\u0259 Az\u0259rbaycan Respublikas\u0131n\u0131n Prezidenti \u0130lham \u018fliyev Pekind\u0259 \u00c7in Kommunist Partiyas\u0131 M\u0259rk\u0259zi Komit\u0259si Siyasi B\u00fcrosunun \u00fczv\u00fc, \u00c7in Xalq Siyasi M\u0259\u015fv\u0259r\u0259t \u015euras\u0131n\u0131n s\u0259dri Van Yanla g\u00f6r\u00fc\u015f\u00fcb. ARANTV.AZ az\u0259rtac-a istinad\u0259n bildirir ki,\u00a0Van Yan Az\u0259rbaycan Prezidentinin&hellip;","_links":{"self":[{"href":"https:\/\/arantv.az\/index.php?rest_route=\/wp\/v2\/posts\/52829"}],"collection":[{"href":"https:\/\/arantv.az\/index.php?rest_route=\/wp\/v2\/posts"}],"about":[{"href":"https:\/\/arantv.az\/index.php?rest_route=\/wp\/v2\/types\/post"}],"author":[{"embeddable":true,"href":"https:\/\/arantv.az\/index.php?rest_route=\/wp\/v2\/users\/2"}],"replies":[{"embeddable":true,"href":"https:\/\/arantv.az\/index.php?rest_route=%2Fwp%2Fv2%2Fcomments&post=52829"}],"version-history":[{"count":0,"href":"https:\/\/arantv.az\/index.php?rest_route=\/wp\/v2\/posts\/52829\/revisions"}],"wp:featuredmedia":[{"embeddable":true,"href":"https:\/\/arantv.az\/index.php?rest_route=\/wp\/v2\/media\/52830"}],"wp:attachment":[{"href":"https:\/\/arantv.az\/index.php?rest_route=%2Fwp%2Fv2%2Fmedia&parent=52829"}],"wp:term":[{"taxonomy":"category","embeddable":true,"href":"https:\/\/arantv.az\/index.php?rest_route=%2Fwp%2Fv2%2Fcategories&post=52829"},{"taxonomy":"post_tag","embeddable":true,"href":"https:\/\/arantv.az\/index.php?rest_route=%2Fwp%2Fv2%2Ftags&post=52829"}],"curies":[{"name":"wp","href":"https:\/\/api.w.org\/{rel}","templated":true}]}}