{"id":52985,"date":"2019-04-25T14:20:53","date_gmt":"2019-04-25T11:20:53","guid":{"rendered":"http:\/\/arantv.az\/?p=52985"},"modified":"2019-04-25T14:20:53","modified_gmt":"2019-04-25T11:20:53","slug":"az%c9%99rbaycanda-polietilen-ortuk-istehsali-is%c9%99-salinir","status":"publish","type":"post","link":"https:\/\/arantv.az\/?p=52985","title":{"rendered":"Az\u0259rbaycanda polietilen \u00f6rt\u00fck istehsal\u0131 i\u015f\u0259 sal\u0131n\u0131r"},"content":{"rendered":"<p><strong>&#8220;Aprelin 25-i Bak\u0131n\u0131n M\u0259h\u0259mm\u0259di q\u0259s\u0259b\u0259sind\u0259 polietilen \u00f6rt\u00fckl\u0259rin istehsal\u0131 zavodu test rejimind\u0259 i\u015f\u0259 d\u00fc\u015f\u0259c\u0259k&#8221;.<\/strong><\/p>\n<p><strong>ARANTV.AZ\u00a0\u00a0<\/strong><a href=\"https:\/\/az.trend.az\/\" target=\"_blank\" rel=\"noopener\"><span style=\"color: #000000;\">Trend<\/span><\/a>-\u0259 istinad\u0259n x\u0259b\u0259r verir ki, bunu jurnalistl\u0259r\u0259 zavodun direktoru B\u0259xtiyar Na\u011f\u0131yev deyib.<\/p>\n<p>O qeyd edib ki, ilk m\u0259hsul on g\u00fcn \u0259rzind\u0259 bazara \u00e7\u0131xar\u0131lacaq.<\/p>\n<div id=\"AdviadNativeVideo0\" class=\"AdviadNativeVideo\"><\/div>\n<p>Direktorun s\u00f6zl\u0259rin\u0259 g\u00f6r\u0259, il \u0259rzind\u0259 7 min ton polietilen m\u0259hsulun istehsal\u0131 planla\u015fd\u0131r\u0131l\u0131r. Bunun 3,5 min tonu yerli bazarda sat\u0131lacaq. Qalan m\u0259hsulun xarici bazara, x\u00fcsusil\u0259 Rusiya v\u0259 M\u0259rk\u0259zi Asiya \u00f6lk\u0259l\u0259rin\u0259 t\u0259dar\u00fck\u00fc n\u0259z\u0259rd\u0259 tutulur.<\/p>\n<p>B.Na\u011f\u0131yev vur\u011fulay\u0131b ki, polietilen istehsal\u0131 zavodu Sahibkarl\u0131\u011f\u0131n \u0130nki\u015faf\u0131 Fondu t\u0259r\u0259find\u0259n verilmi\u015f 3,5 milyon manat h\u0259cmind\u0259 g\u00fcz\u0259\u015ftli kredit hesab\u0131na tikilib.<\/p>\n","protected":false},"excerpt":{"rendered":"<p>&#8220;Aprelin 25-i Bak\u0131n\u0131n M\u0259h\u0259mm\u0259di q\u0259s\u0259b\u0259sind\u0259 polietilen \u00f6rt\u00fckl\u0259rin istehsal\u0131 zavodu test rejimind\u0259 i\u015f\u0259 d\u00fc\u015f\u0259c\u0259k&#8221;. ARANTV.AZ\u00a0\u00a0Trend-\u0259 istinad\u0259n x\u0259b\u0259r verir ki, bunu jurnalistl\u0259r\u0259 zavodun direktoru B\u0259xtiyar Na\u011f\u0131yev deyib. O qeyd edib ki, ilk m\u0259hsul on g\u00fcn \u0259rzind\u0259 bazara \u00e7\u0131xar\u0131lacaq. Direktorun s\u00f6zl\u0259rin\u0259 g\u00f6r\u0259, il \u0259rzind\u0259 7 min ton polietilen m\u0259hsulun istehsal\u0131 planla\u015fd\u0131r\u0131l\u0131r. Bunun 3,5 min tonu yerli bazarda sat\u0131lacaq. Qalan m\u0259hsulun xarici bazara, x\u00fcsusil\u0259 Rusiya v\u0259 M\u0259rk\u0259zi Asiya \u00f6lk\u0259l\u0259rin\u0259 t\u0259dar\u00fck\u00fc n\u0259z\u0259rd\u0259 tutulur. B.Na\u011f\u0131yev vur\u011fulay\u0131b ki, polietilen istehsal\u0131 zavodu Sahibkarl\u0131\u011f\u0131n \u0130nki\u015faf\u0131 Fondu t\u0259r\u0259find\u0259n verilmi\u015f 3,5 milyon manat h\u0259cmind\u0259 g\u00fcz\u0259\u015ftli kredit hesab\u0131na tikilib.<\/p>\n","protected":false},"author":2,"featured_media":52986,"comment_status":"closed","ping_status":"closed","sticky":false,"template":"","format":"standard","meta":{"om_disable_all_campaigns":false,"_monsterinsights_skip_tracking":false,"_monsterinsights_sitenote_active":false,"_monsterinsights_sitenote_note":"","_monsterinsights_sitenote_category":0},"categories":[1],"tags":[],"aioseo_notices":[],"gutentor_comment":0,"rttpg_featured_image_url":{"full":["https:\/\/arantv.az\/wp-content\/uploads\/2019\/04\/749712.jpg",600,450,false],"landscape":["https:\/\/arantv.az\/wp-content\/uploads\/2019\/04\/749712.jpg",600,450,false],"portraits":["https:\/\/arantv.az\/wp-content\/uploads\/2019\/04\/749712.jpg",600,450,false],"thumbnail":["https:\/\/arantv.az\/wp-content\/uploads\/2019\/04\/749712-150x150.jpg",150,150,true],"medium":["https:\/\/arantv.az\/wp-content\/uploads\/2019\/04\/749712-300x225.jpg",300,225,true],"large":["https:\/\/arantv.az\/wp-content\/uploads\/2019\/04\/749712.jpg",600,450,false],"1536x1536":["https:\/\/arantv.az\/wp-content\/uploads\/2019\/04\/749712.jpg",600,450,false],"2048x2048":["https:\/\/arantv.az\/wp-content\/uploads\/2019\/04\/749712.jpg",600,450,false],"post-thumbnail":["https:\/\/arantv.az\/wp-content\/uploads\/2019\/04\/749712-240x172.jpg",240,172,true],"advps-thumb-one":["https:\/\/arantv.az\/wp-content\/uploads\/2019\/04\/749712.jpg",600,450,false]},"rttpg_author":{"display_name":"V\u00fcsal Rafiqo\u011flu","author_link":"https:\/\/arantv.az\/?author=2"},"rttpg_comment":0,"rttpg_category":"<a href=\"https:\/\/arantv.az\/?cat=1\" rel=\"category\">C\u0259miyy\u0259t<\/a>","rttpg_excerpt":"&#8220;Aprelin 25-i Bak\u0131n\u0131n M\u0259h\u0259mm\u0259di q\u0259s\u0259b\u0259sind\u0259 polietilen \u00f6rt\u00fckl\u0259rin istehsal\u0131 zavodu test rejimind\u0259 i\u015f\u0259 d\u00fc\u015f\u0259c\u0259k&#8221;. ARANTV.AZ\u00a0\u00a0Trend-\u0259 istinad\u0259n x\u0259b\u0259r verir ki, bunu jurnalistl\u0259r\u0259 zavodun direktoru B\u0259xtiyar Na\u011f\u0131yev deyib. O qeyd edib ki, ilk m\u0259hsul on g\u00fcn \u0259rzind\u0259 bazara \u00e7\u0131xar\u0131lacaq. Direktorun s\u00f6zl\u0259rin\u0259 g\u00f6r\u0259, il \u0259rzind\u0259 7 min ton polietilen m\u0259hsulun istehsal\u0131 planla\u015fd\u0131r\u0131l\u0131r. Bunun 3,5 min tonu yerli bazarda sat\u0131lacaq.&hellip;","_links":{"self":[{"href":"https:\/\/arantv.az\/index.php?rest_route=\/wp\/v2\/posts\/52985"}],"collection":[{"href":"https:\/\/arantv.az\/index.php?rest_route=\/wp\/v2\/posts"}],"about":[{"href":"https:\/\/arantv.az\/index.php?rest_route=\/wp\/v2\/types\/post"}],"author":[{"embeddable":true,"href":"https:\/\/arantv.az\/index.php?rest_route=\/wp\/v2\/users\/2"}],"replies":[{"embeddable":true,"href":"https:\/\/arantv.az\/index.php?rest_route=%2Fwp%2Fv2%2Fcomments&post=52985"}],"version-history":[{"count":0,"href":"https:\/\/arantv.az\/index.php?rest_route=\/wp\/v2\/posts\/52985\/revisions"}],"wp:featuredmedia":[{"embeddable":true,"href":"https:\/\/arantv.az\/index.php?rest_route=\/wp\/v2\/media\/52986"}],"wp:attachment":[{"href":"https:\/\/arantv.az\/index.php?rest_route=%2Fwp%2Fv2%2Fmedia&parent=52985"}],"wp:term":[{"taxonomy":"category","embeddable":true,"href":"https:\/\/arantv.az\/index.php?rest_route=%2Fwp%2Fv2%2Fcategories&post=52985"},{"taxonomy":"post_tag","embeddable":true,"href":"https:\/\/arantv.az\/index.php?rest_route=%2Fwp%2Fv2%2Ftags&post=52985"}],"curies":[{"name":"wp","href":"https:\/\/api.w.org\/{rel}","templated":true}]}}