{"id":52988,"date":"2019-04-25T14:21:56","date_gmt":"2019-04-25T11:21:56","guid":{"rendered":"http:\/\/arantv.az\/?p=52988"},"modified":"2019-04-25T14:21:56","modified_gmt":"2019-04-25T11:21:56","slug":"bakida-yataqxanalardaki-yanginin-qarsisini-almaq-ucun-komissiya-yaradildi","status":"publish","type":"post","link":"https:\/\/arantv.az\/?p=52988","title":{"rendered":"Bak\u0131da yataqxanalardak\u0131 yan\u011f\u0131n\u0131n qar\u015f\u0131s\u0131n\u0131 almaq \u00fc\u00e7\u00fcn komissiya yarad\u0131ld\u0131"},"content":{"rendered":"<p><strong>Qa\u00e7q\u0131nlar\u0131n v\u0259 M\u0259cburi K\u00f6\u00e7k\u00fcnl\u0259rin \u0130\u015fl\u0259ri \u00fczr\u0259 D\u00f6vl\u0259t Komit\u0259sind\u0259 Bak\u0131da m\u0259cburi k\u00f6\u00e7k\u00fcnl\u0259rin m\u0259skunla\u015fd\u0131\u011f\u0131 yataqxanalarda yan\u011f\u0131n hadis\u0259l\u0259rinin qar\u015f\u0131s\u0131n\u0131n al\u0131nmas\u0131 il\u0259 ba\u011fl\u0131 komissiya yarad\u0131l\u0131b.<\/strong><\/p>\n<p><strong>ARANTV.AZ<\/strong> x\u0259b\u0259r verir ki, bu bar\u0259d\u0259\u00a0<a href=\"http:\/\/az.trend.az\/\" target=\"_blank\" rel=\"noopener\">Trend<\/a>-\u0259\u00a0a\u00e7\u0131qlamas\u0131nda komit\u0259 s\u0259dri\u00a0<strong>R\u00f6v\u015f\u0259n Rzayev<\/strong>\u00a0deyib.<\/p>\n<div id=\"AdviadNativeVideo0\" class=\"AdviadNativeVideo\"><\/div>\n<p>Onun s\u00f6zl\u0259rin\u0259 g\u00f6r\u0259, komissiya bununla ba\u011fl\u0131 ara\u015fd\u0131rmalar apar\u0131r: &#8220;G\u0259l\u0259c\u0259kd\u0259 bununla ba\u011fl\u0131 ataca\u011f\u0131m\u0131z add\u0131mlar m\u00fc\u0259yy\u0259n olunub. Yax\u0131n g\u00fcnl\u0259rd\u0259 Nazirl\u0259r Kabinetin\u0259 m\u00fcraci\u0259t ed\u0259c\u0259yik ki, bununla ba\u011fl\u0131 d\u00f6vl\u0259t v\u0259saiti ayr\u0131ls\u0131n. V\u0259sait ayr\u0131landan sonra Bak\u0131 \u015f\u0259h\u0259rind\u0259 m\u0259cburi k\u00f6\u00e7k\u00fcnl\u0259rin m\u0259skunla\u015fd\u0131\u011f\u0131 b\u00fct\u00fcn yataqxanalar\u0131n elektrik naqill\u0259ri yenil\u0259n\u0259c\u0259k, k\u00f6hn\u0259 v\u0259 qar\u0131\u015f\u0131q \u00e7\u0259kil\u0259n x\u0259tl\u0259r t\u0259mizl\u0259n\u0259c\u0259k. T\u0259xmin\u0259n 1 v\u0259 ya 2 h\u0259ft\u0259 \u0259rzind\u0259 proses\u0259 ba\u015flanacaq&#8221;.<\/p>\n","protected":false},"excerpt":{"rendered":"<p>Qa\u00e7q\u0131nlar\u0131n v\u0259 M\u0259cburi K\u00f6\u00e7k\u00fcnl\u0259rin \u0130\u015fl\u0259ri \u00fczr\u0259 D\u00f6vl\u0259t Komit\u0259sind\u0259 Bak\u0131da m\u0259cburi k\u00f6\u00e7k\u00fcnl\u0259rin m\u0259skunla\u015fd\u0131\u011f\u0131 yataqxanalarda yan\u011f\u0131n hadis\u0259l\u0259rinin qar\u015f\u0131s\u0131n\u0131n al\u0131nmas\u0131 il\u0259 ba\u011fl\u0131 komissiya yarad\u0131l\u0131b. ARANTV.AZ x\u0259b\u0259r verir ki, bu bar\u0259d\u0259\u00a0Trend-\u0259\u00a0a\u00e7\u0131qlamas\u0131nda komit\u0259 s\u0259dri\u00a0R\u00f6v\u015f\u0259n Rzayev\u00a0deyib. Onun s\u00f6zl\u0259rin\u0259 g\u00f6r\u0259, komissiya bununla ba\u011fl\u0131 ara\u015fd\u0131rmalar apar\u0131r: &#8220;G\u0259l\u0259c\u0259kd\u0259 bununla ba\u011fl\u0131 ataca\u011f\u0131m\u0131z add\u0131mlar m\u00fc\u0259yy\u0259n olunub. Yax\u0131n g\u00fcnl\u0259rd\u0259 Nazirl\u0259r Kabinetin\u0259 m\u00fcraci\u0259t ed\u0259c\u0259yik ki, bununla ba\u011fl\u0131 d\u00f6vl\u0259t v\u0259saiti ayr\u0131ls\u0131n. V\u0259sait ayr\u0131landan sonra Bak\u0131 \u015f\u0259h\u0259rind\u0259 m\u0259cburi k\u00f6\u00e7k\u00fcnl\u0259rin m\u0259skunla\u015fd\u0131\u011f\u0131 b\u00fct\u00fcn yataqxanalar\u0131n elektrik naqill\u0259ri yenil\u0259n\u0259c\u0259k, k\u00f6hn\u0259 v\u0259 qar\u0131\u015f\u0131q \u00e7\u0259kil\u0259n x\u0259tl\u0259r t\u0259mizl\u0259n\u0259c\u0259k. T\u0259xmin\u0259n 1 v\u0259 ya 2 h\u0259ft\u0259 \u0259rzind\u0259 proses\u0259 ba\u015flanacaq&#8221;.<\/p>\n","protected":false},"author":2,"featured_media":52989,"comment_status":"closed","ping_status":"closed","sticky":false,"template":"","format":"standard","meta":{"om_disable_all_campaigns":false,"_monsterinsights_skip_tracking":false,"_monsterinsights_sitenote_active":false,"_monsterinsights_sitenote_note":"","_monsterinsights_sitenote_category":0},"categories":[1],"tags":[],"aioseo_notices":[],"gutentor_comment":0,"rttpg_featured_image_url":{"full":["https:\/\/arantv.az\/wp-content\/uploads\/2019\/04\/749730.jpg",600,450,false],"landscape":["https:\/\/arantv.az\/wp-content\/uploads\/2019\/04\/749730.jpg",600,450,false],"portraits":["https:\/\/arantv.az\/wp-content\/uploads\/2019\/04\/749730.jpg",600,450,false],"thumbnail":["https:\/\/arantv.az\/wp-content\/uploads\/2019\/04\/749730-150x150.jpg",150,150,true],"medium":["https:\/\/arantv.az\/wp-content\/uploads\/2019\/04\/749730-300x225.jpg",300,225,true],"large":["https:\/\/arantv.az\/wp-content\/uploads\/2019\/04\/749730.jpg",600,450,false],"1536x1536":["https:\/\/arantv.az\/wp-content\/uploads\/2019\/04\/749730.jpg",600,450,false],"2048x2048":["https:\/\/arantv.az\/wp-content\/uploads\/2019\/04\/749730.jpg",600,450,false],"post-thumbnail":["https:\/\/arantv.az\/wp-content\/uploads\/2019\/04\/749730-240x172.jpg",240,172,true],"advps-thumb-one":["https:\/\/arantv.az\/wp-content\/uploads\/2019\/04\/749730.jpg",600,450,false]},"rttpg_author":{"display_name":"V\u00fcsal Rafiqo\u011flu","author_link":"https:\/\/arantv.az\/?author=2"},"rttpg_comment":0,"rttpg_category":"<a href=\"https:\/\/arantv.az\/?cat=1\" rel=\"category\">C\u0259miyy\u0259t<\/a>","rttpg_excerpt":"Qa\u00e7q\u0131nlar\u0131n v\u0259 M\u0259cburi K\u00f6\u00e7k\u00fcnl\u0259rin \u0130\u015fl\u0259ri \u00fczr\u0259 D\u00f6vl\u0259t Komit\u0259sind\u0259 Bak\u0131da m\u0259cburi k\u00f6\u00e7k\u00fcnl\u0259rin m\u0259skunla\u015fd\u0131\u011f\u0131 yataqxanalarda yan\u011f\u0131n hadis\u0259l\u0259rinin qar\u015f\u0131s\u0131n\u0131n al\u0131nmas\u0131 il\u0259 ba\u011fl\u0131 komissiya yarad\u0131l\u0131b. ARANTV.AZ x\u0259b\u0259r verir ki, bu bar\u0259d\u0259\u00a0Trend-\u0259\u00a0a\u00e7\u0131qlamas\u0131nda komit\u0259 s\u0259dri\u00a0R\u00f6v\u015f\u0259n Rzayev\u00a0deyib. Onun s\u00f6zl\u0259rin\u0259 g\u00f6r\u0259, komissiya bununla ba\u011fl\u0131 ara\u015fd\u0131rmalar apar\u0131r: &#8220;G\u0259l\u0259c\u0259kd\u0259 bununla ba\u011fl\u0131 ataca\u011f\u0131m\u0131z add\u0131mlar m\u00fc\u0259yy\u0259n olunub. Yax\u0131n g\u00fcnl\u0259rd\u0259 Nazirl\u0259r Kabinetin\u0259 m\u00fcraci\u0259t ed\u0259c\u0259yik ki, bununla ba\u011fl\u0131 d\u00f6vl\u0259t&hellip;","_links":{"self":[{"href":"https:\/\/arantv.az\/index.php?rest_route=\/wp\/v2\/posts\/52988"}],"collection":[{"href":"https:\/\/arantv.az\/index.php?rest_route=\/wp\/v2\/posts"}],"about":[{"href":"https:\/\/arantv.az\/index.php?rest_route=\/wp\/v2\/types\/post"}],"author":[{"embeddable":true,"href":"https:\/\/arantv.az\/index.php?rest_route=\/wp\/v2\/users\/2"}],"replies":[{"embeddable":true,"href":"https:\/\/arantv.az\/index.php?rest_route=%2Fwp%2Fv2%2Fcomments&post=52988"}],"version-history":[{"count":0,"href":"https:\/\/arantv.az\/index.php?rest_route=\/wp\/v2\/posts\/52988\/revisions"}],"wp:featuredmedia":[{"embeddable":true,"href":"https:\/\/arantv.az\/index.php?rest_route=\/wp\/v2\/media\/52989"}],"wp:attachment":[{"href":"https:\/\/arantv.az\/index.php?rest_route=%2Fwp%2Fv2%2Fmedia&parent=52988"}],"wp:term":[{"taxonomy":"category","embeddable":true,"href":"https:\/\/arantv.az\/index.php?rest_route=%2Fwp%2Fv2%2Fcategories&post=52988"},{"taxonomy":"post_tag","embeddable":true,"href":"https:\/\/arantv.az\/index.php?rest_route=%2Fwp%2Fv2%2Ftags&post=52988"}],"curies":[{"name":"wp","href":"https:\/\/api.w.org\/{rel}","templated":true}]}}