{"id":52991,"date":"2019-04-25T14:23:20","date_gmt":"2019-04-25T11:23:20","guid":{"rendered":"http:\/\/arantv.az\/?p=52991"},"modified":"2019-04-25T14:23:20","modified_gmt":"2019-04-25T11:23:20","slug":"intihar-ed%c9%99n-uc-usaq-anasinin-m%c9%99ktubu-tapildi-t%c9%99nhaliqdan-yorulmusam","status":"publish","type":"post","link":"https:\/\/arantv.az\/?p=52991","title":{"rendered":"\u0130ntihar ed\u0259n \u00fc\u00e7 u\u015faq anas\u0131n\u0131n m\u0259ktubu tap\u0131ld\u0131: T\u0259nhal\u0131qdan yorulmu\u015fam"},"content":{"rendered":"<p>Aprelin 24-d\u0259 meyiti dal\u011f\u0131clar t\u0259r\u0259find\u0259n Akku\u015fa \u00e7ay\u0131ndan tap\u0131lm\u0131\u015f, 35 ya\u015fl\u0131 Salyan rayon sakini Dada\u015fova Aysel Vaqif q\u0131z\u0131n\u0131n qald\u0131\u011f\u0131 evd\u0259 \u00f6l\u00fcm\u00fcnd\u0259n qabaq yazd\u0131\u011f\u0131 m\u0259ktubu tap\u0131l\u0131b.<\/p>\n<p><strong>ARANTV.AZ<\/strong> x\u0259b\u0259r verir ki, bu bar\u0259d\u0259 Oxu.az-a Salyan rayon Prokurorlu\u011fundan m\u0259lumat verilib.<\/p>\n<p>Bundan \u0259vv\u0259l Dada\u015fovan\u0131n k\u0259nd m\u0259kt\u0259bind\u0259 m\u00fc\u0259llim i\u015fl\u0259diyi x\u0259b\u0259r verilirdi. C\u00fcm\u0259 ax\u015fam\u0131 is\u0259 qad\u0131n\u0131n k\u0259nd m\u0259kt\u0259bind\u0259 texniki i\u015f\u00e7i kimi \u00e7al\u0131\u015fd\u0131\u011f\u0131 m\u0259lum olub.<\/p>\n<p>\u00dc\u00e7 o\u011ful anas\u0131 (\u0259n b\u00f6y\u00fcy\u00fc 11 ya\u015f\u0131nda olub), \u00f6z\u00fcn\u00fc k\u00f6rp\u00fcd\u0259n \u00e7aya ataraq intihar edib. Bu add\u0131m\u0131 atmazdan \u0259vv\u0259l yazd\u0131\u011f\u0131 m\u0259ktubda t\u0259nhal\u0131qdan v\u0259 ona son ill\u0259r \u0259ziyy\u0259t ver\u0259n ba\u015f a\u011fr\u0131lar\u0131ndan cana g\u0259ldiyini bildirib. M\u0259ktubda Dada\u015fova qohumlar\u0131ndan \u00f6vladlar\u0131n\u0131n qay\u011f\u0131s\u0131na qalmalar\u0131n\u0131 xahi\u015f edib.<\/p>\n<p>\u0130stintaq n\u0259tic\u0259sind\u0259 m\u0259lum olub ki, qad\u0131n\u0131n \u0259ri Bak\u0131da tikinti sah\u0259sind\u0259 \u00e7al\u0131\u015f\u0131r, ona g\u00f6r\u0259 k\u0259nd\u0259 ayda bir d\u0259f\u0259 ba\u015f \u00e7\u0259kir. Bundan ba\u015fqa, h\u00fcquq-m\u00fchafiz\u0259 orqanlar\u0131 Dada\u015fovan\u0131n evind\u0259n psixiki pozuntular\u0131n v\u0259 ba\u015f a\u011fr\u0131lar\u0131n\u0131n m\u00fcalic\u0259si \u00fc\u00e7\u00fcn yaz\u0131lm\u0131\u015f h\u0259kim reseptl\u0259ri v\u0259 tibbi preparatlar a\u015fkarlay\u0131b.<\/p>\n<p>\u0130lkin ehtimala g\u00f6r\u0259, intihara qad\u0131n\u0131n depressiv v\u0259ziyy\u0259td\u0259 olmas\u0131 s\u0259b\u0259b olub.<\/p>\n","protected":false},"excerpt":{"rendered":"<p>Aprelin 24-d\u0259 meyiti dal\u011f\u0131clar t\u0259r\u0259find\u0259n Akku\u015fa \u00e7ay\u0131ndan tap\u0131lm\u0131\u015f, 35 ya\u015fl\u0131 Salyan rayon sakini Dada\u015fova Aysel Vaqif q\u0131z\u0131n\u0131n qald\u0131\u011f\u0131 evd\u0259 \u00f6l\u00fcm\u00fcnd\u0259n qabaq yazd\u0131\u011f\u0131 m\u0259ktubu tap\u0131l\u0131b. ARANTV.AZ x\u0259b\u0259r verir ki, bu bar\u0259d\u0259 Oxu.az-a Salyan rayon Prokurorlu\u011fundan m\u0259lumat verilib. Bundan \u0259vv\u0259l Dada\u015fovan\u0131n k\u0259nd m\u0259kt\u0259bind\u0259 m\u00fc\u0259llim i\u015fl\u0259diyi x\u0259b\u0259r verilirdi. C\u00fcm\u0259 ax\u015fam\u0131 is\u0259 qad\u0131n\u0131n k\u0259nd m\u0259kt\u0259bind\u0259 texniki i\u015f\u00e7i kimi \u00e7al\u0131\u015fd\u0131\u011f\u0131 m\u0259lum olub. \u00dc\u00e7 o\u011ful anas\u0131 (\u0259n b\u00f6y\u00fcy\u00fc 11 ya\u015f\u0131nda olub), \u00f6z\u00fcn\u00fc k\u00f6rp\u00fcd\u0259n \u00e7aya ataraq intihar edib. Bu add\u0131m\u0131 atmazdan \u0259vv\u0259l yazd\u0131\u011f\u0131 m\u0259ktubda t\u0259nhal\u0131qdan v\u0259 ona son ill\u0259r \u0259ziyy\u0259t ver\u0259n ba\u015f a\u011fr\u0131lar\u0131ndan cana g\u0259ldiyini bildirib. M\u0259ktubda&hellip;<\/p>\n","protected":false},"author":2,"featured_media":52992,"comment_status":"closed","ping_status":"closed","sticky":false,"template":"","format":"standard","meta":{"om_disable_all_campaigns":false,"_monsterinsights_skip_tracking":false,"_monsterinsights_sitenote_active":false,"_monsterinsights_sitenote_note":"","_monsterinsights_sitenote_category":0},"categories":[1],"tags":[],"aioseo_notices":[],"gutentor_comment":0,"rttpg_featured_image_url":{"full":["https:\/\/arantv.az\/wp-content\/uploads\/2019\/04\/749716.jpg",800,600,false],"landscape":["https:\/\/arantv.az\/wp-content\/uploads\/2019\/04\/749716.jpg",800,600,false],"portraits":["https:\/\/arantv.az\/wp-content\/uploads\/2019\/04\/749716.jpg",800,600,false],"thumbnail":["https:\/\/arantv.az\/wp-content\/uploads\/2019\/04\/749716-150x150.jpg",150,150,true],"medium":["https:\/\/arantv.az\/wp-content\/uploads\/2019\/04\/749716-300x225.jpg",300,225,true],"large":["https:\/\/arantv.az\/wp-content\/uploads\/2019\/04\/749716.jpg",640,480,false],"1536x1536":["https:\/\/arantv.az\/wp-content\/uploads\/2019\/04\/749716.jpg",800,600,false],"2048x2048":["https:\/\/arantv.az\/wp-content\/uploads\/2019\/04\/749716.jpg",800,600,false],"post-thumbnail":["https:\/\/arantv.az\/wp-content\/uploads\/2019\/04\/749716-240x172.jpg",240,172,true],"advps-thumb-one":["https:\/\/arantv.az\/wp-content\/uploads\/2019\/04\/749716.jpg",800,600,false]},"rttpg_author":{"display_name":"V\u00fcsal Rafiqo\u011flu","author_link":"https:\/\/arantv.az\/?author=2"},"rttpg_comment":0,"rttpg_category":"<a href=\"https:\/\/arantv.az\/?cat=1\" rel=\"category\">C\u0259miyy\u0259t<\/a>","rttpg_excerpt":"Aprelin 24-d\u0259 meyiti dal\u011f\u0131clar t\u0259r\u0259find\u0259n Akku\u015fa \u00e7ay\u0131ndan tap\u0131lm\u0131\u015f, 35 ya\u015fl\u0131 Salyan rayon sakini Dada\u015fova Aysel Vaqif q\u0131z\u0131n\u0131n qald\u0131\u011f\u0131 evd\u0259 \u00f6l\u00fcm\u00fcnd\u0259n qabaq yazd\u0131\u011f\u0131 m\u0259ktubu tap\u0131l\u0131b. ARANTV.AZ x\u0259b\u0259r verir ki, bu bar\u0259d\u0259 Oxu.az-a Salyan rayon Prokurorlu\u011fundan m\u0259lumat verilib. Bundan \u0259vv\u0259l Dada\u015fovan\u0131n k\u0259nd m\u0259kt\u0259bind\u0259 m\u00fc\u0259llim i\u015fl\u0259diyi x\u0259b\u0259r verilirdi. C\u00fcm\u0259 ax\u015fam\u0131 is\u0259 qad\u0131n\u0131n k\u0259nd m\u0259kt\u0259bind\u0259 texniki i\u015f\u00e7i kimi \u00e7al\u0131\u015fd\u0131\u011f\u0131&hellip;","_links":{"self":[{"href":"https:\/\/arantv.az\/index.php?rest_route=\/wp\/v2\/posts\/52991"}],"collection":[{"href":"https:\/\/arantv.az\/index.php?rest_route=\/wp\/v2\/posts"}],"about":[{"href":"https:\/\/arantv.az\/index.php?rest_route=\/wp\/v2\/types\/post"}],"author":[{"embeddable":true,"href":"https:\/\/arantv.az\/index.php?rest_route=\/wp\/v2\/users\/2"}],"replies":[{"embeddable":true,"href":"https:\/\/arantv.az\/index.php?rest_route=%2Fwp%2Fv2%2Fcomments&post=52991"}],"version-history":[{"count":0,"href":"https:\/\/arantv.az\/index.php?rest_route=\/wp\/v2\/posts\/52991\/revisions"}],"wp:featuredmedia":[{"embeddable":true,"href":"https:\/\/arantv.az\/index.php?rest_route=\/wp\/v2\/media\/52992"}],"wp:attachment":[{"href":"https:\/\/arantv.az\/index.php?rest_route=%2Fwp%2Fv2%2Fmedia&parent=52991"}],"wp:term":[{"taxonomy":"category","embeddable":true,"href":"https:\/\/arantv.az\/index.php?rest_route=%2Fwp%2Fv2%2Fcategories&post=52991"},{"taxonomy":"post_tag","embeddable":true,"href":"https:\/\/arantv.az\/index.php?rest_route=%2Fwp%2Fv2%2Ftags&post=52991"}],"curies":[{"name":"wp","href":"https:\/\/api.w.org\/{rel}","templated":true}]}}