{"id":53020,"date":"2019-04-25T15:26:59","date_gmt":"2019-04-25T12:26:59","guid":{"rendered":"http:\/\/arantv.az\/?p=53020"},"modified":"2019-04-25T15:26:59","modified_gmt":"2019-04-25T12:26:59","slug":"siyavus-novruzov-ekstremizmin-qarsisini-almaq-ucun-h%c9%99r-bir-olk%c9%99-oz-t%c9%99crub%c9%99sini-bolusm%c9%99li-t%c9%99bligat-aparilmalidir","status":"publish","type":"post","link":"https:\/\/arantv.az\/?p=53020","title":{"rendered":"Siyavu\u015f Novruzov: &#8220;Ekstremizmin qar\u015f\u0131s\u0131n\u0131 almaq \u00fc\u00e7\u00fcn h\u0259r bir \u00f6lk\u0259 \u00f6z t\u0259cr\u00fcb\u0259sini b\u00f6l\u00fc\u015fm\u0259li, t\u0259bli\u011fat apar\u0131lmal\u0131d\u0131r&#8221;"},"content":{"rendered":"<blockquote><p><em><strong>Ekstremizmin qar\u015f\u0131s\u0131n\u0131 almaq \u00fc\u00e7\u00fcn h\u0259r bir \u00f6lk\u0259 \u00f6z t\u0259cr\u00fcb\u0259sini b\u00f6l\u00fc\u015fm\u0259li, t\u0259bli\u011fat apar\u0131lmal\u0131d\u0131r.<\/strong><\/em><\/p><\/blockquote>\n<p><strong>ARANTV.AZ\u00a0<\/strong>\u00a0<a href=\"https:\/\/az.trend.az\/\" target=\"_blank\" rel=\"noopener\"><span style=\"color: #000000;\">Trend<\/span><\/a>-\u0259 istinad\u0259n x\u0259b\u0259r verir ki, bunu Milli M\u0259clisin \u0130ctimai birlikl\u0259r v\u0259 dini qurumlarla i\u015f komit\u0259sinin s\u0259dri Siyavu\u015f Novruzov &#8220;Dinl\u0259raras\u0131 dialoq v\u0259 radikalizml\u0259 m\u00fcbariz\u0259&#8221; m\u00f6vzusunda ke\u00e7iril\u0259n II Beyn\u0259lxalq konfransda \u00e7\u0131x\u0131\u015f\u0131 zaman\u0131 deyib.<\/p>\n<p>S.Novruzov bildirib ki, dini radikalizmin yaranmas\u0131n\u0131n s\u0259b\u0259bl\u0259ri ara\u015fd\u0131rmal\u0131d\u0131r: &#8220;Bu olmasa, n\u0259tic\u0259 \u0259ld\u0259 etm\u0259k \u00e7\u0259tin olacaq. \u018fg\u0259r bir \u00f6lk\u0259nin qanunvericiliyind\u0259 dini d\u00f6z\u00fcml\u00fcl\u00fck, dini etiqad azadl\u0131\u011f\u0131n\u0131n qorunmas\u0131 m\u0259s\u0259l\u0259l\u0259ri \u00f6z \u0259ksini tapmay\u0131bsa, h\u0259min \u00f6lk\u0259d\u0259 dini radikalizm meyill\u0259ri olacaq. Az\u0259rbaycan\u0131n \u0259n \u0259sas qanununda dini etiqad azadl\u0131\u011f\u0131n\u0131n qorunmas\u0131 il\u0259 ba\u011fl\u0131 m\u00fcdd\u0259alar \u00f6z \u0259ksini tap\u0131b. Milli M\u0259clisd\u0259 dini ekstremizmin aradan qald\u0131r\u0131lmas\u0131 il\u0259 ba\u011fl\u0131 qanun q\u0259bul olunub. Bu qanunda radikalizm\u0259 qar\u015f\u0131 m\u00fcbariz\u0259 \u00f6n\u0259mli yer tutur&#8221;.<\/p>\n<p>Deputat qeyd edib ki, dini d\u00f6z\u00fcml\u00fcl\u00fck, dini etiqada h\u00f6rm\u0259t g\u00f6st\u0259rm\u0259k vacibdir: &#8220;Bunun \u0259ksi dini radikalizm\u0259 g\u0259tir\u0259n \u0259sas s\u0259b\u0259bl\u0259rd\u0259n biridir. Din xadiml\u0259ri bu m\u0259s\u0259l\u0259d\u0259 apar\u0131c\u0131 rol oynamal\u0131d\u0131r. Onlar t\u0259bli\u011fat apararaq insanlar\u0131 qarda\u015fl\u0131\u011fa, b\u0259rab\u0259rliy\u0259 \u00e7a\u011f\u0131rmal\u0131d\u0131r, qar\u015f\u0131durmaya ayr\u0131-se\u00e7kiliy\u0259 yox&#8221;.<\/p>\n<div id=\"AdviadNativeVideo0\" class=\"AdviadNativeVideo\"><\/div>\n<p>O vur\u011fulay\u0131b ki, h\u0259r hans\u0131 terror qrupla\u015fmas\u0131n\u0131 dinl\u0259 \u0259laq\u0259l\u0259ndirm\u0259k olmaz: &#8220;D\u00fcnyada 60-dan \u00e7ox m\u00fcxt\u0259lif terror qrupu var. Onlar\u0131n \u0259ks\u0259riyy\u0259tinin ad\u0131 da m\u0259lumdur v\u0259 he\u00e7 biri dinl\u0259 \u0259laq\u0259li deyil. Q\u0131c\u0131q do\u011furmaq \u00fc\u00e7\u00fcn onlar\u0131n adlar\u0131 hans\u0131sa dinl\u0259 \u0259laq\u0259l\u0259ndirilir&#8221;.<\/p>\n<p>S.Novruzov \u0259lav\u0259 edib ki, d\u00fcnyada ekstremizmin qar\u015f\u0131s\u0131n\u0131 almaq \u00fc\u00e7\u00fcn h\u0259r bir \u00f6lk\u0259 \u00f6z t\u0259cr\u00fcb\u0259sini b\u00f6l\u00fc\u015fm\u0259lidir, t\u0259bli\u011fat apar\u0131lmal\u0131d\u0131r: &#8220;\u0130ctimai q\u0131naq, ictimai t\u00f6vsiy\u0259l\u0259rin verilm\u0259si, qar\u015f\u0131l\u0131ql\u0131 dialoq olmal\u0131d\u0131r. T\u00f6r\u0259dil\u0259n terror hadis\u0259l\u0259rin\u0259 n\u0259z\u0259r salsaq g\u00f6r\u0259rik ki, bu hadis\u0259l\u0259r din p\u0259rd\u0259si alt\u0131nda h\u0259yata ke\u00e7irilir. Biz el\u0259 add\u0131mlar atmal\u0131y\u0131q ki, f\u0259aliyy\u0259timizi izl\u0259y\u0259n insanlar dig\u0259r dinl\u0259r\u0259 h\u00f6rm\u0259tl\u0259 yana\u015fs\u0131nlar&#8221;.<\/p>\n<p>Mill\u0259t v\u0259kili bildirib ki, Az\u0259rbaycan\u0131n 20 faiz \u0259razisi i\u015f\u011fal olunub, bu \u0259razil\u0259rd\u0259 tarixi abid\u0259l\u0259r\u0259, dini abid\u0259l\u0259r\u0259 qar\u015f\u0131 b\u00f6y\u00fck vandalizm aktlar\u0131 h\u0259yata ke\u00e7irilib. Erm\u0259nistan\u0131n din xadiml\u0259ri bunu q\u0131z\u0131\u015fd\u0131r\u0131r.<\/p>\n","protected":false},"excerpt":{"rendered":"<p>Ekstremizmin qar\u015f\u0131s\u0131n\u0131 almaq \u00fc\u00e7\u00fcn h\u0259r bir \u00f6lk\u0259 \u00f6z t\u0259cr\u00fcb\u0259sini b\u00f6l\u00fc\u015fm\u0259li, t\u0259bli\u011fat apar\u0131lmal\u0131d\u0131r. ARANTV.AZ\u00a0\u00a0Trend-\u0259 istinad\u0259n x\u0259b\u0259r verir ki, bunu Milli M\u0259clisin \u0130ctimai birlikl\u0259r v\u0259 dini qurumlarla i\u015f komit\u0259sinin s\u0259dri Siyavu\u015f Novruzov &#8220;Dinl\u0259raras\u0131 dialoq v\u0259 radikalizml\u0259 m\u00fcbariz\u0259&#8221; m\u00f6vzusunda ke\u00e7iril\u0259n II Beyn\u0259lxalq konfransda \u00e7\u0131x\u0131\u015f\u0131 zaman\u0131 deyib. S.Novruzov bildirib ki, dini radikalizmin yaranmas\u0131n\u0131n s\u0259b\u0259bl\u0259ri ara\u015fd\u0131rmal\u0131d\u0131r: &#8220;Bu olmasa, n\u0259tic\u0259 \u0259ld\u0259 etm\u0259k \u00e7\u0259tin olacaq. \u018fg\u0259r bir \u00f6lk\u0259nin qanunvericiliyind\u0259 dini d\u00f6z\u00fcml\u00fcl\u00fck, dini etiqad azadl\u0131\u011f\u0131n\u0131n qorunmas\u0131 m\u0259s\u0259l\u0259l\u0259ri \u00f6z \u0259ksini tapmay\u0131bsa, h\u0259min \u00f6lk\u0259d\u0259 dini radikalizm meyill\u0259ri olacaq. Az\u0259rbaycan\u0131n \u0259n \u0259sas qanununda dini etiqad azadl\u0131\u011f\u0131n\u0131n qorunmas\u0131 il\u0259 ba\u011fl\u0131 m\u00fcdd\u0259alar \u00f6z&hellip;<\/p>\n","protected":false},"author":2,"featured_media":53021,"comment_status":"closed","ping_status":"closed","sticky":false,"template":"","format":"standard","meta":{"om_disable_all_campaigns":false,"_monsterinsights_skip_tracking":false,"_monsterinsights_sitenote_active":false,"_monsterinsights_sitenote_note":"","_monsterinsights_sitenote_category":0},"categories":[1],"tags":[],"aioseo_notices":[],"gutentor_comment":0,"rttpg_featured_image_url":{"full":["https:\/\/arantv.az\/wp-content\/uploads\/2019\/04\/749766.jpg",360,222,false],"landscape":["https:\/\/arantv.az\/wp-content\/uploads\/2019\/04\/749766.jpg",360,222,false],"portraits":["https:\/\/arantv.az\/wp-content\/uploads\/2019\/04\/749766.jpg",360,222,false],"thumbnail":["https:\/\/arantv.az\/wp-content\/uploads\/2019\/04\/749766-150x150.jpg",150,150,true],"medium":["https:\/\/arantv.az\/wp-content\/uploads\/2019\/04\/749766-300x185.jpg",300,185,true],"large":["https:\/\/arantv.az\/wp-content\/uploads\/2019\/04\/749766.jpg",360,222,false],"1536x1536":["https:\/\/arantv.az\/wp-content\/uploads\/2019\/04\/749766.jpg",360,222,false],"2048x2048":["https:\/\/arantv.az\/wp-content\/uploads\/2019\/04\/749766.jpg",360,222,false],"post-thumbnail":["https:\/\/arantv.az\/wp-content\/uploads\/2019\/04\/749766-240x172.jpg",240,172,true],"advps-thumb-one":["https:\/\/arantv.az\/wp-content\/uploads\/2019\/04\/749766.jpg",360,222,false]},"rttpg_author":{"display_name":"V\u00fcsal Rafiqo\u011flu","author_link":"https:\/\/arantv.az\/?author=2"},"rttpg_comment":0,"rttpg_category":"<a href=\"https:\/\/arantv.az\/?cat=1\" rel=\"category\">C\u0259miyy\u0259t<\/a>","rttpg_excerpt":"Ekstremizmin qar\u015f\u0131s\u0131n\u0131 almaq \u00fc\u00e7\u00fcn h\u0259r bir \u00f6lk\u0259 \u00f6z t\u0259cr\u00fcb\u0259sini b\u00f6l\u00fc\u015fm\u0259li, t\u0259bli\u011fat apar\u0131lmal\u0131d\u0131r. ARANTV.AZ\u00a0\u00a0Trend-\u0259 istinad\u0259n x\u0259b\u0259r verir ki, bunu Milli M\u0259clisin \u0130ctimai birlikl\u0259r v\u0259 dini qurumlarla i\u015f komit\u0259sinin s\u0259dri Siyavu\u015f Novruzov &#8220;Dinl\u0259raras\u0131 dialoq v\u0259 radikalizml\u0259 m\u00fcbariz\u0259&#8221; m\u00f6vzusunda ke\u00e7iril\u0259n II Beyn\u0259lxalq konfransda \u00e7\u0131x\u0131\u015f\u0131 zaman\u0131 deyib. S.Novruzov bildirib ki, dini radikalizmin yaranmas\u0131n\u0131n s\u0259b\u0259bl\u0259ri ara\u015fd\u0131rmal\u0131d\u0131r: &#8220;Bu olmasa, n\u0259tic\u0259 \u0259ld\u0259&hellip;","_links":{"self":[{"href":"https:\/\/arantv.az\/index.php?rest_route=\/wp\/v2\/posts\/53020"}],"collection":[{"href":"https:\/\/arantv.az\/index.php?rest_route=\/wp\/v2\/posts"}],"about":[{"href":"https:\/\/arantv.az\/index.php?rest_route=\/wp\/v2\/types\/post"}],"author":[{"embeddable":true,"href":"https:\/\/arantv.az\/index.php?rest_route=\/wp\/v2\/users\/2"}],"replies":[{"embeddable":true,"href":"https:\/\/arantv.az\/index.php?rest_route=%2Fwp%2Fv2%2Fcomments&post=53020"}],"version-history":[{"count":0,"href":"https:\/\/arantv.az\/index.php?rest_route=\/wp\/v2\/posts\/53020\/revisions"}],"wp:featuredmedia":[{"embeddable":true,"href":"https:\/\/arantv.az\/index.php?rest_route=\/wp\/v2\/media\/53021"}],"wp:attachment":[{"href":"https:\/\/arantv.az\/index.php?rest_route=%2Fwp%2Fv2%2Fmedia&parent=53020"}],"wp:term":[{"taxonomy":"category","embeddable":true,"href":"https:\/\/arantv.az\/index.php?rest_route=%2Fwp%2Fv2%2Fcategories&post=53020"},{"taxonomy":"post_tag","embeddable":true,"href":"https:\/\/arantv.az\/index.php?rest_route=%2Fwp%2Fv2%2Ftags&post=53020"}],"curies":[{"name":"wp","href":"https:\/\/api.w.org\/{rel}","templated":true}]}}