{"id":53030,"date":"2019-04-25T15:32:26","date_gmt":"2019-04-25T12:32:26","guid":{"rendered":"http:\/\/arantv.az\/?p=53030"},"modified":"2019-04-25T15:32:26","modified_gmt":"2019-04-25T12:32:26","slug":"az%c9%99rbaycanda-korrupsiyada-gunahlandirilan-direktor-isd%c9%99n-qovuldu-foto","status":"publish","type":"post","link":"https:\/\/arantv.az\/?p=53030","title":{"rendered":"Az\u0259rbaycanda korrupsiyada g\u00fcnahland\u0131r\u0131lan direktor i\u015fd\u0259n qovuldu &#8211; FOTO"},"content":{"rendered":"<p>T\u0259hsil naziri Ceyhun Bayramov Siy\u0259z\u0259n \u015f\u0259h\u0259r 6 n\u00f6mr\u0259li m\u0259kt\u0259b-litseyin direktoru Yegan\u0259 \u018fliyevan\u0131 i\u015fd\u0259n \u00e7\u0131xar\u0131b.<\/p>\n<p><b>ARANTV.AZ<\/b>-\u0131n m\u0259lumat\u0131na g\u00f6r\u0259, bu bar\u0259d\u0259 &#8220;Qafqazinfo&#8221;nun sor\u011fusuna cavab olaraq T\u0259hsil Nazirliyind\u0259n bildiribl\u0259r.<\/p>\n<p>Yeni direktorun G\u00fcnel A\u011fayevad\u0131r. G.A\u011fayeva bundan \u0259vv\u0259l m\u0259kt\u0259b-litseyd\u0259 m\u00fc\u0259llim i\u015fl\u0259yib.<\/p>\n<p>Xat\u0131rladaq ki, h\u0259min m\u0259kt\u0259b-litseyin v\u0259 direktor Yegan\u0259 \u018fliyevan\u0131n ad\u0131 m\u0259kt\u0259bin bir qrup m\u00fc\u0259lliminin 2019-cu il mart\u0131n 29-da T\u0259hsil Nazirliyin\u0259 kollektiv \u015fikay\u0259ti il\u0259 ba\u011fl\u0131 g\u00fcnd\u0259m\u0259 g\u0259lmi\u015fdi. Etiraz ed\u0259n m\u00fc\u0259lliml\u0259r deyirdil\u0259r ki, direktor m\u0259kt\u0259bd\u0259 ucdantutma r\u00fc\u015fv\u0259t y\u0131\u011f\u0131r, korrupsiya \u0259m\u0259ll\u0259ri il\u0259 m\u0259\u015f\u011fuldur v\u0259 pedaqoji kollektivin \u00fczvl\u0259rini t\u0259hqir edir.<\/p>\n<p>T\u0259hsil Nazirliyind\u0259n is\u0259 bildirmi\u015fdil\u0259r ki, 2019-cu il yanvar-fevral aylar\u0131nda m\u0259kt\u0259b kollektivi t\u0259r\u0259find\u0259n Nazirliy\u0259 daxil olmu\u015f \u015fikay\u0259tl\u0259rin ara\u015fd\u0131r\u0131lmas\u0131 m\u0259qs\u0259dil\u0259 x\u00fcsusi komissiya yarad\u0131l\u0131b. Komissiya n\u00fcmay\u0259nd\u0259l\u0259ri t\u0259r\u0259find\u0259n m\u0259kt\u0259bd\u0259 apar\u0131lan yoxlaman\u0131n n\u0259tic\u0259si olaraq m\u0259kt\u0259b direktoruna v\u0259 Siy\u0259z\u0259n Rayon T\u0259hsil \u015e\u00f6b\u0259sinin m\u00fcdiri R\u0259fail Hac\u0131yev\u0259 a\u015fkar olunmu\u015f pozuntulara g\u00f6r\u0259 intizam t\u0259nbehi t\u0259tbiq edilib. M\u00fc\u0259lliml\u0259r is\u0259 t\u00f6hm\u0259tin r\u00fc\u015fv\u0259txor direktor \u00fc\u00e7\u00fcn y\u00fcng\u00fcl t\u0259nbeh oldu\u011funu deyirdil\u0259r.<\/p>\n<p>N\u0259hay\u0259t nazirlik bu c\u00fcr neqativ imic\u0259 malik direktoru v\u0259zif\u0259sind\u0259n \u00e7\u0131xar\u0131b. Onun bar\u0259sind\u0259 h\u00fcquq-m\u00fchafiz\u0259 orqanlar\u0131na edilmi\u015f \u015fikay\u0259tl\u0259rl\u0259 ba\u011fl\u0131 hans\u0131 t\u0259dbirl\u0259rin g\u00f6r\u00fcld\u00fcy\u00fc is\u0259 m\u0259lum deyil.<br \/>\n<img class=\"imgbcode\" src=\"https:\/\/sonxeber.az\/uploads\/1556192937_1.jpg\" alt=\"Az\u0259rbaycanda korrupsiyada g\u00fcnahland\u0131r\u0131lan direktor i\u015fd\u0259n qovuldu - FOTO\" \/><\/p>\n","protected":false},"excerpt":{"rendered":"<p>T\u0259hsil naziri Ceyhun Bayramov Siy\u0259z\u0259n \u015f\u0259h\u0259r 6 n\u00f6mr\u0259li m\u0259kt\u0259b-litseyin direktoru Yegan\u0259 \u018fliyevan\u0131 i\u015fd\u0259n \u00e7\u0131xar\u0131b. ARANTV.AZ-\u0131n m\u0259lumat\u0131na g\u00f6r\u0259, bu bar\u0259d\u0259 &#8220;Qafqazinfo&#8221;nun sor\u011fusuna cavab olaraq T\u0259hsil Nazirliyind\u0259n bildiribl\u0259r. Yeni direktorun G\u00fcnel A\u011fayevad\u0131r. G.A\u011fayeva bundan \u0259vv\u0259l m\u0259kt\u0259b-litseyd\u0259 m\u00fc\u0259llim i\u015fl\u0259yib. Xat\u0131rladaq ki, h\u0259min m\u0259kt\u0259b-litseyin v\u0259 direktor Yegan\u0259 \u018fliyevan\u0131n ad\u0131 m\u0259kt\u0259bin bir qrup m\u00fc\u0259lliminin 2019-cu il mart\u0131n 29-da T\u0259hsil Nazirliyin\u0259 kollektiv \u015fikay\u0259ti il\u0259 ba\u011fl\u0131 g\u00fcnd\u0259m\u0259 g\u0259lmi\u015fdi. Etiraz ed\u0259n m\u00fc\u0259lliml\u0259r deyirdil\u0259r ki, direktor m\u0259kt\u0259bd\u0259 ucdantutma r\u00fc\u015fv\u0259t y\u0131\u011f\u0131r, korrupsiya \u0259m\u0259ll\u0259ri il\u0259 m\u0259\u015f\u011fuldur v\u0259 pedaqoji kollektivin \u00fczvl\u0259rini t\u0259hqir edir. T\u0259hsil Nazirliyind\u0259n is\u0259 bildirmi\u015fdil\u0259r ki, 2019-cu il yanvar-fevral aylar\u0131nda&hellip;<\/p>\n","protected":false},"author":2,"featured_media":53031,"comment_status":"closed","ping_status":"closed","sticky":false,"template":"","format":"standard","meta":{"om_disable_all_campaigns":false,"_monsterinsights_skip_tracking":false,"_monsterinsights_sitenote_active":false,"_monsterinsights_sitenote_note":"","_monsterinsights_sitenote_category":0},"categories":[1],"tags":[],"aioseo_notices":[],"gutentor_comment":0,"rttpg_featured_image_url":{"full":["https:\/\/arantv.az\/wp-content\/uploads\/2019\/04\/1556192871_1.jpg",549,302,false],"landscape":["https:\/\/arantv.az\/wp-content\/uploads\/2019\/04\/1556192871_1.jpg",549,302,false],"portraits":["https:\/\/arantv.az\/wp-content\/uploads\/2019\/04\/1556192871_1.jpg",549,302,false],"thumbnail":["https:\/\/arantv.az\/wp-content\/uploads\/2019\/04\/1556192871_1-150x150.jpg",150,150,true],"medium":["https:\/\/arantv.az\/wp-content\/uploads\/2019\/04\/1556192871_1-300x165.jpg",300,165,true],"large":["https:\/\/arantv.az\/wp-content\/uploads\/2019\/04\/1556192871_1.jpg",549,302,false],"1536x1536":["https:\/\/arantv.az\/wp-content\/uploads\/2019\/04\/1556192871_1.jpg",549,302,false],"2048x2048":["https:\/\/arantv.az\/wp-content\/uploads\/2019\/04\/1556192871_1.jpg",549,302,false],"post-thumbnail":["https:\/\/arantv.az\/wp-content\/uploads\/2019\/04\/1556192871_1-240x172.jpg",240,172,true],"advps-thumb-one":["https:\/\/arantv.az\/wp-content\/uploads\/2019\/04\/1556192871_1.jpg",549,302,false]},"rttpg_author":{"display_name":"V\u00fcsal Rafiqo\u011flu","author_link":"https:\/\/arantv.az\/?author=2"},"rttpg_comment":0,"rttpg_category":"<a href=\"https:\/\/arantv.az\/?cat=1\" rel=\"category\">C\u0259miyy\u0259t<\/a>","rttpg_excerpt":"T\u0259hsil naziri Ceyhun Bayramov Siy\u0259z\u0259n \u015f\u0259h\u0259r 6 n\u00f6mr\u0259li m\u0259kt\u0259b-litseyin direktoru Yegan\u0259 \u018fliyevan\u0131 i\u015fd\u0259n \u00e7\u0131xar\u0131b. ARANTV.AZ-\u0131n m\u0259lumat\u0131na g\u00f6r\u0259, bu bar\u0259d\u0259 &#8220;Qafqazinfo&#8221;nun sor\u011fusuna cavab olaraq T\u0259hsil Nazirliyind\u0259n bildiribl\u0259r. Yeni direktorun G\u00fcnel A\u011fayevad\u0131r. G.A\u011fayeva bundan \u0259vv\u0259l m\u0259kt\u0259b-litseyd\u0259 m\u00fc\u0259llim i\u015fl\u0259yib. Xat\u0131rladaq ki, h\u0259min m\u0259kt\u0259b-litseyin v\u0259 direktor Yegan\u0259 \u018fliyevan\u0131n ad\u0131 m\u0259kt\u0259bin bir qrup m\u00fc\u0259lliminin 2019-cu il mart\u0131n 29-da T\u0259hsil Nazirliyin\u0259&hellip;","_links":{"self":[{"href":"https:\/\/arantv.az\/index.php?rest_route=\/wp\/v2\/posts\/53030"}],"collection":[{"href":"https:\/\/arantv.az\/index.php?rest_route=\/wp\/v2\/posts"}],"about":[{"href":"https:\/\/arantv.az\/index.php?rest_route=\/wp\/v2\/types\/post"}],"author":[{"embeddable":true,"href":"https:\/\/arantv.az\/index.php?rest_route=\/wp\/v2\/users\/2"}],"replies":[{"embeddable":true,"href":"https:\/\/arantv.az\/index.php?rest_route=%2Fwp%2Fv2%2Fcomments&post=53030"}],"version-history":[{"count":0,"href":"https:\/\/arantv.az\/index.php?rest_route=\/wp\/v2\/posts\/53030\/revisions"}],"wp:featuredmedia":[{"embeddable":true,"href":"https:\/\/arantv.az\/index.php?rest_route=\/wp\/v2\/media\/53031"}],"wp:attachment":[{"href":"https:\/\/arantv.az\/index.php?rest_route=%2Fwp%2Fv2%2Fmedia&parent=53030"}],"wp:term":[{"taxonomy":"category","embeddable":true,"href":"https:\/\/arantv.az\/index.php?rest_route=%2Fwp%2Fv2%2Fcategories&post=53030"},{"taxonomy":"post_tag","embeddable":true,"href":"https:\/\/arantv.az\/index.php?rest_route=%2Fwp%2Fv2%2Ftags&post=53030"}],"curies":[{"name":"wp","href":"https:\/\/api.w.org\/{rel}","templated":true}]}}