{"id":53040,"date":"2019-04-25T16:00:32","date_gmt":"2019-04-25T13:00:32","guid":{"rendered":"http:\/\/arantv.az\/?p=53040"},"modified":"2019-04-25T16:00:32","modified_gmt":"2019-04-25T13:00:32","slug":"jan-kristof-paskal-%c9%99g%c9%99r-terrorcu-allahu-%c9%99kb%c9%99r-dey%c9%99r%c9%99k-kimis%c9%99-oldururs%c9%99-dem%c9%99li-o-arani-qarisdirir-casqinliq-yaradir","status":"publish","type":"post","link":"https:\/\/arantv.az\/?p=53040","title":{"rendered":"Jan-Kristof Paskal: &#8220;\u018fg\u0259r terror\u00e7u &#8220;Allahu \u018fkb\u0259r&#8221; dey\u0259r\u0259k kimis\u0259 \u00f6ld\u00fcr\u00fcrs\u0259, dem\u0259li, o, aran\u0131 qar\u0131\u015fd\u0131r\u0131r, \u00e7a\u015fq\u0131nl\u0131q yarad\u0131r&#8221;"},"content":{"rendered":"<blockquote><p><em><strong>\u018fg\u0259r terror\u00e7u &#8220;Allahu \u018fkb\u0259r&#8221; dey\u0259r\u0259k kimis\u0259 \u00f6ld\u00fcr\u00fcrs\u0259, dem\u0259li, o, aran\u0131 qar\u0131\u015fd\u0131r\u0131r, \u00e7a\u015fq\u0131nl\u0131q yarad\u0131r.<\/strong><\/em><\/p><\/blockquote>\n<p><strong>ARANTV.AZ\u00a0<\/strong>\u00a0<span style=\"color: #000000;\"><a style=\"color: #000000;\" href=\"https:\/\/az.trend.az\/\" target=\"_blank\" rel=\"noopener\">Trend<\/a><\/span>-\u0259 istinad\u0259n x\u0259b\u0259r verir ki, bunu Fransan\u0131n dini i\u015fl\u0259r \u00fczr\u0259 m\u0259sl\u0259h\u0259t\u00e7isi Jan-Kristof Paskal Bak\u0131da ke\u00e7iril\u0259n &#8220;Dinl\u0259raras\u0131 dialoq v\u0259 radikalizml\u0259 m\u00fcbariz\u0259&#8221; m\u00f6vzusunda II Beyn\u0259lxalq konfransda deyib.<\/p>\n<p>O qeyd edib: &#8220;Biz dinl\u0259raras\u0131 dialoqdan dan\u0131\u015f\u0131r\u0131q, lakin ziddiyy\u0259tli m\u0259s\u0259l\u0259l\u0259ri m\u00fc\u015fahid\u0259 edirik. Yeni Zelandiyada v\u0259 \u015eri-Lankada insanlar h\u00fccuma m\u0259ruz qal\u0131rlar. \u018fg\u0259r dinl\u0259raras\u0131 dialoq bel\u0259dirs\u0259, dem\u0259li, biz \u00e7ox m\u00fcr\u0259kk\u0259b v\u0259ziyy\u0259t\u0259 g\u0259lib \u00e7atm\u0131\u015f\u0131q. T\u0259bii, d\u00fcnyada el\u0259 bir \u00f6lk\u0259 yoxdur ki, bu c\u00fcr hadis\u0259l\u0259rd\u0259n s\u0131\u011fortalans\u0131n&#8221;.<\/p>\n<div id=\"AdviadNativeVideo0\" class=\"AdviadNativeVideo\"><\/div>\n<p>J.Paskal\u0131n fikrinc\u0259, zorak\u0131l\u0131qla din aras\u0131nda f\u0259rq qoyulmal\u0131d\u0131r. Dinl\u0259r bu m\u0259s\u0259l\u0259d\u0259 g\u00fcnahs\u0131zd\u0131r: &#8220;\u018fg\u0259r terror\u00e7u &#8220;Allahu \u018fkb\u0259r&#8221; dey\u0259r\u0259k kimis\u0259 \u00f6ld\u00fcr\u00fcrs\u0259, dem\u0259li, o, aran\u0131 qar\u0131\u015fd\u0131r\u0131r, \u00e7a\u015fq\u0131nl\u0131q yarad\u0131r. Biz el\u0259 etm\u0259liyik ki, g\u0259ncl\u0259r dinin bundan ibar\u0259t oldu\u011funu d\u00fc\u015f\u00fcnm\u0259sin. Biz yollar axtarmal\u0131y\u0131q. Bizim c\u0259miyy\u0259tl\u0259rimiz pl\u00fcralist c\u0259miyy\u0259tl\u0259rdir, m\u00fcxt\u0259lif etnik m\u0259nsubiyy\u0259tl\u0259rd\u0259n ibar\u0259tdir. Biz bu f\u0259rql\u0259ri problem kimi yox, z\u0259nginliyin n\u00fcmun\u0259si kimi g\u00f6rm\u0259liyik&#8221;.<\/p>\n","protected":false},"excerpt":{"rendered":"<p>\u018fg\u0259r terror\u00e7u &#8220;Allahu \u018fkb\u0259r&#8221; dey\u0259r\u0259k kimis\u0259 \u00f6ld\u00fcr\u00fcrs\u0259, dem\u0259li, o, aran\u0131 qar\u0131\u015fd\u0131r\u0131r, \u00e7a\u015fq\u0131nl\u0131q yarad\u0131r. ARANTV.AZ\u00a0\u00a0Trend-\u0259 istinad\u0259n x\u0259b\u0259r verir ki, bunu Fransan\u0131n dini i\u015fl\u0259r \u00fczr\u0259 m\u0259sl\u0259h\u0259t\u00e7isi Jan-Kristof Paskal Bak\u0131da ke\u00e7iril\u0259n &#8220;Dinl\u0259raras\u0131 dialoq v\u0259 radikalizml\u0259 m\u00fcbariz\u0259&#8221; m\u00f6vzusunda II Beyn\u0259lxalq konfransda deyib. O qeyd edib: &#8220;Biz dinl\u0259raras\u0131 dialoqdan dan\u0131\u015f\u0131r\u0131q, lakin ziddiyy\u0259tli m\u0259s\u0259l\u0259l\u0259ri m\u00fc\u015fahid\u0259 edirik. Yeni Zelandiyada v\u0259 \u015eri-Lankada insanlar h\u00fccuma m\u0259ruz qal\u0131rlar. \u018fg\u0259r dinl\u0259raras\u0131 dialoq bel\u0259dirs\u0259, dem\u0259li, biz \u00e7ox m\u00fcr\u0259kk\u0259b v\u0259ziyy\u0259t\u0259 g\u0259lib \u00e7atm\u0131\u015f\u0131q. T\u0259bii, d\u00fcnyada el\u0259 bir \u00f6lk\u0259 yoxdur ki, bu c\u00fcr hadis\u0259l\u0259rd\u0259n s\u0131\u011fortalans\u0131n&#8221;. J.Paskal\u0131n fikrinc\u0259, zorak\u0131l\u0131qla din aras\u0131nda f\u0259rq qoyulmal\u0131d\u0131r. Dinl\u0259r bu m\u0259s\u0259l\u0259d\u0259&hellip;<\/p>\n","protected":false},"author":2,"featured_media":53041,"comment_status":"closed","ping_status":"closed","sticky":false,"template":"","format":"standard","meta":{"om_disable_all_campaigns":false,"_monsterinsights_skip_tracking":false,"_monsterinsights_sitenote_active":false,"_monsterinsights_sitenote_note":"","_monsterinsights_sitenote_category":0},"categories":[7],"tags":[],"aioseo_notices":[],"gutentor_comment":0,"rttpg_featured_image_url":{"full":["https:\/\/arantv.az\/wp-content\/uploads\/2019\/04\/749770.jpg",660,371,false],"landscape":["https:\/\/arantv.az\/wp-content\/uploads\/2019\/04\/749770.jpg",660,371,false],"portraits":["https:\/\/arantv.az\/wp-content\/uploads\/2019\/04\/749770.jpg",660,371,false],"thumbnail":["https:\/\/arantv.az\/wp-content\/uploads\/2019\/04\/749770-150x150.jpg",150,150,true],"medium":["https:\/\/arantv.az\/wp-content\/uploads\/2019\/04\/749770-300x169.jpg",300,169,true],"large":["https:\/\/arantv.az\/wp-content\/uploads\/2019\/04\/749770.jpg",640,360,false],"1536x1536":["https:\/\/arantv.az\/wp-content\/uploads\/2019\/04\/749770.jpg",660,371,false],"2048x2048":["https:\/\/arantv.az\/wp-content\/uploads\/2019\/04\/749770.jpg",660,371,false],"post-thumbnail":["https:\/\/arantv.az\/wp-content\/uploads\/2019\/04\/749770-240x172.jpg",240,172,true],"advps-thumb-one":["https:\/\/arantv.az\/wp-content\/uploads\/2019\/04\/749770.jpg",660,371,false]},"rttpg_author":{"display_name":"V\u00fcsal Rafiqo\u011flu","author_link":"https:\/\/arantv.az\/?author=2"},"rttpg_comment":0,"rttpg_category":"<a href=\"https:\/\/arantv.az\/?cat=7\" rel=\"category\">D\u00fcnya<\/a>","rttpg_excerpt":"\u018fg\u0259r terror\u00e7u &#8220;Allahu \u018fkb\u0259r&#8221; dey\u0259r\u0259k kimis\u0259 \u00f6ld\u00fcr\u00fcrs\u0259, dem\u0259li, o, aran\u0131 qar\u0131\u015fd\u0131r\u0131r, \u00e7a\u015fq\u0131nl\u0131q yarad\u0131r. ARANTV.AZ\u00a0\u00a0Trend-\u0259 istinad\u0259n x\u0259b\u0259r verir ki, bunu Fransan\u0131n dini i\u015fl\u0259r \u00fczr\u0259 m\u0259sl\u0259h\u0259t\u00e7isi Jan-Kristof Paskal Bak\u0131da ke\u00e7iril\u0259n &#8220;Dinl\u0259raras\u0131 dialoq v\u0259 radikalizml\u0259 m\u00fcbariz\u0259&#8221; m\u00f6vzusunda II Beyn\u0259lxalq konfransda deyib. O qeyd edib: &#8220;Biz dinl\u0259raras\u0131 dialoqdan dan\u0131\u015f\u0131r\u0131q, lakin ziddiyy\u0259tli m\u0259s\u0259l\u0259l\u0259ri m\u00fc\u015fahid\u0259 edirik. Yeni Zelandiyada v\u0259 \u015eri-Lankada insanlar&hellip;","_links":{"self":[{"href":"https:\/\/arantv.az\/index.php?rest_route=\/wp\/v2\/posts\/53040"}],"collection":[{"href":"https:\/\/arantv.az\/index.php?rest_route=\/wp\/v2\/posts"}],"about":[{"href":"https:\/\/arantv.az\/index.php?rest_route=\/wp\/v2\/types\/post"}],"author":[{"embeddable":true,"href":"https:\/\/arantv.az\/index.php?rest_route=\/wp\/v2\/users\/2"}],"replies":[{"embeddable":true,"href":"https:\/\/arantv.az\/index.php?rest_route=%2Fwp%2Fv2%2Fcomments&post=53040"}],"version-history":[{"count":0,"href":"https:\/\/arantv.az\/index.php?rest_route=\/wp\/v2\/posts\/53040\/revisions"}],"wp:featuredmedia":[{"embeddable":true,"href":"https:\/\/arantv.az\/index.php?rest_route=\/wp\/v2\/media\/53041"}],"wp:attachment":[{"href":"https:\/\/arantv.az\/index.php?rest_route=%2Fwp%2Fv2%2Fmedia&parent=53040"}],"wp:term":[{"taxonomy":"category","embeddable":true,"href":"https:\/\/arantv.az\/index.php?rest_route=%2Fwp%2Fv2%2Fcategories&post=53040"},{"taxonomy":"post_tag","embeddable":true,"href":"https:\/\/arantv.az\/index.php?rest_route=%2Fwp%2Fv2%2Ftags&post=53040"}],"curies":[{"name":"wp","href":"https:\/\/api.w.org\/{rel}","templated":true}]}}