{"id":53133,"date":"2019-04-26T09:32:05","date_gmt":"2019-04-26T06:32:05","guid":{"rendered":"http:\/\/arantv.az\/?p=53133"},"modified":"2019-04-26T09:32:05","modified_gmt":"2019-04-26T06:32:05","slug":"mikroavtobus-q%c9%99zasinda-x%c9%99sar%c9%99t-alanlarin-adlari-m%c9%99lum-oldu-3-u-usaqdir","status":"publish","type":"post","link":"https:\/\/arantv.az\/?p=53133","title":{"rendered":"Mikroavtobus q\u0259zas\u0131nda x\u0259sar\u0259t alanlar\u0131n ADLARI m\u0259lum oldu &#8211; 3-\u00fc u\u015faqd\u0131r"},"content":{"rendered":"<p><strong>Salyanda mikroavtobus q\u0259zas\u0131nda x\u0259sar\u0259t alanlar\u0131n adlar\u0131 m\u0259lum olub.<\/strong><\/p>\n<p><strong>ARANTV.AZ<\/strong>\u00a0\u00a0<span style=\"color: #000000;\"><a style=\"color: #000000;\" href=\"https:\/\/az.trend.az\/\" target=\"_blank\" rel=\"noopener\">Trend<\/a><\/span>-\u0259 istinad\u0259n x\u0259b\u0259r verir ki, rayonun Noxudlu k\u0259ndind\u0259 s\u0259rni\u015fin mikroavtobusu il\u0259 &#8220;Mercedes&#8221; markal\u0131 minik avtomobilinin toqqu\u015fmas\u0131 n\u0259tic\u0259sind\u0259 9 n\u0259f\u0259r x\u0259sar\u0259t al\u0131b.<\/p>\n<p>X\u0259sar\u0259t alanlar &#8211; Salyan rayon sakinl\u0259ri 1979-cu il t\u0259v\u0259ll\u00fcdl\u00fc Muradov Elm\u0259ddin Yunis o\u011flu sol said s\u00fcm\u00fcy\u00fcn\u00fcn s\u0131n\u0131\u011f\u0131, 1977-ci il t\u0259v\u0259ll\u00fcdl\u00fc \u0130smay\u0131lov Zaur Adil o\u011flu sol bud s\u00fcm\u00fcy\u00fcn\u00fcn s\u0131n\u0131\u011f\u0131, Masall\u0131 rayon sakini 1965-ci il t\u0259v\u0259ll\u00fcdl\u00fc Zeynalova Xumnaz Feyruz q\u0131z\u0131 sol qulaq v\u0259 alt doda\u011f\u0131n \u0259zilm\u0259si v\u0259 C\u0259lilabad rayon sakini 1952-ci il t\u0259v\u0259ll\u00fcdl\u00fc Soltanov M\u0259mm\u0259dqulu H\u0259t\u0259m o\u011flu qar\u0131n\u0131n v\u0259 \u00fcz\u00fcn sol t\u0259r\u0259finin k\u00fct \u0259zilm\u0259si x\u0259sar\u0259tl\u0259ri il\u0259 Salyan rayon M\u0259rk\u0259zi Rayon X\u0259st\u0259xanas\u0131na yerl\u0259\u015fdirilibl\u0259r.<\/p>\n<div id=\"AdviadNativeVideo0\" class=\"AdviadNativeVideo\"><\/div>\n<p>Q\u0259zada x\u0259sar\u0259t alan 1988-ci il t\u0259v\u0259ll\u00fcdl\u00fc Allahverdiyev Tanr\u0131verdi Elnur o\u011flu, 1962-cil t\u0259v\u0259ll\u00fcdl\u00fc \u018fm\u0259nova \u018fziz\u0259 \u018fmir q\u0131z\u0131, 1999-cu il t\u0259v\u0259ll\u00fcdl\u00fc K\u0259rimov Bilal Nazim o\u011flu, 2001-ci il t\u0259v\u0259ll\u00fcdl\u00fc \u018fliyeva \u015e\u0259f\u0259q Famil q\u0131z\u0131, onun qarda\u015f\u0131 2004-c\u00fc il t\u0259v\u0259ll\u00fcdl\u00fc \u018fliyev Nicat Famiq o\u011flu v\u0259 1987-ci il t\u0259v\u0259ll\u00fcdl\u00fc Abbasov Anar Az\u0259r o\u011flu ilkin tibbi yard\u0131m g\u00f6st\u0259rildikd\u0259n sonra ambulator m\u00fcayin\u0259y\u0259 g\u00f6nd\u0259rilibl\u0259r.<\/p>\n","protected":false},"excerpt":{"rendered":"<p>Salyanda mikroavtobus q\u0259zas\u0131nda x\u0259sar\u0259t alanlar\u0131n adlar\u0131 m\u0259lum olub. ARANTV.AZ\u00a0\u00a0Trend-\u0259 istinad\u0259n x\u0259b\u0259r verir ki, rayonun Noxudlu k\u0259ndind\u0259 s\u0259rni\u015fin mikroavtobusu il\u0259 &#8220;Mercedes&#8221; markal\u0131 minik avtomobilinin toqqu\u015fmas\u0131 n\u0259tic\u0259sind\u0259 9 n\u0259f\u0259r x\u0259sar\u0259t al\u0131b. X\u0259sar\u0259t alanlar &#8211; Salyan rayon sakinl\u0259ri 1979-cu il t\u0259v\u0259ll\u00fcdl\u00fc Muradov Elm\u0259ddin Yunis o\u011flu sol said s\u00fcm\u00fcy\u00fcn\u00fcn s\u0131n\u0131\u011f\u0131, 1977-ci il t\u0259v\u0259ll\u00fcdl\u00fc \u0130smay\u0131lov Zaur Adil o\u011flu sol bud s\u00fcm\u00fcy\u00fcn\u00fcn s\u0131n\u0131\u011f\u0131, Masall\u0131 rayon sakini 1965-ci il t\u0259v\u0259ll\u00fcdl\u00fc Zeynalova Xumnaz Feyruz q\u0131z\u0131 sol qulaq v\u0259 alt doda\u011f\u0131n \u0259zilm\u0259si v\u0259 C\u0259lilabad rayon sakini 1952-ci il t\u0259v\u0259ll\u00fcdl\u00fc Soltanov M\u0259mm\u0259dqulu H\u0259t\u0259m o\u011flu qar\u0131n\u0131n v\u0259 \u00fcz\u00fcn sol t\u0259r\u0259finin k\u00fct&hellip;<\/p>\n","protected":false},"author":2,"featured_media":53134,"comment_status":"closed","ping_status":"closed","sticky":false,"template":"","format":"standard","meta":{"om_disable_all_campaigns":false,"_monsterinsights_skip_tracking":false,"_monsterinsights_sitenote_active":false,"_monsterinsights_sitenote_note":"","_monsterinsights_sitenote_category":0},"categories":[5],"tags":[],"aioseo_notices":[],"gutentor_comment":0,"rttpg_featured_image_url":{"full":["https:\/\/arantv.az\/wp-content\/uploads\/2019\/04\/749896.jpg",800,600,false],"landscape":["https:\/\/arantv.az\/wp-content\/uploads\/2019\/04\/749896.jpg",800,600,false],"portraits":["https:\/\/arantv.az\/wp-content\/uploads\/2019\/04\/749896.jpg",800,600,false],"thumbnail":["https:\/\/arantv.az\/wp-content\/uploads\/2019\/04\/749896-150x150.jpg",150,150,true],"medium":["https:\/\/arantv.az\/wp-content\/uploads\/2019\/04\/749896-300x225.jpg",300,225,true],"large":["https:\/\/arantv.az\/wp-content\/uploads\/2019\/04\/749896.jpg",640,480,false],"1536x1536":["https:\/\/arantv.az\/wp-content\/uploads\/2019\/04\/749896.jpg",800,600,false],"2048x2048":["https:\/\/arantv.az\/wp-content\/uploads\/2019\/04\/749896.jpg",800,600,false],"post-thumbnail":["https:\/\/arantv.az\/wp-content\/uploads\/2019\/04\/749896-240x172.jpg",240,172,true],"advps-thumb-one":["https:\/\/arantv.az\/wp-content\/uploads\/2019\/04\/749896.jpg",800,600,false]},"rttpg_author":{"display_name":"V\u00fcsal Rafiqo\u011flu","author_link":"https:\/\/arantv.az\/?author=2"},"rttpg_comment":0,"rttpg_category":"<a href=\"https:\/\/arantv.az\/?cat=5\" rel=\"category\">Hadis\u0259<\/a>","rttpg_excerpt":"Salyanda mikroavtobus q\u0259zas\u0131nda x\u0259sar\u0259t alanlar\u0131n adlar\u0131 m\u0259lum olub. ARANTV.AZ\u00a0\u00a0Trend-\u0259 istinad\u0259n x\u0259b\u0259r verir ki, rayonun Noxudlu k\u0259ndind\u0259 s\u0259rni\u015fin mikroavtobusu il\u0259 &#8220;Mercedes&#8221; markal\u0131 minik avtomobilinin toqqu\u015fmas\u0131 n\u0259tic\u0259sind\u0259 9 n\u0259f\u0259r x\u0259sar\u0259t al\u0131b. X\u0259sar\u0259t alanlar &#8211; Salyan rayon sakinl\u0259ri 1979-cu il t\u0259v\u0259ll\u00fcdl\u00fc Muradov Elm\u0259ddin Yunis o\u011flu sol said s\u00fcm\u00fcy\u00fcn\u00fcn s\u0131n\u0131\u011f\u0131, 1977-ci il t\u0259v\u0259ll\u00fcdl\u00fc \u0130smay\u0131lov Zaur Adil o\u011flu sol bud&hellip;","_links":{"self":[{"href":"https:\/\/arantv.az\/index.php?rest_route=\/wp\/v2\/posts\/53133"}],"collection":[{"href":"https:\/\/arantv.az\/index.php?rest_route=\/wp\/v2\/posts"}],"about":[{"href":"https:\/\/arantv.az\/index.php?rest_route=\/wp\/v2\/types\/post"}],"author":[{"embeddable":true,"href":"https:\/\/arantv.az\/index.php?rest_route=\/wp\/v2\/users\/2"}],"replies":[{"embeddable":true,"href":"https:\/\/arantv.az\/index.php?rest_route=%2Fwp%2Fv2%2Fcomments&post=53133"}],"version-history":[{"count":0,"href":"https:\/\/arantv.az\/index.php?rest_route=\/wp\/v2\/posts\/53133\/revisions"}],"wp:featuredmedia":[{"embeddable":true,"href":"https:\/\/arantv.az\/index.php?rest_route=\/wp\/v2\/media\/53134"}],"wp:attachment":[{"href":"https:\/\/arantv.az\/index.php?rest_route=%2Fwp%2Fv2%2Fmedia&parent=53133"}],"wp:term":[{"taxonomy":"category","embeddable":true,"href":"https:\/\/arantv.az\/index.php?rest_route=%2Fwp%2Fv2%2Fcategories&post=53133"},{"taxonomy":"post_tag","embeddable":true,"href":"https:\/\/arantv.az\/index.php?rest_route=%2Fwp%2Fv2%2Ftags&post=53133"}],"curies":[{"name":"wp","href":"https:\/\/api.w.org\/{rel}","templated":true}]}}