{"id":53139,"date":"2019-04-26T09:35:17","date_gmt":"2019-04-26T06:35:17","guid":{"rendered":"http:\/\/arantv.az\/?p=53139"},"modified":"2019-04-26T09:35:17","modified_gmt":"2019-04-26T06:35:17","slug":"ilham-%c9%99liyevl%c9%99-putin-pekind%c9%99-gorus%c9%99c%c9%99k","status":"publish","type":"post","link":"https:\/\/arantv.az\/?p=53139","title":{"rendered":"\u0130lham \u018fliyevl\u0259 Putin Pekind\u0259 g\u00f6r\u00fc\u015f\u0259c\u0259k"},"content":{"rendered":"<p>Bu g\u00fcn Pekind\u0259 2-ci \u201cBir k\u0259m\u0259r, bir yol\u201d Beyn\u0259lxalq \u018fm\u0259kda\u015fl\u0131q Forumu i\u015f\u0259 ba\u015flay\u0131b.<br \/>\nAz\u0259rbaycan Respublikas\u0131n\u0131n Prezidenti \u0130lham \u018fliyevin r\u0259hb\u0259rlik etdiyi n\u00fcmay\u0259nd\u0259 hey\u0259ti Forumda i\u015ftirak edir. Forum \u00e7\u0259r\u00e7iv\u0259sind\u0259 Az\u0259rbaycan Prezidenti \u0130lham \u018fliyevl\u0259 Rusiya Prezidenti Vladimir Putin aras\u0131nda g\u00f6r\u00fc\u015f\u00fcn ke\u00e7iril\u0259c\u0259yi g\u00f6zl\u0259nilir.<\/p>\n<div id=\"AdviadNativeVideo0\" class=\"AdviadNativeVideo\"><\/div>\n<p><b>ARANTV.AZ\u00a0<\/b>x\u0259b\u0259r verir ki, bu bar\u0259d\u0259 jurnalistl\u0259r\u0259 a\u00e7\u0131qlamas\u0131nda Rusiya prezidentinin k\u00f6m\u0259k\u00e7isi Yuriy U\u015fakov m\u0259lumat verib.<br \/>\nU\u015fakovun s\u00f6zl\u0259rin\u0259 g\u00f6r\u0259, g\u00f6r\u00fc\u015fd\u0259 ikit\u0259r\u0259fli \u0259laq\u0259l\u0259r v\u0259 beyn\u0259lxalq m\u0259s\u0259l\u0259l\u0259rl\u0259 ba\u011fl\u0131 dialoqun apar\u0131lmas\u0131 n\u0259z\u0259rd\u0259 tutulub.big.az<\/p>\n","protected":false},"excerpt":{"rendered":"<p>Bu g\u00fcn Pekind\u0259 2-ci \u201cBir k\u0259m\u0259r, bir yol\u201d Beyn\u0259lxalq \u018fm\u0259kda\u015fl\u0131q Forumu i\u015f\u0259 ba\u015flay\u0131b. Az\u0259rbaycan Respublikas\u0131n\u0131n Prezidenti \u0130lham \u018fliyevin r\u0259hb\u0259rlik etdiyi n\u00fcmay\u0259nd\u0259 hey\u0259ti Forumda i\u015ftirak edir. Forum \u00e7\u0259r\u00e7iv\u0259sind\u0259 Az\u0259rbaycan Prezidenti \u0130lham \u018fliyevl\u0259 Rusiya Prezidenti Vladimir Putin aras\u0131nda g\u00f6r\u00fc\u015f\u00fcn ke\u00e7iril\u0259c\u0259yi g\u00f6zl\u0259nilir. ARANTV.AZ\u00a0x\u0259b\u0259r verir ki, bu bar\u0259d\u0259 jurnalistl\u0259r\u0259 a\u00e7\u0131qlamas\u0131nda Rusiya prezidentinin k\u00f6m\u0259k\u00e7isi Yuriy U\u015fakov m\u0259lumat verib. U\u015fakovun s\u00f6zl\u0259rin\u0259 g\u00f6r\u0259, g\u00f6r\u00fc\u015fd\u0259 ikit\u0259r\u0259fli \u0259laq\u0259l\u0259r v\u0259 beyn\u0259lxalq m\u0259s\u0259l\u0259l\u0259rl\u0259 ba\u011fl\u0131 dialoqun apar\u0131lmas\u0131 n\u0259z\u0259rd\u0259 tutulub.big.az<\/p>\n","protected":false},"author":2,"featured_media":53140,"comment_status":"closed","ping_status":"closed","sticky":false,"template":"","format":"standard","meta":{"om_disable_all_campaigns":false,"_monsterinsights_skip_tracking":false,"_monsterinsights_sitenote_active":false,"_monsterinsights_sitenote_note":"","_monsterinsights_sitenote_category":0},"categories":[4],"tags":[],"aioseo_notices":[],"gutentor_comment":0,"rttpg_featured_image_url":{"full":["https:\/\/arantv.az\/wp-content\/uploads\/2019\/04\/a_91556260230.jpg",482,303,false],"landscape":["https:\/\/arantv.az\/wp-content\/uploads\/2019\/04\/a_91556260230.jpg",482,303,false],"portraits":["https:\/\/arantv.az\/wp-content\/uploads\/2019\/04\/a_91556260230.jpg",482,303,false],"thumbnail":["https:\/\/arantv.az\/wp-content\/uploads\/2019\/04\/a_91556260230-150x150.jpg",150,150,true],"medium":["https:\/\/arantv.az\/wp-content\/uploads\/2019\/04\/a_91556260230-300x189.jpg",300,189,true],"large":["https:\/\/arantv.az\/wp-content\/uploads\/2019\/04\/a_91556260230.jpg",482,303,false],"1536x1536":["https:\/\/arantv.az\/wp-content\/uploads\/2019\/04\/a_91556260230.jpg",482,303,false],"2048x2048":["https:\/\/arantv.az\/wp-content\/uploads\/2019\/04\/a_91556260230.jpg",482,303,false],"post-thumbnail":["https:\/\/arantv.az\/wp-content\/uploads\/2019\/04\/a_91556260230-240x172.jpg",240,172,true],"advps-thumb-one":["https:\/\/arantv.az\/wp-content\/uploads\/2019\/04\/a_91556260230.jpg",482,303,false]},"rttpg_author":{"display_name":"V\u00fcsal Rafiqo\u011flu","author_link":"https:\/\/arantv.az\/?author=2"},"rttpg_comment":0,"rttpg_category":"<a href=\"https:\/\/arantv.az\/?cat=4\" rel=\"category\">Siyas\u0259t<\/a>","rttpg_excerpt":"Bu g\u00fcn Pekind\u0259 2-ci \u201cBir k\u0259m\u0259r, bir yol\u201d Beyn\u0259lxalq \u018fm\u0259kda\u015fl\u0131q Forumu i\u015f\u0259 ba\u015flay\u0131b. Az\u0259rbaycan Respublikas\u0131n\u0131n Prezidenti \u0130lham \u018fliyevin r\u0259hb\u0259rlik etdiyi n\u00fcmay\u0259nd\u0259 hey\u0259ti Forumda i\u015ftirak edir. Forum \u00e7\u0259r\u00e7iv\u0259sind\u0259 Az\u0259rbaycan Prezidenti \u0130lham \u018fliyevl\u0259 Rusiya Prezidenti Vladimir Putin aras\u0131nda g\u00f6r\u00fc\u015f\u00fcn ke\u00e7iril\u0259c\u0259yi g\u00f6zl\u0259nilir. ARANTV.AZ\u00a0x\u0259b\u0259r verir ki, bu bar\u0259d\u0259 jurnalistl\u0259r\u0259 a\u00e7\u0131qlamas\u0131nda Rusiya prezidentinin k\u00f6m\u0259k\u00e7isi Yuriy U\u015fakov m\u0259lumat verib. U\u015fakovun s\u00f6zl\u0259rin\u0259&hellip;","_links":{"self":[{"href":"https:\/\/arantv.az\/index.php?rest_route=\/wp\/v2\/posts\/53139"}],"collection":[{"href":"https:\/\/arantv.az\/index.php?rest_route=\/wp\/v2\/posts"}],"about":[{"href":"https:\/\/arantv.az\/index.php?rest_route=\/wp\/v2\/types\/post"}],"author":[{"embeddable":true,"href":"https:\/\/arantv.az\/index.php?rest_route=\/wp\/v2\/users\/2"}],"replies":[{"embeddable":true,"href":"https:\/\/arantv.az\/index.php?rest_route=%2Fwp%2Fv2%2Fcomments&post=53139"}],"version-history":[{"count":0,"href":"https:\/\/arantv.az\/index.php?rest_route=\/wp\/v2\/posts\/53139\/revisions"}],"wp:featuredmedia":[{"embeddable":true,"href":"https:\/\/arantv.az\/index.php?rest_route=\/wp\/v2\/media\/53140"}],"wp:attachment":[{"href":"https:\/\/arantv.az\/index.php?rest_route=%2Fwp%2Fv2%2Fmedia&parent=53139"}],"wp:term":[{"taxonomy":"category","embeddable":true,"href":"https:\/\/arantv.az\/index.php?rest_route=%2Fwp%2Fv2%2Fcategories&post=53139"},{"taxonomy":"post_tag","embeddable":true,"href":"https:\/\/arantv.az\/index.php?rest_route=%2Fwp%2Fv2%2Ftags&post=53139"}],"curies":[{"name":"wp","href":"https:\/\/api.w.org\/{rel}","templated":true}]}}