{"id":53146,"date":"2019-04-26T09:59:17","date_gmt":"2019-04-26T06:59:17","guid":{"rendered":"http:\/\/arantv.az\/?p=53146"},"modified":"2019-04-26T09:59:17","modified_gmt":"2019-04-26T06:59:17","slug":"ramil-usubov-r%c9%99is-muavinini-isd%c9%99n-cixardi","status":"publish","type":"post","link":"https:\/\/arantv.az\/?p=53146","title":{"rendered":"Ramil Usubov r\u0259is m\u00fcavinini \u0130\u015eD\u018fN \u00c7IXARDI"},"content":{"rendered":"<p>Daxili \u0130\u015fl\u0259r naziri Ramil Usubov r\u0259is m\u00fcavinini i\u015fd\u0259n \u00e7\u0131xar\u0131b.<\/p>\n<p><b>ARANTV.AZ\u00a0<\/b>x\u0259b\u0259r verir ki, Unikal.org-un \u0259ld\u0259 etdiyi m\u0259lumata g\u00f6r\u0259, general-polkovnik Ramil Usubovun \u0259mri il\u0259, G\u0259d\u0259b\u0259y Rayon Polis \u015e\u00f6b\u0259sinin \u0259m\u0259liyyat i\u015fl\u0259ri \u00fczr\u0259 r\u0259is m\u00fcavini polis polkovnik-leytenant\u0131 F\u0259zail M\u0259mm\u0259dov v\u0259zif\u0259sind\u0259n azad olunaraq s\u0259r\u0259ncama g\u00f6t\u00fcr\u00fcl\u00fcb. Onun yerin\u0259 is\u0259 h\u0259l\u0259lik t\u0259\u0131yinat yoxdur.<\/p>\n<p>X\u0259b\u0259ri Daxili \u0130\u015fl\u0259r Nazirliyinin M\u0259tbuat xidm\u0259tinin G\u0259nc\u0259 regional qrupunun ba\u015f inspektoru, polis leytenant\u0131 E\u015fqin Qas\u0131mov Unikal.org-a t\u0259sdiql\u0259yib.<\/p>\n","protected":false},"excerpt":{"rendered":"<p>Daxili \u0130\u015fl\u0259r naziri Ramil Usubov r\u0259is m\u00fcavinini i\u015fd\u0259n \u00e7\u0131xar\u0131b. ARANTV.AZ\u00a0x\u0259b\u0259r verir ki, Unikal.org-un \u0259ld\u0259 etdiyi m\u0259lumata g\u00f6r\u0259, general-polkovnik Ramil Usubovun \u0259mri il\u0259, G\u0259d\u0259b\u0259y Rayon Polis \u015e\u00f6b\u0259sinin \u0259m\u0259liyyat i\u015fl\u0259ri \u00fczr\u0259 r\u0259is m\u00fcavini polis polkovnik-leytenant\u0131 F\u0259zail M\u0259mm\u0259dov v\u0259zif\u0259sind\u0259n azad olunaraq s\u0259r\u0259ncama g\u00f6t\u00fcr\u00fcl\u00fcb. Onun yerin\u0259 is\u0259 h\u0259l\u0259lik t\u0259\u0131yinat yoxdur. X\u0259b\u0259ri Daxili \u0130\u015fl\u0259r Nazirliyinin M\u0259tbuat xidm\u0259tinin G\u0259nc\u0259 regional qrupunun ba\u015f inspektoru, polis leytenant\u0131 E\u015fqin Qas\u0131mov Unikal.org-a t\u0259sdiql\u0259yib.<\/p>\n","protected":false},"author":2,"featured_media":53147,"comment_status":"closed","ping_status":"closed","sticky":false,"template":"","format":"standard","meta":{"om_disable_all_campaigns":false,"_monsterinsights_skip_tracking":false,"_monsterinsights_sitenote_active":false,"_monsterinsights_sitenote_note":"","_monsterinsights_sitenote_category":0},"categories":[1],"tags":[],"aioseo_notices":[],"gutentor_comment":0,"rttpg_featured_image_url":{"full":["https:\/\/arantv.az\/wp-content\/uploads\/2019\/04\/15562617131550931234.ramil_.jpg",549,366,false],"landscape":["https:\/\/arantv.az\/wp-content\/uploads\/2019\/04\/15562617131550931234.ramil_.jpg",549,366,false],"portraits":["https:\/\/arantv.az\/wp-content\/uploads\/2019\/04\/15562617131550931234.ramil_.jpg",549,366,false],"thumbnail":["https:\/\/arantv.az\/wp-content\/uploads\/2019\/04\/15562617131550931234.ramil_-150x150.jpg",150,150,true],"medium":["https:\/\/arantv.az\/wp-content\/uploads\/2019\/04\/15562617131550931234.ramil_-300x200.jpg",300,200,true],"large":["https:\/\/arantv.az\/wp-content\/uploads\/2019\/04\/15562617131550931234.ramil_.jpg",549,366,false],"1536x1536":["https:\/\/arantv.az\/wp-content\/uploads\/2019\/04\/15562617131550931234.ramil_.jpg",549,366,false],"2048x2048":["https:\/\/arantv.az\/wp-content\/uploads\/2019\/04\/15562617131550931234.ramil_.jpg",549,366,false],"post-thumbnail":["https:\/\/arantv.az\/wp-content\/uploads\/2019\/04\/15562617131550931234.ramil_-240x172.jpg",240,172,true],"advps-thumb-one":["https:\/\/arantv.az\/wp-content\/uploads\/2019\/04\/15562617131550931234.ramil_.jpg",549,366,false]},"rttpg_author":{"display_name":"V\u00fcsal Rafiqo\u011flu","author_link":"https:\/\/arantv.az\/?author=2"},"rttpg_comment":0,"rttpg_category":"<a href=\"https:\/\/arantv.az\/?cat=1\" rel=\"category\">C\u0259miyy\u0259t<\/a>","rttpg_excerpt":"Daxili \u0130\u015fl\u0259r naziri Ramil Usubov r\u0259is m\u00fcavinini i\u015fd\u0259n \u00e7\u0131xar\u0131b. ARANTV.AZ\u00a0x\u0259b\u0259r verir ki, Unikal.org-un \u0259ld\u0259 etdiyi m\u0259lumata g\u00f6r\u0259, general-polkovnik Ramil Usubovun \u0259mri il\u0259, G\u0259d\u0259b\u0259y Rayon Polis \u015e\u00f6b\u0259sinin \u0259m\u0259liyyat i\u015fl\u0259ri \u00fczr\u0259 r\u0259is m\u00fcavini polis polkovnik-leytenant\u0131 F\u0259zail M\u0259mm\u0259dov v\u0259zif\u0259sind\u0259n azad olunaraq s\u0259r\u0259ncama g\u00f6t\u00fcr\u00fcl\u00fcb. Onun yerin\u0259 is\u0259 h\u0259l\u0259lik t\u0259\u0131yinat yoxdur. X\u0259b\u0259ri Daxili \u0130\u015fl\u0259r Nazirliyinin M\u0259tbuat xidm\u0259tinin G\u0259nc\u0259 regional qrupunun&hellip;","_links":{"self":[{"href":"https:\/\/arantv.az\/index.php?rest_route=\/wp\/v2\/posts\/53146"}],"collection":[{"href":"https:\/\/arantv.az\/index.php?rest_route=\/wp\/v2\/posts"}],"about":[{"href":"https:\/\/arantv.az\/index.php?rest_route=\/wp\/v2\/types\/post"}],"author":[{"embeddable":true,"href":"https:\/\/arantv.az\/index.php?rest_route=\/wp\/v2\/users\/2"}],"replies":[{"embeddable":true,"href":"https:\/\/arantv.az\/index.php?rest_route=%2Fwp%2Fv2%2Fcomments&post=53146"}],"version-history":[{"count":0,"href":"https:\/\/arantv.az\/index.php?rest_route=\/wp\/v2\/posts\/53146\/revisions"}],"wp:featuredmedia":[{"embeddable":true,"href":"https:\/\/arantv.az\/index.php?rest_route=\/wp\/v2\/media\/53147"}],"wp:attachment":[{"href":"https:\/\/arantv.az\/index.php?rest_route=%2Fwp%2Fv2%2Fmedia&parent=53146"}],"wp:term":[{"taxonomy":"category","embeddable":true,"href":"https:\/\/arantv.az\/index.php?rest_route=%2Fwp%2Fv2%2Fcategories&post=53146"},{"taxonomy":"post_tag","embeddable":true,"href":"https:\/\/arantv.az\/index.php?rest_route=%2Fwp%2Fv2%2Ftags&post=53146"}],"curies":[{"name":"wp","href":"https:\/\/api.w.org\/{rel}","templated":true}]}}