{"id":531861,"date":"2022-11-05T12:38:13","date_gmt":"2022-11-05T09:38:13","guid":{"rendered":"https:\/\/arantv.az\/?p=531861"},"modified":"2022-11-05T12:38:13","modified_gmt":"2022-11-05T09:38:13","slug":"azal-da-daha-bir-birinci-vitse-prezident-t%c9%99yin-edilib","status":"publish","type":"post","link":"https:\/\/arantv.az\/?p=531861","title":{"rendered":"AZAL-da daha bir Birinci vitse-prezident t\u0259yin edilib"},"content":{"rendered":"<p>\u201cAz\u0259rbaycan Hava Yollar\u0131\u201d QSC-nin (AZAL) vitse-prezidenti Samir Rzayev qurumun I vitse-prezidenti t\u0259yin edilib.<\/p>\n<p><strong>ARANTV.AZ <\/strong>\u00a0AZAL-a istinad\u0259n x\u0259b\u0259r verir ki, bununla ba\u011fl\u0131 Prezident\u00a0<strong>\u0130lham \u018fliyev<\/strong>\u00a0s\u0259r\u0259ncam imzalay\u0131b.<\/p>\n<div class=\"AdviadNativeVideo\"><\/div>\n<p>Qurumun dig\u0259r I vitse-prezidenti is\u0259 \u0259vv\u0259lki qaydada Sabir \u0130lyasov, vitse-prezidentl\u0259ri is\u0259 yen\u0259 d\u0259 \u0130lham \u018fmirov, F\u0259rdil M\u0259mm\u0259dov v\u0259 Eldar Hac\u0131yevdir.<\/p>\n<p>Xat\u0131rladaq ki, Nazirl\u0259r Kabineti noyabr\u0131n 3-d\u0259 AZAL-\u0131n Nizamnam\u0259sinin v\u0259 strukturunun t\u0259sdiq edilm\u0259si haqq\u0131nda 30 aprel 2008-ci il tarixli q\u0259rar\u0131nda d\u0259yi\u015fiklik edib. Bununla ba\u011fl\u0131 q\u0259rar\u0131 Ba\u015f nazir \u018fli \u018fs\u0259dov imzalay\u0131b.<\/p>\n<p>Q\u0259rara \u0259sas\u0259n, AZAL-\u0131n \u0130dar\u0259 Hey\u0259tinin (\u0130H) t\u0259rkibi 7 n\u0259f\u0259rd\u0259n \u2014 C\u0259miyy\u0259tin prezidenti, iki Birinci vitse-prezident\u00a0v\u0259 d\u00f6rd vitse-prezidentd\u0259n ibar\u0259tdir.<\/p>\n<p>\u0130ndiy\u0259 q\u0259d\u0259r is\u0259 \u0130H-nin t\u0259rkibi 7 n\u0259f\u0259rd\u0259n \u2014 C\u0259miyy\u0259tin prezidenti, birinci vitse-prezidenti v\u0259 dig\u0259r vitse-prezidentl\u0259rd\u0259n ibar\u0259t olub.<\/p>\n","protected":false},"excerpt":{"rendered":"<p>\u201cAz\u0259rbaycan Hava Yollar\u0131\u201d QSC-nin (AZAL) vitse-prezidenti Samir Rzayev qurumun I vitse-prezidenti t\u0259yin edilib. ARANTV.AZ \u00a0AZAL-a istinad\u0259n x\u0259b\u0259r verir ki, bununla ba\u011fl\u0131 Prezident\u00a0\u0130lham \u018fliyev\u00a0s\u0259r\u0259ncam imzalay\u0131b. Qurumun dig\u0259r I vitse-prezidenti is\u0259 \u0259vv\u0259lki qaydada Sabir \u0130lyasov, vitse-prezidentl\u0259ri is\u0259 yen\u0259 d\u0259 \u0130lham \u018fmirov, F\u0259rdil M\u0259mm\u0259dov v\u0259 Eldar Hac\u0131yevdir. Xat\u0131rladaq ki, Nazirl\u0259r Kabineti noyabr\u0131n 3-d\u0259 AZAL-\u0131n Nizamnam\u0259sinin v\u0259 strukturunun t\u0259sdiq edilm\u0259si haqq\u0131nda 30 aprel 2008-ci il tarixli q\u0259rar\u0131nda d\u0259yi\u015fiklik edib. Bununla ba\u011fl\u0131 q\u0259rar\u0131 Ba\u015f nazir \u018fli \u018fs\u0259dov imzalay\u0131b. Q\u0259rara \u0259sas\u0259n, AZAL-\u0131n \u0130dar\u0259 Hey\u0259tinin (\u0130H) t\u0259rkibi 7 n\u0259f\u0259rd\u0259n \u2014 C\u0259miyy\u0259tin prezidenti, iki Birinci vitse-prezident\u00a0v\u0259 d\u00f6rd vitse-prezidentd\u0259n&hellip;<\/p>\n","protected":false},"author":2,"featured_media":531864,"comment_status":"closed","ping_status":"closed","sticky":false,"template":"","format":"standard","meta":{"om_disable_all_campaigns":false,"_monsterinsights_skip_tracking":false,"_monsterinsights_sitenote_active":false,"_monsterinsights_sitenote_note":"","_monsterinsights_sitenote_category":0},"categories":[19],"tags":[],"aioseo_notices":[],"gutentor_comment":0,"rttpg_featured_image_url":{"full":["https:\/\/arantv.az\/wp-content\/uploads\/2022\/11\/FotoJet-1-2-1.jpg",620,413,false],"landscape":["https:\/\/arantv.az\/wp-content\/uploads\/2022\/11\/FotoJet-1-2-1.jpg",620,413,false],"portraits":["https:\/\/arantv.az\/wp-content\/uploads\/2022\/11\/FotoJet-1-2-1.jpg",620,413,false],"thumbnail":["https:\/\/arantv.az\/wp-content\/uploads\/2022\/11\/FotoJet-1-2-1-500x280.jpg",500,280,true],"medium":["https:\/\/arantv.az\/wp-content\/uploads\/2022\/11\/FotoJet-1-2-1-548x365.jpg",548,365,true],"large":["https:\/\/arantv.az\/wp-content\/uploads\/2022\/11\/FotoJet-1-2-1.jpg",620,413,false],"1536x1536":["https:\/\/arantv.az\/wp-content\/uploads\/2022\/11\/FotoJet-1-2-1.jpg",620,413,false],"2048x2048":["https:\/\/arantv.az\/wp-content\/uploads\/2022\/11\/FotoJet-1-2-1.jpg",620,413,false],"post-thumbnail":["https:\/\/arantv.az\/wp-content\/uploads\/2022\/11\/FotoJet-1-2-1-240x172.jpg",240,172,true],"advps-thumb-one":["https:\/\/arantv.az\/wp-content\/uploads\/2022\/11\/FotoJet-1-2-1.jpg",620,413,false]},"rttpg_author":{"display_name":"V\u00fcsal Rafiqo\u011flu","author_link":"https:\/\/arantv.az\/?author=2"},"rttpg_comment":0,"rttpg_category":"<a href=\"https:\/\/arantv.az\/?cat=19\" rel=\"category\">G\u00fcnd\u0259m<\/a>","rttpg_excerpt":"\u201cAz\u0259rbaycan Hava Yollar\u0131\u201d QSC-nin (AZAL) vitse-prezidenti Samir Rzayev qurumun I vitse-prezidenti t\u0259yin edilib. ARANTV.AZ \u00a0AZAL-a istinad\u0259n x\u0259b\u0259r verir ki, bununla ba\u011fl\u0131 Prezident\u00a0\u0130lham \u018fliyev\u00a0s\u0259r\u0259ncam imzalay\u0131b. Qurumun dig\u0259r I vitse-prezidenti is\u0259 \u0259vv\u0259lki qaydada Sabir \u0130lyasov, vitse-prezidentl\u0259ri is\u0259 yen\u0259 d\u0259 \u0130lham \u018fmirov, F\u0259rdil M\u0259mm\u0259dov v\u0259 Eldar Hac\u0131yevdir. Xat\u0131rladaq ki, Nazirl\u0259r Kabineti noyabr\u0131n 3-d\u0259 AZAL-\u0131n Nizamnam\u0259sinin v\u0259 strukturunun t\u0259sdiq&hellip;","_links":{"self":[{"href":"https:\/\/arantv.az\/index.php?rest_route=\/wp\/v2\/posts\/531861"}],"collection":[{"href":"https:\/\/arantv.az\/index.php?rest_route=\/wp\/v2\/posts"}],"about":[{"href":"https:\/\/arantv.az\/index.php?rest_route=\/wp\/v2\/types\/post"}],"author":[{"embeddable":true,"href":"https:\/\/arantv.az\/index.php?rest_route=\/wp\/v2\/users\/2"}],"replies":[{"embeddable":true,"href":"https:\/\/arantv.az\/index.php?rest_route=%2Fwp%2Fv2%2Fcomments&post=531861"}],"version-history":[{"count":0,"href":"https:\/\/arantv.az\/index.php?rest_route=\/wp\/v2\/posts\/531861\/revisions"}],"wp:featuredmedia":[{"embeddable":true,"href":"https:\/\/arantv.az\/index.php?rest_route=\/wp\/v2\/media\/531864"}],"wp:attachment":[{"href":"https:\/\/arantv.az\/index.php?rest_route=%2Fwp%2Fv2%2Fmedia&parent=531861"}],"wp:term":[{"taxonomy":"category","embeddable":true,"href":"https:\/\/arantv.az\/index.php?rest_route=%2Fwp%2Fv2%2Fcategories&post=531861"},{"taxonomy":"post_tag","embeddable":true,"href":"https:\/\/arantv.az\/index.php?rest_route=%2Fwp%2Fv2%2Ftags&post=531861"}],"curies":[{"name":"wp","href":"https:\/\/api.w.org\/{rel}","templated":true}]}}