{"id":531868,"date":"2022-11-05T12:39:53","date_gmt":"2022-11-05T09:39:53","guid":{"rendered":"https:\/\/arantv.az\/?p=531868"},"modified":"2022-11-05T12:39:53","modified_gmt":"2022-11-05T09:39:53","slug":"mn-d%c9%99-rusiya-sulhm%c9%99ramlilarinin-muv%c9%99qq%c9%99ti-yerl%c9%99sdikl%c9%99ri-%c9%99razil%c9%99rd%c9%99-%c9%99m%c9%99liyyat-s%c9%99raiti-muzakir%c9%99-olunub-foto","status":"publish","type":"post","link":"https:\/\/arantv.az\/?p=531868","title":{"rendered":"MN-d\u0259 Rusiya s\u00fclhm\u0259raml\u0131lar\u0131n\u0131n m\u00fcv\u0259qq\u0259ti yerl\u0259\u015fdikl\u0259ri \u0259razil\u0259rd\u0259 \u0259m\u0259liyyat \u015f\u0259raiti m\u00fczakir\u0259 olunub &#8211; FOTO"},"content":{"rendered":"<p>Noyabr\u0131n 5-d\u0259 m\u00fcdafi\u0259 naziri general-polkovnik Zakir H\u0259s\u0259novun r\u0259hb\u0259rliyi il\u0259 M\u00fcdafi\u0259 Nazirliyind\u0259 xidm\u0259ti m\u00fc\u015favir\u0259 ke\u00e7irilib.<\/p>\n<p>MN-in m\u0259lumat\u0131na g\u00f6r\u0259, m\u00fc\u015favir\u0259d\u0259 nazir m\u00fcavinl\u0259ri, qo\u015fun n\u00f6v\u00fc komandanlar\u0131, nazirliyin ba\u015f idar\u0259, idar\u0259 v\u0259 xidm\u0259t r\u0259isl\u0259ri, h\u0259m\u00e7inin h\u0259rbi birlik v\u0259 birl\u0259\u015fm\u0259 komandirl\u0259ri i\u015ftirak edibl\u0259r.<\/p>\n<div class=\"AdviadNativeVideo\"><\/div>\n<p><img src=\"https:\/\/cdn.oxu.az\/uploads\/W1siZiIsIjIwMjIvMTEvMDUvMTIvMjMvNDAvMjMwNzlmYTAtNTUyMy00YmQ5LTkzMWUtMWE2NjUyYmE1MWJiLzI0MTNiMDM1ZTgzYWZmNWYzZjY2N2I3MGI2YjgwNmI0LmpwZyJdLFsicCIsImVuY29kZSIsImpwZyIsIi1xdWFsaXR5IDgwIl0sWyJwIiwidGh1bWIiLCI1OTB4NTkwXHUwMDNlIl1d?sha=62a9edda86623d07\" alt=\"\" \/><\/p>\n<p>M\u00fcdafi\u0259 Nazirliyinin h\u0259rbi qulluq\u00e7ular\u0131na ali h\u0259rbi r\u00fctb\u0259l\u0259rin verilm\u0259si haqq\u0131nda Az\u0259rbaycan Respublikas\u0131 Prezidentinin S\u0259r\u0259ncam\u0131 v\u0259 m\u00fcdafi\u0259 nazirinin m\u00fcvafiq \u0259mri oxunduqdan sonra h\u0259rbi qulluq\u00e7ulara ali h\u0259rbi r\u00fctb\u0259l\u0259r t\u0259qdim edilib. Ali Ba\u015f Komandan\u0131n t\u0259brikl\u0259rini h\u0259rbi qulluq\u00e7ulara \u00e7atd\u0131ran m\u00fcdafi\u0259 naziri onlara g\u0259l\u0259c\u0259k xidm\u0259tl\u0259rind\u0259 u\u011furlar arzulay\u0131b, m\u00fcvafiq tap\u015f\u0131r\u0131q v\u0259 t\u00f6vsiy\u0259l\u0259rini verib.<\/p>\n<p><img src=\"https:\/\/cdn.oxu.az\/uploads\/W1siZiIsIjIwMjIvMTEvMDUvMTIvMjMvNDAvMDBhMTI4NTgtMWQ2Ni00Y2UwLTgyMTAtODJhNmE1NDIwOTU5L2Y1NmMyMWMwYzhiMDlhYjMwYzBjM2VhMDIwY2EwYjVmLmpwZyJdLFsicCIsImVuY29kZSIsImpwZyIsIi1xdWFsaXR5IDgwIl0sWyJwIiwidGh1bWIiLCI1OTB4NTkwXHUwMDNlIl1d?sha=930fd05d12829e52\" alt=\"\" \/><\/p>\n<p>Sonra m\u00fcdafi\u0259 naziri Az\u0259rbaycan Respublikas\u0131n\u0131n Prezidenti, Silahl\u0131 Q\u00fcvv\u0259l\u0259rin Ali Ba\u015f Komandan\u0131\u00a0<strong>\u0130lham \u018fliyev<\/strong>in Az\u0259rbaycan Ordusu qar\u015f\u0131s\u0131nda qoydu\u011fu tap\u015f\u0131r\u0131qlar\u0131 m\u00fc\u015favir\u0259 i\u015ftirak\u00e7\u0131lar\u0131na \u00e7atd\u0131r\u0131b.<\/p>\n<p>Az\u0259rbaycan-Erm\u0259nistan \u015f\u0259rti s\u0259rh\u0259dind\u0259 v\u0259 Rusiya s\u00fclhm\u0259raml\u0131 kontingentinin m\u00fcv\u0259qq\u0259ti yerl\u0259\u015fdiyi \u0259razil\u0259rimizd\u0259ki m\u00f6vcud \u0259m\u0259liyyat \u015f\u0259raiti \u0259trafl\u0131 t\u0259hlil edilib.<\/p>\n<p>Rusiya s\u00fclhm\u0259raml\u0131 kontingentinin m\u00fcv\u0259qq\u0259ti yerl\u0259\u015fdiyi \u0259razil\u0259rimizd\u0259ki qeyri-qanuni erm\u0259ni silahl\u0131 d\u0259st\u0259l\u0259rinin f\u0259aliyy\u0259tinin daim m\u00fc\u015fahid\u0259 edilm\u0259si v\u0259 n\u0259zar\u0259td\u0259 saxlan\u0131lmas\u0131n\u0131n vacibliyi x\u00fcsusi qeyd edilib.<\/p>\n<p>Qeyd olunub ki, m\u00fcdafi\u0259 naziri H\u0259rbi Hava Q\u00fcvv\u0259l\u0259rinin, X\u00fcsusi T\u0259yinatl\u0131 Q\u00fcvv\u0259l\u0259rin, h\u0259m\u00e7inin Raket v\u0259 Artilleriya Qo\u015funlar\u0131n\u0131n \u00f6lk\u0259mizin c\u0259nub rayonlar\u0131nda dislokasiya olunan h\u0259rbi hiss\u0259l\u0259rind\u0259 v\u0259 \u018fm\u0259liyyat (Komando) b\u00f6lm\u0259l\u0259rind\u0259 olub, buradak\u0131 t\u0259lim m\u0259rk\u0259zl\u0259rin\u0259 bax\u0131\u015f ke\u00e7irib, b\u00f6lm\u0259l\u0259rin praktiki d\u00f6y\u00fc\u015f haz\u0131rl\u0131\u011f\u0131 m\u0259\u015f\u011f\u0259l\u0259l\u0259rini izl\u0259yib. \u018fm\u0259liyyat planlar\u0131 d\u0259qiql\u0259\u015fdirilib, d\u00f6y\u00fc\u015f haz\u0131rl\u0131\u011f\u0131n\u0131n daha da y\u00fcks\u0259ldilm\u0259si il\u0259 ba\u011fl\u0131 komandanl\u0131q qar\u015f\u0131s\u0131nda konkret tap\u015f\u0131r\u0131qlar qoyulub.<\/p>\n<p><img src=\"https:\/\/cdn.oxu.az\/uploads\/W1siZiIsIjIwMjIvMTEvMDUvMTIvMjMvMzkvM2JkYWZhNmMtY2NmOS00ODVmLWJhODctZTY1MjhhNmNhZmVmLzhkYWE5ZDczNzE0MDI0ZDM0NjA4NmE4ZmMxMjM1YzgwLmpwZyJdLFsicCIsImVuY29kZSIsImpwZyIsIi1xdWFsaXR5IDgwIl0sWyJwIiwidGh1bWIiLCI1OTB4NTkwXHUwMDNlIl1d?sha=1943f06c8fa6833a\" alt=\"\" \/><\/p>\n<p>Ali Ba\u015f Komandan\u0131n La\u00e7\u0131n \u015f\u0259h\u0259rind\u0259 Az\u0259rbaycan Bayra\u011f\u0131n\u0131n ucald\u0131lmas\u0131 m\u0259rasimind\u0259ki \u00e7\u0131x\u0131\u015f\u0131nda s\u0259sl\u0259ndirdiyi \u201cBiziml\u0259 he\u00e7 kim ultimatum dili il\u0259 dan\u0131\u015fa bilm\u0259z\u201d s\u00f6zl\u0259rini xat\u0131rladan nazir\u00a0\u015f\u0259xsi hey\u0259tin pe\u015f\u0259karl\u0131\u011f\u0131 v\u0259 qo\u015funlar\u0131n d\u00f6y\u00fc\u015f haz\u0131rl\u0131\u011f\u0131na x\u00fcsusi diqq\u0259t yetirilm\u0259si, t\u0259liml\u0259rin, o c\u00fcml\u0259d\u0259n s\u0259hra m\u0259\u015f\u011f\u0259l\u0259l\u0259rinin intensivliyinin art\u0131r\u0131lmas\u0131 bar\u0259d\u0259 tap\u015f\u0131r\u0131qlar verib.<\/p>\n<p>General-polkovnik Z.H\u0259s\u0259nov \u015f\u0259xsi hey\u0259tin ideoloji i\u015f v\u0259 m\u0259n\u0259vi-psixoloji t\u0259minat\u0131n\u0131n daha da g\u00fccl\u0259ndirilm\u0259sin\u0259 daim diqq\u0259t yetirilm\u0259sinin vacibliyini qeyd edib.<\/p>\n<p>D\u00f6y\u00fc\u015f n\u00f6vb\u0259t\u00e7iliyi v\u0259 g\u00fcnd\u0259lik xidm\u0259ti f\u0259aliyy\u0259t zaman\u0131 t\u0259hl\u00fck\u0259sizlik qaydalar\u0131na ciddi riay\u0259t olunmas\u0131n\u0131n daim n\u0259zar\u0259td\u0259 saxlan\u0131lmas\u0131 x\u00fcsusi vur\u011fulan\u0131b.<\/p>\n<p>M\u00fcdafi\u0259 naziri q\u0131\u015fa haz\u0131rl\u0131q prosesin\u0259, x\u00fcsusil\u0259 d\u0259 da\u011fl\u0131q \u0259razil\u0259rd\u0259 dislokasiya olunan b\u00f6lm\u0259l\u0259rin t\u0259minat m\u0259s\u0259l\u0259l\u0259rin\u0259 ciddi n\u0259zar\u0259t edilm\u0259si bar\u0259d\u0259 v\u0259zif\u0259li \u015f\u0259xsl\u0259r\u0259 m\u00fcvafiq tap\u015f\u0131r\u0131qlar verib.<\/p>\n<p><img src=\"https:\/\/cdn.oxu.az\/uploads\/W1siZiIsIjIwMjIvMTEvMDUvMTIvMjMvNDAvZDk2Mjc4ODYtODg4Mi00ZTJlLWI1NmQtYTBlMDAyZjI2MjRhLzE5YzU5ZGYwMDlhZGM5YjE3NjA4MzAwNTk4MjY0NTE4LmpwZyJdLFsicCIsImVuY29kZSIsImpwZyIsIi1xdWFsaXR5IDgwIl0sWyJwIiwidGh1bWIiLCI1OTB4NTkwXHUwMDNlIl1d?sha=28bb1b9857756a2d\" alt=\"\" \/><\/p>\n<p>Sonda qo\u015fun xidm\u0259tinin t\u0259\u015fkili, \u015f\u0259xsi hey\u0259tin xidm\u0259ti v\u0259 sosial-m\u0259i\u015f\u0259t \u015f\u0259raitinin daha da yax\u015f\u0131la\u015fd\u0131r\u0131lmas\u0131, azad edilmi\u015f \u0259razil\u0259rd\u0259 m\u00fch\u0259ndis t\u0259dbirl\u0259rinin yerin\u0259 yetirilm\u0259sinin davam etdirilm\u0259si, h\u0259m\u00e7inin tibbi t\u0259minat m\u0259s\u0259l\u0259l\u0259ri il\u0259 \u0259laq\u0259dar g\u00f6st\u0259ri\u015fl\u0259r verilib.<\/p>\n","protected":false},"excerpt":{"rendered":"<p>Noyabr\u0131n 5-d\u0259 m\u00fcdafi\u0259 naziri general-polkovnik Zakir H\u0259s\u0259novun r\u0259hb\u0259rliyi il\u0259 M\u00fcdafi\u0259 Nazirliyind\u0259 xidm\u0259ti m\u00fc\u015favir\u0259 ke\u00e7irilib. MN-in m\u0259lumat\u0131na g\u00f6r\u0259, m\u00fc\u015favir\u0259d\u0259 nazir m\u00fcavinl\u0259ri, qo\u015fun n\u00f6v\u00fc komandanlar\u0131, nazirliyin ba\u015f idar\u0259, idar\u0259 v\u0259 xidm\u0259t r\u0259isl\u0259ri, h\u0259m\u00e7inin h\u0259rbi birlik v\u0259 birl\u0259\u015fm\u0259 komandirl\u0259ri i\u015ftirak edibl\u0259r. M\u00fcdafi\u0259 Nazirliyinin h\u0259rbi qulluq\u00e7ular\u0131na ali h\u0259rbi r\u00fctb\u0259l\u0259rin verilm\u0259si haqq\u0131nda Az\u0259rbaycan Respublikas\u0131 Prezidentinin S\u0259r\u0259ncam\u0131 v\u0259 m\u00fcdafi\u0259 nazirinin m\u00fcvafiq \u0259mri oxunduqdan sonra h\u0259rbi qulluq\u00e7ulara ali h\u0259rbi r\u00fctb\u0259l\u0259r t\u0259qdim edilib. Ali Ba\u015f Komandan\u0131n t\u0259brikl\u0259rini h\u0259rbi qulluq\u00e7ulara \u00e7atd\u0131ran m\u00fcdafi\u0259 naziri onlara g\u0259l\u0259c\u0259k xidm\u0259tl\u0259rind\u0259 u\u011furlar arzulay\u0131b, m\u00fcvafiq tap\u015f\u0131r\u0131q v\u0259 t\u00f6vsiy\u0259l\u0259rini verib. Sonra m\u00fcdafi\u0259 naziri Az\u0259rbaycan Respublikas\u0131n\u0131n Prezidenti,&hellip;<\/p>\n","protected":false},"author":2,"featured_media":531871,"comment_status":"closed","ping_status":"closed","sticky":false,"template":"","format":"standard","meta":{"om_disable_all_campaigns":false,"_monsterinsights_skip_tracking":false,"_monsterinsights_sitenote_active":false,"_monsterinsights_sitenote_note":"","_monsterinsights_sitenote_category":0},"categories":[4],"tags":[],"aioseo_notices":[],"gutentor_comment":0,"rttpg_featured_image_url":{"full":["https:\/\/arantv.az\/wp-content\/uploads\/2022\/11\/FotoJet-15.jpg",620,413,false],"landscape":["https:\/\/arantv.az\/wp-content\/uploads\/2022\/11\/FotoJet-15.jpg",620,413,false],"portraits":["https:\/\/arantv.az\/wp-content\/uploads\/2022\/11\/FotoJet-15.jpg",620,413,false],"thumbnail":["https:\/\/arantv.az\/wp-content\/uploads\/2022\/11\/FotoJet-15-500x280.jpg",500,280,true],"medium":["https:\/\/arantv.az\/wp-content\/uploads\/2022\/11\/FotoJet-15-548x365.jpg",548,365,true],"large":["https:\/\/arantv.az\/wp-content\/uploads\/2022\/11\/FotoJet-15.jpg",620,413,false],"1536x1536":["https:\/\/arantv.az\/wp-content\/uploads\/2022\/11\/FotoJet-15.jpg",620,413,false],"2048x2048":["https:\/\/arantv.az\/wp-content\/uploads\/2022\/11\/FotoJet-15.jpg",620,413,false],"post-thumbnail":["https:\/\/arantv.az\/wp-content\/uploads\/2022\/11\/FotoJet-15-240x172.jpg",240,172,true],"advps-thumb-one":["https:\/\/arantv.az\/wp-content\/uploads\/2022\/11\/FotoJet-15.jpg",620,413,false]},"rttpg_author":{"display_name":"V\u00fcsal Rafiqo\u011flu","author_link":"https:\/\/arantv.az\/?author=2"},"rttpg_comment":0,"rttpg_category":"<a href=\"https:\/\/arantv.az\/?cat=4\" rel=\"category\">Siyas\u0259t<\/a>","rttpg_excerpt":"Noyabr\u0131n 5-d\u0259 m\u00fcdafi\u0259 naziri general-polkovnik Zakir H\u0259s\u0259novun r\u0259hb\u0259rliyi il\u0259 M\u00fcdafi\u0259 Nazirliyind\u0259 xidm\u0259ti m\u00fc\u015favir\u0259 ke\u00e7irilib. MN-in m\u0259lumat\u0131na g\u00f6r\u0259, m\u00fc\u015favir\u0259d\u0259 nazir m\u00fcavinl\u0259ri, qo\u015fun n\u00f6v\u00fc komandanlar\u0131, nazirliyin ba\u015f idar\u0259, idar\u0259 v\u0259 xidm\u0259t r\u0259isl\u0259ri, h\u0259m\u00e7inin h\u0259rbi birlik v\u0259 birl\u0259\u015fm\u0259 komandirl\u0259ri i\u015ftirak edibl\u0259r. M\u00fcdafi\u0259 Nazirliyinin h\u0259rbi qulluq\u00e7ular\u0131na ali h\u0259rbi r\u00fctb\u0259l\u0259rin verilm\u0259si haqq\u0131nda Az\u0259rbaycan Respublikas\u0131 Prezidentinin S\u0259r\u0259ncam\u0131 v\u0259 m\u00fcdafi\u0259 nazirinin m\u00fcvafiq&hellip;","_links":{"self":[{"href":"https:\/\/arantv.az\/index.php?rest_route=\/wp\/v2\/posts\/531868"}],"collection":[{"href":"https:\/\/arantv.az\/index.php?rest_route=\/wp\/v2\/posts"}],"about":[{"href":"https:\/\/arantv.az\/index.php?rest_route=\/wp\/v2\/types\/post"}],"author":[{"embeddable":true,"href":"https:\/\/arantv.az\/index.php?rest_route=\/wp\/v2\/users\/2"}],"replies":[{"embeddable":true,"href":"https:\/\/arantv.az\/index.php?rest_route=%2Fwp%2Fv2%2Fcomments&post=531868"}],"version-history":[{"count":0,"href":"https:\/\/arantv.az\/index.php?rest_route=\/wp\/v2\/posts\/531868\/revisions"}],"wp:featuredmedia":[{"embeddable":true,"href":"https:\/\/arantv.az\/index.php?rest_route=\/wp\/v2\/media\/531871"}],"wp:attachment":[{"href":"https:\/\/arantv.az\/index.php?rest_route=%2Fwp%2Fv2%2Fmedia&parent=531868"}],"wp:term":[{"taxonomy":"category","embeddable":true,"href":"https:\/\/arantv.az\/index.php?rest_route=%2Fwp%2Fv2%2Fcategories&post=531868"},{"taxonomy":"post_tag","embeddable":true,"href":"https:\/\/arantv.az\/index.php?rest_route=%2Fwp%2Fv2%2Ftags&post=531868"}],"curies":[{"name":"wp","href":"https:\/\/api.w.org\/{rel}","templated":true}]}}