{"id":531872,"date":"2022-11-05T12:40:42","date_gmt":"2022-11-05T09:40:42","guid":{"rendered":"https:\/\/arantv.az\/?p=531872"},"modified":"2022-11-05T12:40:42","modified_gmt":"2022-11-05T09:40:42","slug":"deputat-vardanyanin-xank%c9%99ndiy%c9%99-g%c9%99lisi-bar%c9%99d%c9%99-az%c9%99rbaycan-lazimi-cavab-addimlari-atacaq","status":"publish","type":"post","link":"https:\/\/arantv.az\/?p=531872","title":{"rendered":"Deputat Vardanyan\u0131n Xank\u0259ndiy\u0259 g\u0259li\u015fi BAR\u018fD\u018f: \u201cAz\u0259rbaycan laz\u0131mi cavab add\u0131mlar\u0131 atacaq\u201d"},"content":{"rendered":"<p>\u201cRuben Vardanyan kimi insanlar Rusiya s\u00fclhm\u0259raml\u0131lar\u0131n\u0131n m\u00fcv\u0259qq\u0259ti yerl\u0259\u015fdikl\u0259ri Az\u0259rbaycan \u0259razil\u0259rin\u0259 apar\u0131l\u0131rlar. Onun \u0259li il\u0259 Az\u0259rbaycan-Erm\u0259nistan s\u00fclh g\u00fcnd\u0259liyin\u0259 mane\u0259 yaratmaq ist\u0259yirl\u0259r\u201d.<\/p>\n<p><strong>ARANTV.AZ<\/strong>-\u0131n m\u0259lumat\u0131na \u0259sas\u0259n, bunu Milli M\u0259clisin iclas\u0131nda deputat Azay Quliyev deyib.<\/p>\n<div class=\"AdviadNativeVideo\"><\/div>\n<p>O bildirib ki, Az\u0259rbaycan prosesl\u0259ri \u00e7ox diqq\u0259tl\u0259 izl\u0259yir.<\/p>\n<p>\u201cZaman\u0131 g\u0259l\u0259nd\u0259 dig\u0259r m\u0259s\u0259l\u0259l\u0259r d\u0259 \u00f6z h\u0259llini tapacaq, Az\u0259rbaycan laz\u0131mi cavab add\u0131mlar\u0131 atacaq. Erm\u0259nistan \u00fcz\u0259rin\u0259 g\u00f6t\u00fcrd\u00fcy\u00fc \u00f6hd\u0259likl\u0259ri yerin\u0259 yetirm\u0259s\u0259, o zaman yaranacaq v\u0259ziyy\u0259t\u0259 g\u00f6r\u0259 m\u0259suliyy\u0259t \u0130r\u0259van\u0131n \u00fcz\u0259rin\u0259 d\u00fc\u015f\u0259c\u0259k\u201d, &#8211; dey\u0259 o \u0259lav\u0259 edib.<\/p>\n<p>Azay Quliyev Erm\u0259nistan\u0131n t\u0259xribatlar\u0131na baxmayaraq, C\u0259nubi Qafqaza s\u00fclh g\u0259l\u0259c\u0259yin\u0259 \u00fcmid etdiyini bildirib.<\/p>\n<p>Xat\u0131rladaq ki, rusiyal\u0131 milyarder Ruben Vardanyan bir m\u00fcdd\u0259t \u00f6nc\u0259 Xank\u0259ndiy\u0259 g\u0259lib. Vardanyan orada siyasi f\u0259aliyy\u0259tl\u0259 m\u0259\u015f\u011fuldur.<\/p>\n","protected":false},"excerpt":{"rendered":"<p>\u201cRuben Vardanyan kimi insanlar Rusiya s\u00fclhm\u0259raml\u0131lar\u0131n\u0131n m\u00fcv\u0259qq\u0259ti yerl\u0259\u015fdikl\u0259ri Az\u0259rbaycan \u0259razil\u0259rin\u0259 apar\u0131l\u0131rlar. Onun \u0259li il\u0259 Az\u0259rbaycan-Erm\u0259nistan s\u00fclh g\u00fcnd\u0259liyin\u0259 mane\u0259 yaratmaq ist\u0259yirl\u0259r\u201d. ARANTV.AZ-\u0131n m\u0259lumat\u0131na \u0259sas\u0259n, bunu Milli M\u0259clisin iclas\u0131nda deputat Azay Quliyev deyib. O bildirib ki, Az\u0259rbaycan prosesl\u0259ri \u00e7ox diqq\u0259tl\u0259 izl\u0259yir. \u201cZaman\u0131 g\u0259l\u0259nd\u0259 dig\u0259r m\u0259s\u0259l\u0259l\u0259r d\u0259 \u00f6z h\u0259llini tapacaq, Az\u0259rbaycan laz\u0131mi cavab add\u0131mlar\u0131 atacaq. Erm\u0259nistan \u00fcz\u0259rin\u0259 g\u00f6t\u00fcrd\u00fcy\u00fc \u00f6hd\u0259likl\u0259ri yerin\u0259 yetirm\u0259s\u0259, o zaman yaranacaq v\u0259ziyy\u0259t\u0259 g\u00f6r\u0259 m\u0259suliyy\u0259t \u0130r\u0259van\u0131n \u00fcz\u0259rin\u0259 d\u00fc\u015f\u0259c\u0259k\u201d, &#8211; dey\u0259 o \u0259lav\u0259 edib. Azay Quliyev Erm\u0259nistan\u0131n t\u0259xribatlar\u0131na baxmayaraq, C\u0259nubi Qafqaza s\u00fclh g\u0259l\u0259c\u0259yin\u0259 \u00fcmid etdiyini bildirib. Xat\u0131rladaq ki, rusiyal\u0131 milyarder Ruben Vardanyan&hellip;<\/p>\n","protected":false},"author":2,"featured_media":531875,"comment_status":"closed","ping_status":"closed","sticky":false,"template":"","format":"standard","meta":{"om_disable_all_campaigns":false,"_monsterinsights_skip_tracking":false,"_monsterinsights_sitenote_active":false,"_monsterinsights_sitenote_note":"","_monsterinsights_sitenote_category":0},"categories":[4],"tags":[],"aioseo_notices":[],"gutentor_comment":0,"rttpg_featured_image_url":{"full":["https:\/\/arantv.az\/wp-content\/uploads\/2022\/11\/FotoJet-18-1.jpg",620,413,false],"landscape":["https:\/\/arantv.az\/wp-content\/uploads\/2022\/11\/FotoJet-18-1.jpg",620,413,false],"portraits":["https:\/\/arantv.az\/wp-content\/uploads\/2022\/11\/FotoJet-18-1.jpg",620,413,false],"thumbnail":["https:\/\/arantv.az\/wp-content\/uploads\/2022\/11\/FotoJet-18-1-500x280.jpg",500,280,true],"medium":["https:\/\/arantv.az\/wp-content\/uploads\/2022\/11\/FotoJet-18-1-548x365.jpg",548,365,true],"large":["https:\/\/arantv.az\/wp-content\/uploads\/2022\/11\/FotoJet-18-1.jpg",620,413,false],"1536x1536":["https:\/\/arantv.az\/wp-content\/uploads\/2022\/11\/FotoJet-18-1.jpg",620,413,false],"2048x2048":["https:\/\/arantv.az\/wp-content\/uploads\/2022\/11\/FotoJet-18-1.jpg",620,413,false],"post-thumbnail":["https:\/\/arantv.az\/wp-content\/uploads\/2022\/11\/FotoJet-18-1-240x172.jpg",240,172,true],"advps-thumb-one":["https:\/\/arantv.az\/wp-content\/uploads\/2022\/11\/FotoJet-18-1.jpg",620,413,false]},"rttpg_author":{"display_name":"V\u00fcsal Rafiqo\u011flu","author_link":"https:\/\/arantv.az\/?author=2"},"rttpg_comment":0,"rttpg_category":"<a href=\"https:\/\/arantv.az\/?cat=4\" rel=\"category\">Siyas\u0259t<\/a>","rttpg_excerpt":"\u201cRuben Vardanyan kimi insanlar Rusiya s\u00fclhm\u0259raml\u0131lar\u0131n\u0131n m\u00fcv\u0259qq\u0259ti yerl\u0259\u015fdikl\u0259ri Az\u0259rbaycan \u0259razil\u0259rin\u0259 apar\u0131l\u0131rlar. Onun \u0259li il\u0259 Az\u0259rbaycan-Erm\u0259nistan s\u00fclh g\u00fcnd\u0259liyin\u0259 mane\u0259 yaratmaq ist\u0259yirl\u0259r\u201d. ARANTV.AZ-\u0131n m\u0259lumat\u0131na \u0259sas\u0259n, bunu Milli M\u0259clisin iclas\u0131nda deputat Azay Quliyev deyib. O bildirib ki, Az\u0259rbaycan prosesl\u0259ri \u00e7ox diqq\u0259tl\u0259 izl\u0259yir. \u201cZaman\u0131 g\u0259l\u0259nd\u0259 dig\u0259r m\u0259s\u0259l\u0259l\u0259r d\u0259 \u00f6z h\u0259llini tapacaq, Az\u0259rbaycan laz\u0131mi cavab add\u0131mlar\u0131 atacaq. Erm\u0259nistan \u00fcz\u0259rin\u0259 g\u00f6t\u00fcrd\u00fcy\u00fc&hellip;","_links":{"self":[{"href":"https:\/\/arantv.az\/index.php?rest_route=\/wp\/v2\/posts\/531872"}],"collection":[{"href":"https:\/\/arantv.az\/index.php?rest_route=\/wp\/v2\/posts"}],"about":[{"href":"https:\/\/arantv.az\/index.php?rest_route=\/wp\/v2\/types\/post"}],"author":[{"embeddable":true,"href":"https:\/\/arantv.az\/index.php?rest_route=\/wp\/v2\/users\/2"}],"replies":[{"embeddable":true,"href":"https:\/\/arantv.az\/index.php?rest_route=%2Fwp%2Fv2%2Fcomments&post=531872"}],"version-history":[{"count":0,"href":"https:\/\/arantv.az\/index.php?rest_route=\/wp\/v2\/posts\/531872\/revisions"}],"wp:featuredmedia":[{"embeddable":true,"href":"https:\/\/arantv.az\/index.php?rest_route=\/wp\/v2\/media\/531875"}],"wp:attachment":[{"href":"https:\/\/arantv.az\/index.php?rest_route=%2Fwp%2Fv2%2Fmedia&parent=531872"}],"wp:term":[{"taxonomy":"category","embeddable":true,"href":"https:\/\/arantv.az\/index.php?rest_route=%2Fwp%2Fv2%2Fcategories&post=531872"},{"taxonomy":"post_tag","embeddable":true,"href":"https:\/\/arantv.az\/index.php?rest_route=%2Fwp%2Fv2%2Ftags&post=531872"}],"curies":[{"name":"wp","href":"https:\/\/api.w.org\/{rel}","templated":true}]}}