{"id":531874,"date":"2022-11-05T12:41:21","date_gmt":"2022-11-05T09:41:21","guid":{"rendered":"https:\/\/arantv.az\/?p=531874"},"modified":"2022-11-05T12:41:21","modified_gmt":"2022-11-05T09:41:21","slug":"turkiy%c9%99nin-vitse-prezidenti-fuzuli-beyn%c9%99lxalq-hava-limani-il%c9%99-tanis-olub-susaya-yola-dusub-foto","status":"publish","type":"post","link":"https:\/\/arantv.az\/?p=531874","title":{"rendered":"T\u00fcrkiy\u0259nin Vitse-prezidenti F\u00fczuli Beyn\u0259lxalq Hava Liman\u0131 il\u0259 tan\u0131\u015f olub, \u015eu\u015faya yola d\u00fc\u015f\u00fcb &#8211; FOTO"},"content":{"rendered":"<p>Az\u0259rbaycan\u0131n Ba\u015f naziri \u018fli \u018fs\u0259dov \u00f6lk\u0259mizd\u0259 r\u0259smi s\u0259f\u0259rd\u0259 olan T\u00fcrkiy\u0259nin Vitse-prezidenti Fuat Oktay\u0131 F\u00fczuli Beyn\u0259lxalq Hava Liman\u0131nda qar\u015f\u0131lay\u0131b.<\/p>\n<div class=\"AdviadNativeVideo\"><\/div>\n<p>Bu bar\u0259d\u0259\u00a0 Nazirl\u0259r Kabinetind\u0259n m\u0259lumat verilib.<\/p>\n<p>F\u00fczuli Beyn\u0259lxalq Hava Liman\u0131 il\u0259 tan\u0131\u015f olduqdan sonra Az\u0259rbaycan\u0131n Ba\u015f naziri v\u0259 T\u00fcrkiy\u0259nin Vitse-prezidenti \u015eu\u015fa \u015f\u0259h\u0259rin\u0259 yola d\u00fc\u015f\u00fcbl\u0259r.<\/p>\n<p>&nbsp;<\/p>\n<div class=\"gallery\">\n<div class=\"gallery-i\"><img src=\"https:\/\/cdn.oxu.az\/uploads\/W1siZiIsIjIwMjIvMTEvMDUvMTIvMDkvMTkvMjcyODJlOTEtYTYzOC00OTI1LWIyZTktZDNiYTJmM2IyMDYxL2ZiODQ4ZmI0LWQ5ZTktMzFlMi1hMjc5LTdjOGZlNzk0OThkMC5qcGciXSxbInAiLCJlbmNvZGUiLCJqcGciLCItcXVhbGl0eSA4MCJdLFsicCIsInRodW1iIiwiNTkweDU5MFx1MDAzZSJdXQ?sha=ed989345aba2c021\" alt=\"\" \/><\/p>\n<div class=\"gallery-i-caption\"><\/div>\n<\/div>\n<div class=\"gallery-i\"><img src=\"https:\/\/cdn.oxu.az\/uploads\/W1siZiIsIjIwMjIvMTEvMDUvMTIvMDkvMTkvMzRkY2ExMjctMTdmOS00NzUxLWE5MmEtMzFkOTM2OGVlYjVmLzg0ZGNkOWQyLWJhMTItM2UzNC1iMjRkLTZlMWUyNjg1ZGY5ZS5qcGciXSxbInAiLCJlbmNvZGUiLCJqcGciLCItcXVhbGl0eSA4MCJdLFsicCIsInRodW1iIiwiNTkweDU5MFx1MDAzZSJdXQ?sha=5eb91458992ec08c\" alt=\"\" \/><\/div>\n<\/div>\n","protected":false},"excerpt":{"rendered":"<p>Az\u0259rbaycan\u0131n Ba\u015f naziri \u018fli \u018fs\u0259dov \u00f6lk\u0259mizd\u0259 r\u0259smi s\u0259f\u0259rd\u0259 olan T\u00fcrkiy\u0259nin Vitse-prezidenti Fuat Oktay\u0131 F\u00fczuli Beyn\u0259lxalq Hava Liman\u0131nda qar\u015f\u0131lay\u0131b. Bu bar\u0259d\u0259\u00a0 Nazirl\u0259r Kabinetind\u0259n m\u0259lumat verilib. F\u00fczuli Beyn\u0259lxalq Hava Liman\u0131 il\u0259 tan\u0131\u015f olduqdan sonra Az\u0259rbaycan\u0131n Ba\u015f naziri v\u0259 T\u00fcrkiy\u0259nin Vitse-prezidenti \u015eu\u015fa \u015f\u0259h\u0259rin\u0259 yola d\u00fc\u015f\u00fcbl\u0259r. &nbsp;<\/p>\n","protected":false},"author":2,"featured_media":531878,"comment_status":"closed","ping_status":"closed","sticky":false,"template":"","format":"standard","meta":{"om_disable_all_campaigns":false,"_monsterinsights_skip_tracking":false,"_monsterinsights_sitenote_active":false,"_monsterinsights_sitenote_note":"","_monsterinsights_sitenote_category":0},"categories":[4],"tags":[],"aioseo_notices":[],"gutentor_comment":0,"rttpg_featured_image_url":{"full":["https:\/\/arantv.az\/wp-content\/uploads\/2022\/11\/5924b3f5-e42c-39b1-9c46-409d9e21b245_850.jpg",620,413,false],"landscape":["https:\/\/arantv.az\/wp-content\/uploads\/2022\/11\/5924b3f5-e42c-39b1-9c46-409d9e21b245_850.jpg",620,413,false],"portraits":["https:\/\/arantv.az\/wp-content\/uploads\/2022\/11\/5924b3f5-e42c-39b1-9c46-409d9e21b245_850.jpg",620,413,false],"thumbnail":["https:\/\/arantv.az\/wp-content\/uploads\/2022\/11\/5924b3f5-e42c-39b1-9c46-409d9e21b245_850-500x280.jpg",500,280,true],"medium":["https:\/\/arantv.az\/wp-content\/uploads\/2022\/11\/5924b3f5-e42c-39b1-9c46-409d9e21b245_850-548x365.jpg",548,365,true],"large":["https:\/\/arantv.az\/wp-content\/uploads\/2022\/11\/5924b3f5-e42c-39b1-9c46-409d9e21b245_850.jpg",620,413,false],"1536x1536":["https:\/\/arantv.az\/wp-content\/uploads\/2022\/11\/5924b3f5-e42c-39b1-9c46-409d9e21b245_850.jpg",620,413,false],"2048x2048":["https:\/\/arantv.az\/wp-content\/uploads\/2022\/11\/5924b3f5-e42c-39b1-9c46-409d9e21b245_850.jpg",620,413,false],"post-thumbnail":["https:\/\/arantv.az\/wp-content\/uploads\/2022\/11\/5924b3f5-e42c-39b1-9c46-409d9e21b245_850-240x172.jpg",240,172,true],"advps-thumb-one":["https:\/\/arantv.az\/wp-content\/uploads\/2022\/11\/5924b3f5-e42c-39b1-9c46-409d9e21b245_850.jpg",620,413,false]},"rttpg_author":{"display_name":"V\u00fcsal Rafiqo\u011flu","author_link":"https:\/\/arantv.az\/?author=2"},"rttpg_comment":0,"rttpg_category":"<a href=\"https:\/\/arantv.az\/?cat=4\" rel=\"category\">Siyas\u0259t<\/a>","rttpg_excerpt":"Az\u0259rbaycan\u0131n Ba\u015f naziri \u018fli \u018fs\u0259dov \u00f6lk\u0259mizd\u0259 r\u0259smi s\u0259f\u0259rd\u0259 olan T\u00fcrkiy\u0259nin Vitse-prezidenti Fuat Oktay\u0131 F\u00fczuli Beyn\u0259lxalq Hava Liman\u0131nda qar\u015f\u0131lay\u0131b. Bu bar\u0259d\u0259\u00a0 Nazirl\u0259r Kabinetind\u0259n m\u0259lumat verilib. F\u00fczuli Beyn\u0259lxalq Hava Liman\u0131 il\u0259 tan\u0131\u015f olduqdan sonra Az\u0259rbaycan\u0131n Ba\u015f naziri v\u0259 T\u00fcrkiy\u0259nin Vitse-prezidenti \u015eu\u015fa \u015f\u0259h\u0259rin\u0259 yola d\u00fc\u015f\u00fcbl\u0259r. &nbsp;","_links":{"self":[{"href":"https:\/\/arantv.az\/index.php?rest_route=\/wp\/v2\/posts\/531874"}],"collection":[{"href":"https:\/\/arantv.az\/index.php?rest_route=\/wp\/v2\/posts"}],"about":[{"href":"https:\/\/arantv.az\/index.php?rest_route=\/wp\/v2\/types\/post"}],"author":[{"embeddable":true,"href":"https:\/\/arantv.az\/index.php?rest_route=\/wp\/v2\/users\/2"}],"replies":[{"embeddable":true,"href":"https:\/\/arantv.az\/index.php?rest_route=%2Fwp%2Fv2%2Fcomments&post=531874"}],"version-history":[{"count":0,"href":"https:\/\/arantv.az\/index.php?rest_route=\/wp\/v2\/posts\/531874\/revisions"}],"wp:featuredmedia":[{"embeddable":true,"href":"https:\/\/arantv.az\/index.php?rest_route=\/wp\/v2\/media\/531878"}],"wp:attachment":[{"href":"https:\/\/arantv.az\/index.php?rest_route=%2Fwp%2Fv2%2Fmedia&parent=531874"}],"wp:term":[{"taxonomy":"category","embeddable":true,"href":"https:\/\/arantv.az\/index.php?rest_route=%2Fwp%2Fv2%2Fcategories&post=531874"},{"taxonomy":"post_tag","embeddable":true,"href":"https:\/\/arantv.az\/index.php?rest_route=%2Fwp%2Fv2%2Ftags&post=531874"}],"curies":[{"name":"wp","href":"https:\/\/api.w.org\/{rel}","templated":true}]}}