{"id":53208,"date":"2019-04-26T11:21:25","date_gmt":"2019-04-26T08:21:25","guid":{"rendered":"http:\/\/arantv.az\/?p=53208"},"modified":"2019-04-26T11:21:25","modified_gmt":"2019-04-26T08:21:25","slug":"ic%c9%99ris%c9%99h%c9%99r-r%c9%99smisi-s%c9%99kill%c9%99rd%c9%99ki-k%c9%99rpicin-qala-divarlarina-aidiyy%c9%99ti-yoxdur","status":"publish","type":"post","link":"https:\/\/arantv.az\/?p=53208","title":{"rendered":"\u201c\u0130\u00e7\u0259ri\u015f\u0259h\u0259r\u201d r\u0259smisi: \u015e\u0259kill\u0259rd\u0259ki k\u0259rpicin Qala divarlar\u0131na aidiyy\u0259ti yoxdur"},"content":{"rendered":"<p>Sosial \u015f\u0259b\u0259k\u0259l\u0259rd\u0259 qala divarlar\u0131na z\u0259r\u0259r vurulmas\u0131 il\u0259 ba\u011fl\u0131 yay\u0131lan m\u0259lumatlara ayd\u0131nl\u0131q g\u0259tirilib.<\/p>\n<p><strong>ARANTV.AZ<\/strong>-\u0131n m\u0259lumat\u0131na g\u00f6r\u0259, \u201c\u0130\u00e7\u0259ri\u015f\u0259h\u0259r\u201d D\u00f6vl\u0259t Tarix-Memarl\u0131q Qoru\u011fu \u0130dar\u0259sinin aparat r\u0259hb\u0259ri Riad Qas\u0131mov bu g\u00fcn m\u0259tbuat konfrans\u0131 ke\u00e7irib.<\/p>\n<p>Onun s\u00f6zl\u0259rin\u0259 g\u00f6r\u0259, sosial \u015f\u0259b\u0259k\u0259l\u0259rd\u0259 son g\u00fcnl\u0259rd\u0259 yay\u0131mlanan foto\u015f\u0259kil haz\u0131rda \u0259razid\u0259 g\u00f6r\u00fcl\u0259n i\u015fl\u0259ri \u0259ks etdirmir:<\/p>\n<div id=\"AdviadNativeVideo0\" class=\"AdviadNativeVideo\"><\/div>\n<p>\u201cH\u0259min foto\u015f\u0259kil \u00f6t\u0259n ilin noyabr\u0131nda \u00e7\u0259kilib v\u0259 orada g\u00f6r\u00fcn\u0259n k\u0259rpic, dig\u0259r materiallar q\u0259tiyy\u0259n Qala divarlar\u0131 il\u0259 \u0259laq\u0259li deyil. Haz\u0131rda s\u00f6z\u00fcged\u0259n \u0259razid\u0259 yaln\u0131z y\u00fcng\u00fcl metaldan ibar\u0259t dayaqlar m\u00f6vcuddur. H\u0259r hans\u0131 yenid\u0259nqurma i\u015fl\u0259rinin Qala divar\u0131na biti\u015fik olmas\u0131 haqq\u0131nda m\u0259lumatlar do\u011fru deyil. Yarad\u0131lan dayaqlar abid\u0259d\u0259n 1,5 metr aral\u0131 qura\u015fd\u0131r\u0131l\u0131b\u201d.<\/p>\n<p>Aparat r\u0259hb\u0259ri qeyd edib ki, \u0259razid\u0259 m\u00f6vcud olan restoranlar uzun ill\u0259rdir f\u0259aliyy\u0259t g\u00f6st\u0259rir:<\/p>\n<p>\u201cLayih\u0259d\u0259 m\u0259qs\u0259d onlar\u0131 yenil\u0259m\u0259k v\u0259 daha y\u00fcks\u0259k keyfiyy\u0259tli, xo\u015f g\u00f6r\u00fcn\u00fc\u015fl\u00fc tikili \u0259rs\u0259y\u0259 g\u0259tirm\u0259kdir. Apar\u0131lan i\u015fl\u0259r zaman\u0131 restoranlar\u0131n terraslar\u0131n\u0131n geni\u015fl\u0259ndirilm\u0259si v\u0259 m\u00fcasir t\u0259l\u0259batlara uy\u011funla\u015fd\u0131r\u0131lmas\u0131 n\u0259z\u0259rd\u0259 tutulub.<\/p>\n<p>\u018frazid\u0259 yerl\u0259\u015f\u0259n ictimai ia\u015f\u0259 obyektl\u0259ri 10 il\u0259 yax\u0131nd\u0131r ki, f\u0259aliyy\u0259t g\u00f6st\u0259rir v\u0259 bu obyektl\u0259r t\u0259mir edilm\u0259yib. \u201cManqal\u201d, \u201cT\u0259ndir\u201d obyektl\u0259ri yeni konstruksiya il\u0259 \u0259v\u0259z edilir. Burada \u015f\u00fc\u015f\u0259 v\u0259 metaldan g\u00f6zox\u015fayan, geni\u015f, i\u015f\u0131ql\u0131 terraslar qurulacaq\u201d.<\/p>\n<p>\u201cKi\u00e7ik Qala k\u00fc\u00e7\u0259si il\u0259 ba\u011fl\u0131 yay\u0131mlanan yeni g\u00f6r\u00fcnt\u00fcl\u0259r yenid\u0259n h\u0259qiq\u0259tl\u0259 tamamil\u0259 ziddiyy\u0259t t\u0259\u015fkil ed\u0259n q\u0259r\u0259zli adamlar\u0131n bir n\u00fcmun\u0259sidir. Qeyd edim ki,\u00a0\u0130\u00e7\u0259ri\u015f\u0259h\u0259rd\u0259 haz\u0131rda fotoda g\u00f6r\u00fcn\u0259n v\u0259ziyy\u0259td\u0259n \u0259s\u0259r-\u0259lam\u0259t yoxdur.<\/p>\n<p>Bunu ayd\u0131n m\u00fc\u015fahid\u0259 etm\u0259k olar. H\u0259min \u015f\u0259kil 2011-ci ild\u0259 Qala divarlar\u0131n\u0131n restavrasiyas\u0131 i\u015fl\u0259rinin apar\u0131ld\u0131\u011f\u0131 vaxt \u00e7\u0259kilib. M\u0259s\u0259l\u0259nin k\u00f6k\u00fcnd\u0259 Sovet d\u00f6n\u0259mind\u0259, 1954-c\u00fc ild\u0259 Qala divarlar\u0131 \u00fcz\u0259rind\u0259 apar\u0131lan kobud rekonstruksiya i\u015fl\u0259ri durur v\u0259 \u0259fsuslar olsun ki, bu proses zaman\u0131 Qala divarlar\u0131n\u0131n o zamana q\u0259d\u0259r m\u00f6vcud olmu\u015f tarixi b\u00fcrcl\u0259rind\u0259n biri z\u0259d\u0259l\u0259n\u0259r\u0259k \u00f6z g\u00f6rk\u0259mini itirmi\u015f v\u0259 d\u00fcz divar\u0131n \u00e7\u0259kilm\u0259si il\u0259 n\u0259tic\u0259l\u0259nmi\u015fdi\u201d, &#8211; dey\u0259 Riad Qas\u0131mov qeyd edib.oxu.az<\/p>\n","protected":false},"excerpt":{"rendered":"<p>Sosial \u015f\u0259b\u0259k\u0259l\u0259rd\u0259 qala divarlar\u0131na z\u0259r\u0259r vurulmas\u0131 il\u0259 ba\u011fl\u0131 yay\u0131lan m\u0259lumatlara ayd\u0131nl\u0131q g\u0259tirilib. ARANTV.AZ-\u0131n m\u0259lumat\u0131na g\u00f6r\u0259, \u201c\u0130\u00e7\u0259ri\u015f\u0259h\u0259r\u201d D\u00f6vl\u0259t Tarix-Memarl\u0131q Qoru\u011fu \u0130dar\u0259sinin aparat r\u0259hb\u0259ri Riad Qas\u0131mov bu g\u00fcn m\u0259tbuat konfrans\u0131 ke\u00e7irib. Onun s\u00f6zl\u0259rin\u0259 g\u00f6r\u0259, sosial \u015f\u0259b\u0259k\u0259l\u0259rd\u0259 son g\u00fcnl\u0259rd\u0259 yay\u0131mlanan foto\u015f\u0259kil haz\u0131rda \u0259razid\u0259 g\u00f6r\u00fcl\u0259n i\u015fl\u0259ri \u0259ks etdirmir: \u201cH\u0259min foto\u015f\u0259kil \u00f6t\u0259n ilin noyabr\u0131nda \u00e7\u0259kilib v\u0259 orada g\u00f6r\u00fcn\u0259n k\u0259rpic, dig\u0259r materiallar q\u0259tiyy\u0259n Qala divarlar\u0131 il\u0259 \u0259laq\u0259li deyil. Haz\u0131rda s\u00f6z\u00fcged\u0259n \u0259razid\u0259 yaln\u0131z y\u00fcng\u00fcl metaldan ibar\u0259t dayaqlar m\u00f6vcuddur. H\u0259r hans\u0131 yenid\u0259nqurma i\u015fl\u0259rinin Qala divar\u0131na biti\u015fik olmas\u0131 haqq\u0131nda m\u0259lumatlar do\u011fru deyil. Yarad\u0131lan dayaqlar abid\u0259d\u0259n 1,5 metr aral\u0131 qura\u015fd\u0131r\u0131l\u0131b\u201d.&hellip;<\/p>\n","protected":false},"author":2,"featured_media":53210,"comment_status":"closed","ping_status":"closed","sticky":false,"template":"","format":"standard","meta":{"om_disable_all_campaigns":false,"_monsterinsights_skip_tracking":false,"_monsterinsights_sitenote_active":false,"_monsterinsights_sitenote_note":"","_monsterinsights_sitenote_category":0},"categories":[19],"tags":[],"aioseo_notices":[],"gutentor_comment":0,"rttpg_featured_image_url":{"full":["https:\/\/arantv.az\/wp-content\/uploads\/2019\/04\/58571044_435171057240860_3087004810537336832_n.jpg",590,393,false],"landscape":["https:\/\/arantv.az\/wp-content\/uploads\/2019\/04\/58571044_435171057240860_3087004810537336832_n.jpg",590,393,false],"portraits":["https:\/\/arantv.az\/wp-content\/uploads\/2019\/04\/58571044_435171057240860_3087004810537336832_n.jpg",590,393,false],"thumbnail":["https:\/\/arantv.az\/wp-content\/uploads\/2019\/04\/58571044_435171057240860_3087004810537336832_n-150x150.jpg",150,150,true],"medium":["https:\/\/arantv.az\/wp-content\/uploads\/2019\/04\/58571044_435171057240860_3087004810537336832_n-300x200.jpg",300,200,true],"large":["https:\/\/arantv.az\/wp-content\/uploads\/2019\/04\/58571044_435171057240860_3087004810537336832_n.jpg",590,393,false],"1536x1536":["https:\/\/arantv.az\/wp-content\/uploads\/2019\/04\/58571044_435171057240860_3087004810537336832_n.jpg",590,393,false],"2048x2048":["https:\/\/arantv.az\/wp-content\/uploads\/2019\/04\/58571044_435171057240860_3087004810537336832_n.jpg",590,393,false],"post-thumbnail":["https:\/\/arantv.az\/wp-content\/uploads\/2019\/04\/58571044_435171057240860_3087004810537336832_n-240x172.jpg",240,172,true],"advps-thumb-one":["https:\/\/arantv.az\/wp-content\/uploads\/2019\/04\/58571044_435171057240860_3087004810537336832_n.jpg",590,393,false]},"rttpg_author":{"display_name":"V\u00fcsal Rafiqo\u011flu","author_link":"https:\/\/arantv.az\/?author=2"},"rttpg_comment":0,"rttpg_category":"<a href=\"https:\/\/arantv.az\/?cat=19\" rel=\"category\">G\u00fcnd\u0259m<\/a>","rttpg_excerpt":"Sosial \u015f\u0259b\u0259k\u0259l\u0259rd\u0259 qala divarlar\u0131na z\u0259r\u0259r vurulmas\u0131 il\u0259 ba\u011fl\u0131 yay\u0131lan m\u0259lumatlara ayd\u0131nl\u0131q g\u0259tirilib. ARANTV.AZ-\u0131n m\u0259lumat\u0131na g\u00f6r\u0259, \u201c\u0130\u00e7\u0259ri\u015f\u0259h\u0259r\u201d D\u00f6vl\u0259t Tarix-Memarl\u0131q Qoru\u011fu \u0130dar\u0259sinin aparat r\u0259hb\u0259ri Riad Qas\u0131mov bu g\u00fcn m\u0259tbuat konfrans\u0131 ke\u00e7irib. Onun s\u00f6zl\u0259rin\u0259 g\u00f6r\u0259, sosial \u015f\u0259b\u0259k\u0259l\u0259rd\u0259 son g\u00fcnl\u0259rd\u0259 yay\u0131mlanan foto\u015f\u0259kil haz\u0131rda \u0259razid\u0259 g\u00f6r\u00fcl\u0259n i\u015fl\u0259ri \u0259ks etdirmir: \u201cH\u0259min foto\u015f\u0259kil \u00f6t\u0259n ilin noyabr\u0131nda \u00e7\u0259kilib v\u0259 orada g\u00f6r\u00fcn\u0259n k\u0259rpic, dig\u0259r&hellip;","_links":{"self":[{"href":"https:\/\/arantv.az\/index.php?rest_route=\/wp\/v2\/posts\/53208"}],"collection":[{"href":"https:\/\/arantv.az\/index.php?rest_route=\/wp\/v2\/posts"}],"about":[{"href":"https:\/\/arantv.az\/index.php?rest_route=\/wp\/v2\/types\/post"}],"author":[{"embeddable":true,"href":"https:\/\/arantv.az\/index.php?rest_route=\/wp\/v2\/users\/2"}],"replies":[{"embeddable":true,"href":"https:\/\/arantv.az\/index.php?rest_route=%2Fwp%2Fv2%2Fcomments&post=53208"}],"version-history":[{"count":0,"href":"https:\/\/arantv.az\/index.php?rest_route=\/wp\/v2\/posts\/53208\/revisions"}],"wp:featuredmedia":[{"embeddable":true,"href":"https:\/\/arantv.az\/index.php?rest_route=\/wp\/v2\/media\/53210"}],"wp:attachment":[{"href":"https:\/\/arantv.az\/index.php?rest_route=%2Fwp%2Fv2%2Fmedia&parent=53208"}],"wp:term":[{"taxonomy":"category","embeddable":true,"href":"https:\/\/arantv.az\/index.php?rest_route=%2Fwp%2Fv2%2Fcategories&post=53208"},{"taxonomy":"post_tag","embeddable":true,"href":"https:\/\/arantv.az\/index.php?rest_route=%2Fwp%2Fv2%2Ftags&post=53208"}],"curies":[{"name":"wp","href":"https:\/\/api.w.org\/{rel}","templated":true}]}}