{"id":532179,"date":"2022-11-06T16:29:49","date_gmt":"2022-11-06T13:29:49","guid":{"rendered":"https:\/\/arantv.az\/?p=532179"},"modified":"2022-11-06T16:29:49","modified_gmt":"2022-11-06T13:29:49","slug":"bakida-z%c9%99f%c9%99r-gunu-bagli-olacaq-yollar-aciqlanib","status":"publish","type":"post","link":"https:\/\/arantv.az\/?p=532179","title":{"rendered":"Bak\u0131da Z\u0259f\u0259r G\u00fcn\u00fc ba\u011fl\u0131 olacaq yollar A\u00c7IQLANIB"},"content":{"rendered":"<p>Bak\u0131da 8 noyabr Z\u0259f\u0259r G\u00fcn\u00fc m\u00fcnasib\u0259til\u0259 h\u0259rbi orkestrin m\u00fc\u015fayi\u0259ti il\u0259 \u015f\u0259xsi hey\u0259tinin y\u00fcr\u00fc\u015f\u00fc il\u0259 \u0259laq\u0259dar 3 mar\u015frut \u00fczr\u0259 yollar ba\u011fl\u0131 olacaq.<\/p>\n<p>Bu bar\u0259d\u0259\u00a0Bak\u0131 \u015f\u0259h\u0259r Ba\u015f Polis \u0130dar\u0259sinin Yol Polis \u0130dar\u0259sinin ba\u015f inspektoru Araz \u018fsg\u0259rli m\u0259lumat verib.<\/p>\n<div class=\"AdviadNativeVideo\"><\/div>\n<p>O bildirib ki, t\u0259dbirl\u0259rl\u0259 \u0259laq\u0259dar m\u00fc\u0259yy\u0259n mar\u015frutlar n\u0259z\u0259rd\u0259 tutulub.<\/p>\n<p>Birinci mar\u015frut: Heyd\u0259r \u018fliyev saray\u0131, B\u00fclb\u00fcl prospekti, Nizami kino m\u0259rk\u0259zi, Neft\u00e7il\u0259r prospekti, Azadl\u0131q meydan\u0131 istiqam\u0259tind\u0259;<\/p>\n<p>\u0130kinci Mar\u015frut: \u015e\u0259hidl\u0259r Xiyaban\u0131, Alov Q\u00fcll\u0259l\u0259ri kompleksi, \u0130\u00e7\u0259ri\u015f\u0259h\u0259r metrosu, \u0130stiqlaliyy\u0259t k\u00fc\u00e7\u0259si, Azneft dair\u0259si, B\u0259hram Gur heyk\u0259linin qar\u015f\u0131s\u0131.<\/p>\n<p>\u00dc\u00e7\u00fcnc\u00fc mar\u015frut: H\u00fcseyn Cavid park\u0131, H\u00fcseyn Cavid Prospekti, Parlament Prospekti, \u015e\u0259hidl\u0259r Xiyaban\u0131.<\/p>\n<p>DYP r\u0259smisi bildirib ki, qeyd olunan saatlarda mar\u015frutlar \u00fczr\u0259 yollarda n\u0259qliyyat\u0131n h\u0259r\u0259k\u0259ti dayand\u0131r\u0131lacaq:<\/p>\n<p>&#8220;S\u00fcr\u00fcc\u00fcl\u0259rd\u0259n v\u0259 h\u0259r\u0259k\u0259t i\u015ftirak\u00e7\u0131lar\u0131ndan xahi\u015f edirik ki, y\u00fcr\u00fc\u015f\u00fcn ke\u00e7irildiyi saatlarda laz\u0131m\u0131 \u015f\u0259raiti yarats\u0131nlar, t\u0259dbirin y\u00fcks\u0259k s\u0259viyy\u0259d\u0259 ke\u00e7irilm\u0259si il\u0259 ba\u011fl\u0131 polis\u0259 d\u0259st\u0259k g\u00f6st\u0259rsinl\u0259r&#8221;.<\/p>\n","protected":false},"excerpt":{"rendered":"<p>Bak\u0131da 8 noyabr Z\u0259f\u0259r G\u00fcn\u00fc m\u00fcnasib\u0259til\u0259 h\u0259rbi orkestrin m\u00fc\u015fayi\u0259ti il\u0259 \u015f\u0259xsi hey\u0259tinin y\u00fcr\u00fc\u015f\u00fc il\u0259 \u0259laq\u0259dar 3 mar\u015frut \u00fczr\u0259 yollar ba\u011fl\u0131 olacaq. Bu bar\u0259d\u0259\u00a0Bak\u0131 \u015f\u0259h\u0259r Ba\u015f Polis \u0130dar\u0259sinin Yol Polis \u0130dar\u0259sinin ba\u015f inspektoru Araz \u018fsg\u0259rli m\u0259lumat verib. O bildirib ki, t\u0259dbirl\u0259rl\u0259 \u0259laq\u0259dar m\u00fc\u0259yy\u0259n mar\u015frutlar n\u0259z\u0259rd\u0259 tutulub. Birinci mar\u015frut: Heyd\u0259r \u018fliyev saray\u0131, B\u00fclb\u00fcl prospekti, Nizami kino m\u0259rk\u0259zi, Neft\u00e7il\u0259r prospekti, Azadl\u0131q meydan\u0131 istiqam\u0259tind\u0259; \u0130kinci Mar\u015frut: \u015e\u0259hidl\u0259r Xiyaban\u0131, Alov Q\u00fcll\u0259l\u0259ri kompleksi, \u0130\u00e7\u0259ri\u015f\u0259h\u0259r metrosu, \u0130stiqlaliyy\u0259t k\u00fc\u00e7\u0259si, Azneft dair\u0259si, B\u0259hram Gur heyk\u0259linin qar\u015f\u0131s\u0131. \u00dc\u00e7\u00fcnc\u00fc mar\u015frut: H\u00fcseyn Cavid park\u0131, H\u00fcseyn Cavid Prospekti, Parlament Prospekti, \u015e\u0259hidl\u0259r Xiyaban\u0131. DYP&hellip;<\/p>\n","protected":false},"author":2,"featured_media":532180,"comment_status":"closed","ping_status":"closed","sticky":false,"template":"","format":"standard","meta":{"om_disable_all_campaigns":false,"_monsterinsights_skip_tracking":false,"_monsterinsights_sitenote_active":false,"_monsterinsights_sitenote_note":"","_monsterinsights_sitenote_category":0},"categories":[1],"tags":[],"aioseo_notices":[],"gutentor_comment":0,"rttpg_featured_image_url":{"full":["https:\/\/arantv.az\/wp-content\/uploads\/2022\/11\/FotoJet-2022-11-06T170232.447.jpg",620,413,false],"landscape":["https:\/\/arantv.az\/wp-content\/uploads\/2022\/11\/FotoJet-2022-11-06T170232.447.jpg",620,413,false],"portraits":["https:\/\/arantv.az\/wp-content\/uploads\/2022\/11\/FotoJet-2022-11-06T170232.447.jpg",620,413,false],"thumbnail":["https:\/\/arantv.az\/wp-content\/uploads\/2022\/11\/FotoJet-2022-11-06T170232.447-500x280.jpg",500,280,true],"medium":["https:\/\/arantv.az\/wp-content\/uploads\/2022\/11\/FotoJet-2022-11-06T170232.447-548x365.jpg",548,365,true],"large":["https:\/\/arantv.az\/wp-content\/uploads\/2022\/11\/FotoJet-2022-11-06T170232.447.jpg",620,413,false],"1536x1536":["https:\/\/arantv.az\/wp-content\/uploads\/2022\/11\/FotoJet-2022-11-06T170232.447.jpg",620,413,false],"2048x2048":["https:\/\/arantv.az\/wp-content\/uploads\/2022\/11\/FotoJet-2022-11-06T170232.447.jpg",620,413,false],"post-thumbnail":["https:\/\/arantv.az\/wp-content\/uploads\/2022\/11\/FotoJet-2022-11-06T170232.447-240x172.jpg",240,172,true],"advps-thumb-one":["https:\/\/arantv.az\/wp-content\/uploads\/2022\/11\/FotoJet-2022-11-06T170232.447.jpg",620,413,false]},"rttpg_author":{"display_name":"V\u00fcsal Rafiqo\u011flu","author_link":"https:\/\/arantv.az\/?author=2"},"rttpg_comment":0,"rttpg_category":"<a href=\"https:\/\/arantv.az\/?cat=1\" rel=\"category\">C\u0259miyy\u0259t<\/a>","rttpg_excerpt":"Bak\u0131da 8 noyabr Z\u0259f\u0259r G\u00fcn\u00fc m\u00fcnasib\u0259til\u0259 h\u0259rbi orkestrin m\u00fc\u015fayi\u0259ti il\u0259 \u015f\u0259xsi hey\u0259tinin y\u00fcr\u00fc\u015f\u00fc il\u0259 \u0259laq\u0259dar 3 mar\u015frut \u00fczr\u0259 yollar ba\u011fl\u0131 olacaq. Bu bar\u0259d\u0259\u00a0Bak\u0131 \u015f\u0259h\u0259r Ba\u015f Polis \u0130dar\u0259sinin Yol Polis \u0130dar\u0259sinin ba\u015f inspektoru Araz \u018fsg\u0259rli m\u0259lumat verib. O bildirib ki, t\u0259dbirl\u0259rl\u0259 \u0259laq\u0259dar m\u00fc\u0259yy\u0259n mar\u015frutlar n\u0259z\u0259rd\u0259 tutulub. Birinci mar\u015frut: Heyd\u0259r \u018fliyev saray\u0131, B\u00fclb\u00fcl prospekti, Nizami kino m\u0259rk\u0259zi,&hellip;","_links":{"self":[{"href":"https:\/\/arantv.az\/index.php?rest_route=\/wp\/v2\/posts\/532179"}],"collection":[{"href":"https:\/\/arantv.az\/index.php?rest_route=\/wp\/v2\/posts"}],"about":[{"href":"https:\/\/arantv.az\/index.php?rest_route=\/wp\/v2\/types\/post"}],"author":[{"embeddable":true,"href":"https:\/\/arantv.az\/index.php?rest_route=\/wp\/v2\/users\/2"}],"replies":[{"embeddable":true,"href":"https:\/\/arantv.az\/index.php?rest_route=%2Fwp%2Fv2%2Fcomments&post=532179"}],"version-history":[{"count":0,"href":"https:\/\/arantv.az\/index.php?rest_route=\/wp\/v2\/posts\/532179\/revisions"}],"wp:featuredmedia":[{"embeddable":true,"href":"https:\/\/arantv.az\/index.php?rest_route=\/wp\/v2\/media\/532180"}],"wp:attachment":[{"href":"https:\/\/arantv.az\/index.php?rest_route=%2Fwp%2Fv2%2Fmedia&parent=532179"}],"wp:term":[{"taxonomy":"category","embeddable":true,"href":"https:\/\/arantv.az\/index.php?rest_route=%2Fwp%2Fv2%2Fcategories&post=532179"},{"taxonomy":"post_tag","embeddable":true,"href":"https:\/\/arantv.az\/index.php?rest_route=%2Fwp%2Fv2%2Ftags&post=532179"}],"curies":[{"name":"wp","href":"https:\/\/api.w.org\/{rel}","templated":true}]}}