{"id":532207,"date":"2022-11-07T08:00:57","date_gmt":"2022-11-07T05:00:57","guid":{"rendered":"https:\/\/arantv.az\/?p=532207"},"modified":"2022-11-07T08:00:57","modified_gmt":"2022-11-07T05:00:57","slug":"az%c9%99rbaycanin-xarici-isl%c9%99r-naziri-vasinqtonda-blinken-v%c9%99-erm%c9%99ni-h%c9%99mkari-il%c9%99-gorus%c9%99c%c9%99k","status":"publish","type":"post","link":"https:\/\/arantv.az\/?p=532207","title":{"rendered":"Az\u0259rbaycan\u0131n xarici i\u015fl\u0259r naziri Va\u015finqtonda Blinken v\u0259 erm\u0259ni h\u0259mkar\u0131 il\u0259 g\u00f6r\u00fc\u015f\u0259c\u0259k"},"content":{"rendered":"<p>Az\u0259rbaycan Respublikas\u0131n\u0131n xarici i\u015fl\u0259r naziri Ceyhun Bayramovun Va\u015finqton \u015f\u0259h\u0259rin\u0259 s\u0259f\u0259ri ba\u015flay\u0131b.<\/p>\n<p>Bu bar\u0259d\u0259 Az\u0259rbaycan Xarici \u0130\u015fl\u0259r Nazirliyind\u0259n m\u0259lumat verilib.<\/p>\n<p>S\u0259f\u0259r \u00e7\u0259r\u00e7iv\u0259sind\u0259 AB\u015e D\u00f6vl\u0259t katibi Antoni Blinkenin t\u0259\u015f\u0259bb\u00fcs\u00fc v\u0259 i\u015ftirak\u0131 il\u0259 Erm\u0259nistan\u0131n xarici i\u015fl\u0259r naziri il\u0259 g\u00f6r\u00fc\u015f\u00fcn ke\u00e7irilm\u0259si n\u0259z\u0259rd\u0259 tutulub.<\/p>\n","protected":false},"excerpt":{"rendered":"<p>Az\u0259rbaycan Respublikas\u0131n\u0131n xarici i\u015fl\u0259r naziri Ceyhun Bayramovun Va\u015finqton \u015f\u0259h\u0259rin\u0259 s\u0259f\u0259ri ba\u015flay\u0131b. Bu bar\u0259d\u0259 Az\u0259rbaycan Xarici \u0130\u015fl\u0259r Nazirliyind\u0259n m\u0259lumat verilib. S\u0259f\u0259r \u00e7\u0259r\u00e7iv\u0259sind\u0259 AB\u015e D\u00f6vl\u0259t katibi Antoni Blinkenin t\u0259\u015f\u0259bb\u00fcs\u00fc v\u0259 i\u015ftirak\u0131 il\u0259 Erm\u0259nistan\u0131n xarici i\u015fl\u0259r naziri il\u0259 g\u00f6r\u00fc\u015f\u00fcn ke\u00e7irilm\u0259si n\u0259z\u0259rd\u0259 tutulub.<\/p>\n","protected":false},"author":2,"featured_media":532208,"comment_status":"closed","ping_status":"closed","sticky":false,"template":"","format":"standard","meta":{"om_disable_all_campaigns":false,"_monsterinsights_skip_tracking":false,"_monsterinsights_sitenote_active":false,"_monsterinsights_sitenote_note":"","_monsterinsights_sitenote_category":0},"categories":[4],"tags":[],"aioseo_notices":[],"gutentor_comment":0,"rttpg_featured_image_url":{"full":["https:\/\/arantv.az\/wp-content\/uploads\/2022\/11\/wQgKm7kNZQgIr4xNqxxG76x8eq7OfOLTLX4xWqRu-1-1.jpg",620,413,false],"landscape":["https:\/\/arantv.az\/wp-content\/uploads\/2022\/11\/wQgKm7kNZQgIr4xNqxxG76x8eq7OfOLTLX4xWqRu-1-1.jpg",620,413,false],"portraits":["https:\/\/arantv.az\/wp-content\/uploads\/2022\/11\/wQgKm7kNZQgIr4xNqxxG76x8eq7OfOLTLX4xWqRu-1-1.jpg",620,413,false],"thumbnail":["https:\/\/arantv.az\/wp-content\/uploads\/2022\/11\/wQgKm7kNZQgIr4xNqxxG76x8eq7OfOLTLX4xWqRu-1-1-500x280.jpg",500,280,true],"medium":["https:\/\/arantv.az\/wp-content\/uploads\/2022\/11\/wQgKm7kNZQgIr4xNqxxG76x8eq7OfOLTLX4xWqRu-1-1-548x365.jpg",548,365,true],"large":["https:\/\/arantv.az\/wp-content\/uploads\/2022\/11\/wQgKm7kNZQgIr4xNqxxG76x8eq7OfOLTLX4xWqRu-1-1.jpg",620,413,false],"1536x1536":["https:\/\/arantv.az\/wp-content\/uploads\/2022\/11\/wQgKm7kNZQgIr4xNqxxG76x8eq7OfOLTLX4xWqRu-1-1.jpg",620,413,false],"2048x2048":["https:\/\/arantv.az\/wp-content\/uploads\/2022\/11\/wQgKm7kNZQgIr4xNqxxG76x8eq7OfOLTLX4xWqRu-1-1.jpg",620,413,false],"post-thumbnail":["https:\/\/arantv.az\/wp-content\/uploads\/2022\/11\/wQgKm7kNZQgIr4xNqxxG76x8eq7OfOLTLX4xWqRu-1-1-240x172.jpg",240,172,true],"advps-thumb-one":["https:\/\/arantv.az\/wp-content\/uploads\/2022\/11\/wQgKm7kNZQgIr4xNqxxG76x8eq7OfOLTLX4xWqRu-1-1.jpg",620,413,false]},"rttpg_author":{"display_name":"V\u00fcsal Rafiqo\u011flu","author_link":"https:\/\/arantv.az\/?author=2"},"rttpg_comment":0,"rttpg_category":"<a href=\"https:\/\/arantv.az\/?cat=4\" rel=\"category\">Siyas\u0259t<\/a>","rttpg_excerpt":"Az\u0259rbaycan Respublikas\u0131n\u0131n xarici i\u015fl\u0259r naziri Ceyhun Bayramovun Va\u015finqton \u015f\u0259h\u0259rin\u0259 s\u0259f\u0259ri ba\u015flay\u0131b. Bu bar\u0259d\u0259 Az\u0259rbaycan Xarici \u0130\u015fl\u0259r Nazirliyind\u0259n m\u0259lumat verilib. S\u0259f\u0259r \u00e7\u0259r\u00e7iv\u0259sind\u0259 AB\u015e D\u00f6vl\u0259t katibi Antoni Blinkenin t\u0259\u015f\u0259bb\u00fcs\u00fc v\u0259 i\u015ftirak\u0131 il\u0259 Erm\u0259nistan\u0131n xarici i\u015fl\u0259r naziri il\u0259 g\u00f6r\u00fc\u015f\u00fcn ke\u00e7irilm\u0259si n\u0259z\u0259rd\u0259 tutulub.","_links":{"self":[{"href":"https:\/\/arantv.az\/index.php?rest_route=\/wp\/v2\/posts\/532207"}],"collection":[{"href":"https:\/\/arantv.az\/index.php?rest_route=\/wp\/v2\/posts"}],"about":[{"href":"https:\/\/arantv.az\/index.php?rest_route=\/wp\/v2\/types\/post"}],"author":[{"embeddable":true,"href":"https:\/\/arantv.az\/index.php?rest_route=\/wp\/v2\/users\/2"}],"replies":[{"embeddable":true,"href":"https:\/\/arantv.az\/index.php?rest_route=%2Fwp%2Fv2%2Fcomments&post=532207"}],"version-history":[{"count":0,"href":"https:\/\/arantv.az\/index.php?rest_route=\/wp\/v2\/posts\/532207\/revisions"}],"wp:featuredmedia":[{"embeddable":true,"href":"https:\/\/arantv.az\/index.php?rest_route=\/wp\/v2\/media\/532208"}],"wp:attachment":[{"href":"https:\/\/arantv.az\/index.php?rest_route=%2Fwp%2Fv2%2Fmedia&parent=532207"}],"wp:term":[{"taxonomy":"category","embeddable":true,"href":"https:\/\/arantv.az\/index.php?rest_route=%2Fwp%2Fv2%2Fcategories&post=532207"},{"taxonomy":"post_tag","embeddable":true,"href":"https:\/\/arantv.az\/index.php?rest_route=%2Fwp%2Fv2%2Ftags&post=532207"}],"curies":[{"name":"wp","href":"https:\/\/api.w.org\/{rel}","templated":true}]}}