{"id":53221,"date":"2019-04-26T11:25:19","date_gmt":"2019-04-26T08:25:19","guid":{"rendered":"http:\/\/arantv.az\/?p=53221"},"modified":"2019-04-26T11:25:19","modified_gmt":"2019-04-26T08:25:19","slug":"birinci-vitse-prezident-mehriban-%c9%99liyeva-idmana-qaygi-il%c9%99-yanasmasi-baximindan-da-coxsayli-ugurlarin-mu%c9%99llifi-kimi-taninir-nazir-muavini","status":"publish","type":"post","link":"https:\/\/arantv.az\/?p=53221","title":{"rendered":"&#8220;Birinci vitse-prezident Mehriban \u018fliyeva idmana qay\u011f\u0131 il\u0259 yana\u015fmas\u0131 bax\u0131m\u0131ndan da \u00e7oxsayl\u0131 u\u011furlar\u0131n m\u00fc\u0259llifi kimi tan\u0131n\u0131r&#8221; &#8211; Nazir m\u00fcavini"},"content":{"rendered":"<blockquote><p><em><strong>Az\u0259rbaycanda gimnastikan\u0131n b\u00fct\u00fcn n\u00f6vl\u0259ri \u00fczr\u0259 beyn\u0259lxalq yar\u0131\u015flar\u0131n ke\u00e7irilm\u0259si art\u0131q \u0259n\u0259n\u0259y\u0259 \u00e7evrilib.<\/strong><\/em><\/p><\/blockquote>\n<p><strong>ARANTV.AZ\u00a0<\/strong>\u00a0<a href=\"https:\/\/az.trend.az\/\" target=\"_blank\" rel=\"noopener\"><span style=\"color: #000000;\">Trend<\/span><\/a>-\u0259 istinad\u0259n x\u0259b\u0259r verir ki, bunu Az\u0259rbaycan g\u0259ncl\u0259r v\u0259 idman nazirinin m\u00fcavini \u0130smay\u0131l \u0130smay\u0131lov Bak\u0131da b\u0259dii gimnastika \u00fczr\u0259 D\u00fcnya Kuboku yar\u0131\u015flar\u0131n\u0131n a\u00e7\u0131l\u0131\u015f m\u0259rasimind\u0259 \u00e7\u0131x\u0131\u015f\u0131 zaman\u0131 deyib.<\/p>\n<p>Nazir m\u00fcavini qeyd edib ki, beyn\u0259lxalq arenada idman t\u0259dbirl\u0259rinin y\u00fcks\u0259k s\u0259viyy\u0259li t\u0259\u015fkilat\u00e7\u0131s\u0131 kimi tan\u0131nan Az\u0259rbaycan bu g\u00fcn start g\u00f6t\u00fcr\u0259c\u0259k daha bir idman yar\u0131\u015f\u0131na ev sahibliyi edir:<\/p>\n<p>&#8220;\u00d6lk\u0259mizin m\u00fcst\u0259qillik qazanmas\u0131ndan el\u0259 b\u00f6y\u00fck vaxt \u00f6tm\u0259s\u0259 d\u0259, tarixi bax\u0131mdan bu q\u0131sa m\u00fcdd\u0259t \u0259rzind\u0259 Az\u0259rbaycan \u00f6z\u00fcn\u00fc d\u00fcnya x\u0259rit\u0259sind\u0259 inki\u015fafda olan, dinamik, m\u00fcasir \u00f6lk\u0259 kimi t\u0259sdiq ed\u0259 bilib. \u0130qtisadi c\u0259h\u0259td\u0259n s\u00fcr\u0259tl\u0259 inki\u015faf etm\u0259kd\u0259 olan d\u00f6vl\u0259timizin g\u00f6st\u0259rdiyi qay\u011f\u0131 say\u0259sind\u0259 Az\u0259rbaycan idman\u0131 da y\u00fcks\u0259k inki\u015faf s\u0259viyy\u0259sin\u0259 \u00e7at\u0131b. Az\u0259rbaycan\u0131n d\u00f6vl\u0259t ba\u015f\u00e7\u0131s\u0131, Milli Olimpiya Komit\u0259sinin prezidenti c\u0259nab \u0130lham \u018fliyevin r\u0259hb\u0259rliyi alt\u0131nda bu sah\u0259d\u0259 apar\u0131lan d\u00fc\u015f\u00fcn\u00fclm\u00fc\u015f, m\u0259qs\u0259dy\u00f6nl\u00fc d\u00f6vl\u0259t siyas\u0259ti say\u0259sind\u0259 Az\u0259rbaycan Avropan\u0131n v\u0259 d\u00fcnyan\u0131n tan\u0131nm\u0131\u015f idman \u00f6lk\u0259l\u0259rind\u0259n birin\u0259 \u00e7evrilib. Art\u0131q \u00f6lk\u0259mizd\u0259 idman\u0131n inki\u015faf\u0131 m\u00fct\u0259madi s\u0259ciyy\u0259 da\u015f\u0131maqdad\u0131r&#8221;.<\/p>\n<p>\u0130.\u0130smay\u0131lov \u0259lav\u0259 edib ki, son ill\u0259r m\u00fcxt\u0259lif s\u0259viyy\u0259li beyn\u0259lxalq yar\u0131\u015flar\u0131n v\u0259t\u0259nimizd\u0259 ke\u00e7irilm\u0259si v\u0259 idman\u00e7\u0131lar\u0131m\u0131z\u0131n \u0259n m\u00f6t\u0259b\u0259r yar\u0131\u015flarda \u0259ld\u0259 etdiyi b\u00f6y\u00fck u\u011furlar bunun \u0259yani s\u00fcbutudur: &#8220;Buna \u0259saslanaraq beyn\u0259lxalq qurumlar da t\u0259r\u0259dd\u00fcd etm\u0259d\u0259n irimiqyasl\u0131 yar\u0131\u015flar\u0131n ke\u00e7irilm\u0259sini Az\u0259rbaycana h\u0259val\u0259 edirl\u0259r. Az\u0259rbaycan\u0131n \u0259n b\u00f6y\u00fck v\u0259 \u0259n g\u00f6z\u0259l idman m\u0259kanlar\u0131ndan biri &#8211; Mili Gimnastika Arenas\u0131 qap\u0131lar\u0131n\u0131 bir daha b\u0259dii gimnastika pe\u015f\u0259karlar\u0131 v\u0259 bu idman n\u00f6v\u00fcn\u00fcn p\u0259r\u0259sti\u015fkarlar\u0131n\u0131n \u00fcz\u00fcn\u0259 a\u00e7\u0131r&#8221;.<\/p>\n<p>Nazir m\u00fcavini bildirib ki, Az\u0259rbaycan\u0131n Birinci vitse-prezidenti, Az\u0259rbaycan Gimnastika Federasiyas\u0131n\u0131n prezidenti Mehriban xan\u0131m \u018fliyeva elm, t\u0259hsil, s\u0259hiyy\u0259 sah\u0259l\u0259rind\u0259 f\u0259al olan bir \u015f\u0259xs kimi idmana qay\u011f\u0131 il\u0259 yana\u015fmas\u0131 bax\u0131m\u0131ndan da \u00e7oxsayl\u0131 u\u011furlar\u0131n m\u00fc\u0259llifi olaraq tan\u0131n\u0131r: &#8220;2002-ci ilin oktyabr\u0131nda Az\u0259rbaycan Gimnastika Federasiyas\u0131n\u0131n prezidenti se\u00e7il\u0259nd\u0259n bu sah\u0259d\u0259 u\u011furlu inki\u015faf\u0131n \u0259sas\u0131 qoyulub. M\u0259qs\u0259dy\u00f6nl\u00fc v\u0259 s\u0259m\u0259r\u0259li f\u0259aliyy\u0259t n\u0259tic\u0259sind\u0259 \u00f6lk\u0259 gimnastikas\u0131 \u00f6z\u00fcn\u00fcn yeni inki\u015faf m\u0259rh\u0259l\u0259sin\u0259 q\u0259d\u0259m qoyub. Mehriban xan\u0131m\u0131n \u0259zmkar r\u0259hb\u0259rliyi say\u0259sind\u0259 Az\u0259rbaycan gimnastikas\u0131na olan m\u00fcnasib\u0259t ist\u0259r \u00f6lk\u0259 daxilind\u0259, ist\u0259rs\u0259 d\u0259 d\u00fcnyada \u0259sasl\u0131 \u015f\u0259kild\u0259 d\u0259yi\u015filib&#8221;.<\/p>\n<p>O vur\u011fulay\u0131b ki, \u00fcmumiyy\u0259tl\u0259, son 16 ild\u0259 Bak\u0131 bir \u00e7ox beyn\u0259lxalq gimnastika yar\u0131\u015flar\u0131na ev sahibliyi edib: &#8220;\u00d6lk\u0259mizd\u0259 gimnastikan\u0131n b\u00fct\u00fcn n\u00f6vl\u0259ri \u00fczr\u0259 beyn\u0259lxalq yar\u0131\u015flar\u0131n ke\u00e7irilm\u0259si art\u0131q \u0259n\u0259n\u0259y\u0259 \u00e7evrilib. Beyn\u0259lxalq t\u0259dbirl\u0259rin z\u0259ngin t\u0259cr\u00fcb\u0259y\u0259 \u0259saslanaraq y\u00fcks\u0259k s\u0259viyy\u0259d\u0259 t\u0259\u015fkili, \u0259lb\u0259tt\u0259, \u00f6lk\u0259d\u0259 gimnastika n\u00f6vl\u0259rinin, o c\u00fcml\u0259d\u0259n b\u0259dii gimnastikan\u0131n inki\u015faf\u0131na b\u00f6y\u00fck t\u0259kan verir v\u0259 gimnastika sev\u0259rl\u0259rin say\u0131n\u0131 ild\u0259n-il\u0259 art\u0131r\u0131r. Bu yolun davam\u0131 olaraq n\u00f6vb\u0259ti d\u0259f\u0259 t\u0259\u015fkil olunan D\u00fcnya Kubokunda da arenaya topla\u015facaq tama\u015fa\u00e7\u0131lar tan\u0131nm\u0131\u015f b\u0259dii gimnastlar\u0131n t\u0259qdimat\u0131nda z\u0259riflik v\u0259 \u0259zmkarl\u0131\u011f\u0131 \u0259ks etdir\u0259n g\u0259rgin m\u00fcbariz\u0259nin \u015fahidi olacaqlar&#8221;.<\/p>\n<p>\u0130.\u0130smay\u0131lov deyib ki, bu yar\u0131\u015fda 39 \u00f6lk\u0259nin 200-d\u0259n \u00e7ox idman\u00e7\u0131s\u0131n\u0131n m\u00fckafatlar u\u011frunda m\u00fcbariz\u0259 aparmas\u0131 D\u00fcnya Kubokunun g\u0259rgin m\u00fcbariz\u0259 \u015f\u0259raitind\u0259 kec\u0259c\u0259yin\u0259, maraql\u0131 v\u0259 pozitiv olaca\u011f\u0131na \u0259minlik yarad\u0131r:<\/p>\n<p>&#8220;F\u00fcrs\u0259td\u0259n istifad\u0259 edib, \u00f6lk\u0259 idman\u0131na g\u00f6st\u0259rdikl\u0259ri davaml\u0131 diqq\u0259t v\u0259 qay\u011f\u0131ya g\u00f6r\u0259 d\u00f6vl\u0259t ba\u015f\u00e7\u0131s\u0131 c\u0259nab \u0130lham \u018fliyev\u0259, \u00f6lk\u0259nin Birinci vitse-prezidenti Mehriban xan\u0131m \u018fliyevaya d\u0259rin minn\u0259tdarl\u0131\u011f\u0131m\u0131 ifad\u0259 edir, bel\u0259 g\u00f6z\u0259l idman t\u0259dbirinin \u00f6lk\u0259mizd\u0259 t\u0259\u015fkilin\u0259 etimad g\u00f6st\u0259rdikl\u0259rin\u0259 g\u00f6r\u0259 beyn\u0259lxalq idman qurumuna t\u0259\u015f\u0259kk\u00fcr\u00fcm\u00fc bildirir, idman\u00e7\u0131lara is\u0259 yaranm\u0131\u015f bu imkandan b\u0259hr\u0259l\u0259n\u0259r\u0259k layiqli m\u00fcbariz\u0259 aparma\u011f\u0131 v\u0259 q\u0259l\u0259b\u0259 qazanmalar\u0131n\u0131 arzu edir\u0259m&#8221;.<\/p>\n","protected":false},"excerpt":{"rendered":"<p>Az\u0259rbaycanda gimnastikan\u0131n b\u00fct\u00fcn n\u00f6vl\u0259ri \u00fczr\u0259 beyn\u0259lxalq yar\u0131\u015flar\u0131n ke\u00e7irilm\u0259si art\u0131q \u0259n\u0259n\u0259y\u0259 \u00e7evrilib. ARANTV.AZ\u00a0\u00a0Trend-\u0259 istinad\u0259n x\u0259b\u0259r verir ki, bunu Az\u0259rbaycan g\u0259ncl\u0259r v\u0259 idman nazirinin m\u00fcavini \u0130smay\u0131l \u0130smay\u0131lov Bak\u0131da b\u0259dii gimnastika \u00fczr\u0259 D\u00fcnya Kuboku yar\u0131\u015flar\u0131n\u0131n a\u00e7\u0131l\u0131\u015f m\u0259rasimind\u0259 \u00e7\u0131x\u0131\u015f\u0131 zaman\u0131 deyib. Nazir m\u00fcavini qeyd edib ki, beyn\u0259lxalq arenada idman t\u0259dbirl\u0259rinin y\u00fcks\u0259k s\u0259viyy\u0259li t\u0259\u015fkilat\u00e7\u0131s\u0131 kimi tan\u0131nan Az\u0259rbaycan bu g\u00fcn start g\u00f6t\u00fcr\u0259c\u0259k daha bir idman yar\u0131\u015f\u0131na ev sahibliyi edir: &#8220;\u00d6lk\u0259mizin m\u00fcst\u0259qillik qazanmas\u0131ndan el\u0259 b\u00f6y\u00fck vaxt \u00f6tm\u0259s\u0259 d\u0259, tarixi bax\u0131mdan bu q\u0131sa m\u00fcdd\u0259t \u0259rzind\u0259 Az\u0259rbaycan \u00f6z\u00fcn\u00fc d\u00fcnya x\u0259rit\u0259sind\u0259 inki\u015fafda olan, dinamik, m\u00fcasir \u00f6lk\u0259 kimi t\u0259sdiq ed\u0259 bilib.&hellip;<\/p>\n","protected":false},"author":2,"featured_media":53222,"comment_status":"closed","ping_status":"closed","sticky":false,"template":"","format":"standard","meta":{"om_disable_all_campaigns":false,"_monsterinsights_skip_tracking":false,"_monsterinsights_sitenote_active":false,"_monsterinsights_sitenote_note":"","_monsterinsights_sitenote_category":0},"categories":[4],"tags":[],"aioseo_notices":[],"gutentor_comment":0,"rttpg_featured_image_url":{"full":["https:\/\/arantv.az\/wp-content\/uploads\/2019\/04\/743743-1.jpg",800,600,false],"landscape":["https:\/\/arantv.az\/wp-content\/uploads\/2019\/04\/743743-1.jpg",800,600,false],"portraits":["https:\/\/arantv.az\/wp-content\/uploads\/2019\/04\/743743-1.jpg",800,600,false],"thumbnail":["https:\/\/arantv.az\/wp-content\/uploads\/2019\/04\/743743-1-150x150.jpg",150,150,true],"medium":["https:\/\/arantv.az\/wp-content\/uploads\/2019\/04\/743743-1-300x225.jpg",300,225,true],"large":["https:\/\/arantv.az\/wp-content\/uploads\/2019\/04\/743743-1.jpg",640,480,false],"1536x1536":["https:\/\/arantv.az\/wp-content\/uploads\/2019\/04\/743743-1.jpg",800,600,false],"2048x2048":["https:\/\/arantv.az\/wp-content\/uploads\/2019\/04\/743743-1.jpg",800,600,false],"post-thumbnail":["https:\/\/arantv.az\/wp-content\/uploads\/2019\/04\/743743-1-240x172.jpg",240,172,true],"advps-thumb-one":["https:\/\/arantv.az\/wp-content\/uploads\/2019\/04\/743743-1.jpg",800,600,false]},"rttpg_author":{"display_name":"V\u00fcsal Rafiqo\u011flu","author_link":"https:\/\/arantv.az\/?author=2"},"rttpg_comment":0,"rttpg_category":"<a href=\"https:\/\/arantv.az\/?cat=4\" rel=\"category\">Siyas\u0259t<\/a>","rttpg_excerpt":"Az\u0259rbaycanda gimnastikan\u0131n b\u00fct\u00fcn n\u00f6vl\u0259ri \u00fczr\u0259 beyn\u0259lxalq yar\u0131\u015flar\u0131n ke\u00e7irilm\u0259si art\u0131q \u0259n\u0259n\u0259y\u0259 \u00e7evrilib. ARANTV.AZ\u00a0\u00a0Trend-\u0259 istinad\u0259n x\u0259b\u0259r verir ki, bunu Az\u0259rbaycan g\u0259ncl\u0259r v\u0259 idman nazirinin m\u00fcavini \u0130smay\u0131l \u0130smay\u0131lov Bak\u0131da b\u0259dii gimnastika \u00fczr\u0259 D\u00fcnya Kuboku yar\u0131\u015flar\u0131n\u0131n a\u00e7\u0131l\u0131\u015f m\u0259rasimind\u0259 \u00e7\u0131x\u0131\u015f\u0131 zaman\u0131 deyib. Nazir m\u00fcavini qeyd edib ki, beyn\u0259lxalq arenada idman t\u0259dbirl\u0259rinin y\u00fcks\u0259k s\u0259viyy\u0259li t\u0259\u015fkilat\u00e7\u0131s\u0131 kimi tan\u0131nan Az\u0259rbaycan bu g\u00fcn start&hellip;","_links":{"self":[{"href":"https:\/\/arantv.az\/index.php?rest_route=\/wp\/v2\/posts\/53221"}],"collection":[{"href":"https:\/\/arantv.az\/index.php?rest_route=\/wp\/v2\/posts"}],"about":[{"href":"https:\/\/arantv.az\/index.php?rest_route=\/wp\/v2\/types\/post"}],"author":[{"embeddable":true,"href":"https:\/\/arantv.az\/index.php?rest_route=\/wp\/v2\/users\/2"}],"replies":[{"embeddable":true,"href":"https:\/\/arantv.az\/index.php?rest_route=%2Fwp%2Fv2%2Fcomments&post=53221"}],"version-history":[{"count":0,"href":"https:\/\/arantv.az\/index.php?rest_route=\/wp\/v2\/posts\/53221\/revisions"}],"wp:featuredmedia":[{"embeddable":true,"href":"https:\/\/arantv.az\/index.php?rest_route=\/wp\/v2\/media\/53222"}],"wp:attachment":[{"href":"https:\/\/arantv.az\/index.php?rest_route=%2Fwp%2Fv2%2Fmedia&parent=53221"}],"wp:term":[{"taxonomy":"category","embeddable":true,"href":"https:\/\/arantv.az\/index.php?rest_route=%2Fwp%2Fv2%2Fcategories&post=53221"},{"taxonomy":"post_tag","embeddable":true,"href":"https:\/\/arantv.az\/index.php?rest_route=%2Fwp%2Fv2%2Ftags&post=53221"}],"curies":[{"name":"wp","href":"https:\/\/api.w.org\/{rel}","templated":true}]}}