{"id":532216,"date":"2022-11-07T08:16:17","date_gmt":"2022-11-07T05:16:17","guid":{"rendered":"https:\/\/arantv.az\/?p=532216"},"modified":"2022-11-07T08:16:17","modified_gmt":"2022-11-07T05:16:17","slug":"qalib-%c9%99sg%c9%99rl%c9%99rin-bayram-t%c9%99briki-video","status":"publish","type":"post","link":"https:\/\/arantv.az\/?p=532216","title":{"rendered":"Qalib \u0259sg\u0259rl\u0259rin bayram t\u0259briki &#8211; V\u0130DEO"},"content":{"rendered":"<article class=\"news\">\n<div class=\"news-inner\">\n<p>\u201cQ\u00fcrurlu Az\u0259rbaycan\u0131m\u0131z\u0131n \u0259sg\u0259ri kimi b\u00fct\u00fcn xalq\u0131m\u0131z\u0131 Z\u0259f\u0259r G\u00fcn\u00fc m\u00fcnasib\u0259til\u0259 s\u0259mimi q\u0259lbd\u0259n t\u0259brik edir\u0259m\u201d.<\/p>\n<div class=\"AdviadNativeVideo\"><\/div>\n<p>Bu s\u00f6zl\u0259ri Baku Tv-y\u0259 dan\u0131\u015fan qaz\u0131 Turab Allahverdiyev deyib.<\/p>\n<p>Turab Allahverdiyevl\u0259 yana\u015f\u0131 M\u00fcz\u0259ff\u0259r Az\u0259rbaycan Ordusunun dig\u0259r qalib \u0259sg\u0259rl\u0259ri d\u0259 xalq\u0131m\u0131za t\u0259brikl\u0259rini \u00e7atd\u0131r\u0131blar.<\/p>\n<p>\u018ftrafl\u0131 videoda:<\/p>\n<div><iframe loading=\"lazy\" title=\"YouTube video player\" src=\"https:\/\/www.youtube.com\/embed\/r1De8v4CB1Y\" width=\"560\" height=\"315\" frameborder=\"0\" allowfullscreen=\"allowfullscreen\" data-mce-fragment=\"1\"><\/iframe><\/div>\n<\/div>\n<\/article>\n","protected":false},"excerpt":{"rendered":"<p>\u201cQ\u00fcrurlu Az\u0259rbaycan\u0131m\u0131z\u0131n \u0259sg\u0259ri kimi b\u00fct\u00fcn xalq\u0131m\u0131z\u0131 Z\u0259f\u0259r G\u00fcn\u00fc m\u00fcnasib\u0259til\u0259 s\u0259mimi q\u0259lbd\u0259n t\u0259brik edir\u0259m\u201d. Bu s\u00f6zl\u0259ri Baku Tv-y\u0259 dan\u0131\u015fan qaz\u0131 Turab Allahverdiyev deyib. Turab Allahverdiyevl\u0259 yana\u015f\u0131 M\u00fcz\u0259ff\u0259r Az\u0259rbaycan Ordusunun dig\u0259r qalib \u0259sg\u0259rl\u0259ri d\u0259 xalq\u0131m\u0131za t\u0259brikl\u0259rini \u00e7atd\u0131r\u0131blar. \u018ftrafl\u0131 videoda:<\/p>\n","protected":false},"author":2,"featured_media":532217,"comment_status":"closed","ping_status":"closed","sticky":false,"template":"","format":"standard","meta":{"om_disable_all_campaigns":false,"_monsterinsights_skip_tracking":false,"_monsterinsights_sitenote_active":false,"_monsterinsights_sitenote_note":"","_monsterinsights_sitenote_category":0},"categories":[1],"tags":[],"aioseo_notices":[],"gutentor_comment":0,"rttpg_featured_image_url":{"full":["https:\/\/arantv.az\/wp-content\/uploads\/2022\/11\/FotoJet-21.jpg",620,413,false],"landscape":["https:\/\/arantv.az\/wp-content\/uploads\/2022\/11\/FotoJet-21.jpg",620,413,false],"portraits":["https:\/\/arantv.az\/wp-content\/uploads\/2022\/11\/FotoJet-21.jpg",620,413,false],"thumbnail":["https:\/\/arantv.az\/wp-content\/uploads\/2022\/11\/FotoJet-21-500x280.jpg",500,280,true],"medium":["https:\/\/arantv.az\/wp-content\/uploads\/2022\/11\/FotoJet-21-548x365.jpg",548,365,true],"large":["https:\/\/arantv.az\/wp-content\/uploads\/2022\/11\/FotoJet-21.jpg",620,413,false],"1536x1536":["https:\/\/arantv.az\/wp-content\/uploads\/2022\/11\/FotoJet-21.jpg",620,413,false],"2048x2048":["https:\/\/arantv.az\/wp-content\/uploads\/2022\/11\/FotoJet-21.jpg",620,413,false],"post-thumbnail":["https:\/\/arantv.az\/wp-content\/uploads\/2022\/11\/FotoJet-21-240x172.jpg",240,172,true],"advps-thumb-one":["https:\/\/arantv.az\/wp-content\/uploads\/2022\/11\/FotoJet-21.jpg",620,413,false]},"rttpg_author":{"display_name":"V\u00fcsal Rafiqo\u011flu","author_link":"https:\/\/arantv.az\/?author=2"},"rttpg_comment":0,"rttpg_category":"<a href=\"https:\/\/arantv.az\/?cat=1\" rel=\"category\">C\u0259miyy\u0259t<\/a>","rttpg_excerpt":"\u201cQ\u00fcrurlu Az\u0259rbaycan\u0131m\u0131z\u0131n \u0259sg\u0259ri kimi b\u00fct\u00fcn xalq\u0131m\u0131z\u0131 Z\u0259f\u0259r G\u00fcn\u00fc m\u00fcnasib\u0259til\u0259 s\u0259mimi q\u0259lbd\u0259n t\u0259brik edir\u0259m\u201d. Bu s\u00f6zl\u0259ri Baku Tv-y\u0259 dan\u0131\u015fan qaz\u0131 Turab Allahverdiyev deyib. Turab Allahverdiyevl\u0259 yana\u015f\u0131 M\u00fcz\u0259ff\u0259r Az\u0259rbaycan Ordusunun dig\u0259r qalib \u0259sg\u0259rl\u0259ri d\u0259 xalq\u0131m\u0131za t\u0259brikl\u0259rini \u00e7atd\u0131r\u0131blar. \u018ftrafl\u0131 videoda:","_links":{"self":[{"href":"https:\/\/arantv.az\/index.php?rest_route=\/wp\/v2\/posts\/532216"}],"collection":[{"href":"https:\/\/arantv.az\/index.php?rest_route=\/wp\/v2\/posts"}],"about":[{"href":"https:\/\/arantv.az\/index.php?rest_route=\/wp\/v2\/types\/post"}],"author":[{"embeddable":true,"href":"https:\/\/arantv.az\/index.php?rest_route=\/wp\/v2\/users\/2"}],"replies":[{"embeddable":true,"href":"https:\/\/arantv.az\/index.php?rest_route=%2Fwp%2Fv2%2Fcomments&post=532216"}],"version-history":[{"count":0,"href":"https:\/\/arantv.az\/index.php?rest_route=\/wp\/v2\/posts\/532216\/revisions"}],"wp:featuredmedia":[{"embeddable":true,"href":"https:\/\/arantv.az\/index.php?rest_route=\/wp\/v2\/media\/532217"}],"wp:attachment":[{"href":"https:\/\/arantv.az\/index.php?rest_route=%2Fwp%2Fv2%2Fmedia&parent=532216"}],"wp:term":[{"taxonomy":"category","embeddable":true,"href":"https:\/\/arantv.az\/index.php?rest_route=%2Fwp%2Fv2%2Fcategories&post=532216"},{"taxonomy":"post_tag","embeddable":true,"href":"https:\/\/arantv.az\/index.php?rest_route=%2Fwp%2Fv2%2Ftags&post=532216"}],"curies":[{"name":"wp","href":"https:\/\/api.w.org\/{rel}","templated":true}]}}