{"id":532219,"date":"2022-11-07T08:17:15","date_gmt":"2022-11-07T05:17:15","guid":{"rendered":"https:\/\/arantv.az\/?p=532219"},"modified":"2022-11-07T08:17:15","modified_gmt":"2022-11-07T05:17:15","slug":"sn-in-kollegiya-uzvl%c9%99ri-v%c9%99t%c9%99n-muharib%c9%99sind%c9%99-s%c9%99hid-olmus-h%c9%99kiml%c9%99rin-m%c9%99zarlarini-ziyar%c9%99t-edibl%c9%99r-foto","status":"publish","type":"post","link":"https:\/\/arantv.az\/?p=532219","title":{"rendered":"SN-in kollegiya \u00fczvl\u0259ri V\u0259t\u0259n m\u00fcharib\u0259sind\u0259 \u015f\u0259hid olmu\u015f h\u0259kiml\u0259rin m\u0259zarlar\u0131n\u0131 ziyar\u0259t edibl\u0259r &#8211; FOTO"},"content":{"rendered":"<p>Noyabr\u0131n 8-d\u0259 xalq\u0131m\u0131z\u0131n q\u00fcdr\u0259tinin v\u0259 milli q\u00fcrurumuzun t\u0259nt\u0259n\u0259sin\u0259 \u00e7evril\u0259n Z\u0259f\u0259r G\u00fcn\u00fc qeyd olunur. Az\u0259rbaycan\u0131n \u00e7ox\u0259srlik tarixin\u0259 q\u0131z\u0131l h\u0259rfl\u0259rl\u0259 yaz\u0131lan Qaraba\u011f Z\u0259f\u0259ri m\u00fcz\u0259ff\u0259r Ali Ba\u015f Komandan\u00a0<strong>\u0130lham \u018fliyev<\/strong>in q\u00fcdr\u0259tli s\u0259rk\u0259rd\u0259liyi, q\u0259hr\u0259man \u0259sg\u0259r v\u0259 zabitl\u0259rimizin, \u015f\u0259hidl\u0259rimizin qan\u0131 v\u0259 can\u0131 bahas\u0131na qazan\u0131l\u0131b. Xalq\u0131m\u0131z v\u0259 r\u0259\u015fad\u0259tli Ordumuz 44 g\u00fcnd\u0259 \u015fanl\u0131 tarix yazaraq 30 illik i\u015f\u011fala son qoydu, \u0259razi b\u00fct\u00f6vl\u00fcy\u00fcm\u00fcz b\u0259rpa olundu.<\/p>\n<p>Bu bar\u0259d\u0259\u00a0S\u0259hiyy\u0259 Nazirliyind\u0259n bildirilib.<\/p>\n<div class=\"AdviadNativeVideo\"><\/div>\n<p>B\u00f6y\u00fck Q\u0259l\u0259b\u0259 G\u00fcn\u00fcn\u00fcn 2-ci ild\u00f6n\u00fcm\u00fc \u0259r\u0259f\u0259sind\u0259 s\u0259hiyy\u0259 naziri Teymur Musayev v\u0259 nazirliyin kollegiya \u00fczvl\u0259ri \u0130kinci F\u0259xri xiyabanda V\u0259t\u0259n m\u00fcharib\u0259si \u015f\u0259hidl\u0259rinin m\u0259zarlar\u0131n\u0131 ziyar\u0259t edibl\u0259r. \u00d6lk\u0259mizin \u0259razi b\u00fct\u00f6vl\u00fcy\u00fc u\u011frunda \u015f\u0259hid olmu\u015f h\u0259kiml\u0259rin \u0259ziz xatir\u0259si an\u0131laraq, m\u0259zarlar\u0131 \u00fcz\u0259rin\u0259 t\u0259r g\u00fcll\u0259r d\u00fcz\u00fcl\u00fcb v\u0259 ruhlar\u0131na dualar oxunub.<\/p>\n<p>Qeyd ed\u0259k ki, 44 G\u00fcnl\u00fck V\u0259t\u0259n m\u00fcharib\u0259sind\u0259 159 h\u0259rbi tibb i\u015f\u00e7isi m\u00fcxt\u0259lif d\u0259r\u0259c\u0259li b\u0259d\u0259n x\u0259sar\u0259tl\u0259ri al\u0131b. 44 tibb i\u015f\u00e7isi \u2013 11 h\u0259kim, 7 feld\u015fer v\u0259 26 tibbi t\u0259limat\u00e7\u0131 q\u0259hr\u0259mancas\u0131na \u015f\u0259hid olub.<\/p>\n<p>Allah b\u00fct\u00fcn \u015f\u0259hidl\u0259rimiz\u0259 r\u0259hm\u0259t el\u0259sin!<\/p>\n<p>&nbsp;<\/p>\n<div class=\"gallery\">\n<div class=\"gallery-i\"><img src=\"https:\/\/cdn.oxu.az\/uploads\/W1siZiIsIjIwMjIvMTEvMDcvMDgvNTYvMzYvMjEwZGFmNGEtNTA3Yy00ZDZjLTk2OWUtZjYzNmI5NmMyYTc5L21hbi5qcGciXSxbInAiLCJlbmNvZGUiLCJqcGciLCItcXVhbGl0eSA4MCJdLFsicCIsInRodW1iIiwiNTkweDU5MFx1MDAzZSJdXQ?sha=f5cad3a29f589013\" alt=\"\" \/><\/div>\n<\/div>\n","protected":false},"excerpt":{"rendered":"<p>Noyabr\u0131n 8-d\u0259 xalq\u0131m\u0131z\u0131n q\u00fcdr\u0259tinin v\u0259 milli q\u00fcrurumuzun t\u0259nt\u0259n\u0259sin\u0259 \u00e7evril\u0259n Z\u0259f\u0259r G\u00fcn\u00fc qeyd olunur. Az\u0259rbaycan\u0131n \u00e7ox\u0259srlik tarixin\u0259 q\u0131z\u0131l h\u0259rfl\u0259rl\u0259 yaz\u0131lan Qaraba\u011f Z\u0259f\u0259ri m\u00fcz\u0259ff\u0259r Ali Ba\u015f Komandan\u00a0\u0130lham \u018fliyevin q\u00fcdr\u0259tli s\u0259rk\u0259rd\u0259liyi, q\u0259hr\u0259man \u0259sg\u0259r v\u0259 zabitl\u0259rimizin, \u015f\u0259hidl\u0259rimizin qan\u0131 v\u0259 can\u0131 bahas\u0131na qazan\u0131l\u0131b. Xalq\u0131m\u0131z v\u0259 r\u0259\u015fad\u0259tli Ordumuz 44 g\u00fcnd\u0259 \u015fanl\u0131 tarix yazaraq 30 illik i\u015f\u011fala son qoydu, \u0259razi b\u00fct\u00f6vl\u00fcy\u00fcm\u00fcz b\u0259rpa olundu. Bu bar\u0259d\u0259\u00a0S\u0259hiyy\u0259 Nazirliyind\u0259n bildirilib. B\u00f6y\u00fck Q\u0259l\u0259b\u0259 G\u00fcn\u00fcn\u00fcn 2-ci ild\u00f6n\u00fcm\u00fc \u0259r\u0259f\u0259sind\u0259 s\u0259hiyy\u0259 naziri Teymur Musayev v\u0259 nazirliyin kollegiya \u00fczvl\u0259ri \u0130kinci F\u0259xri xiyabanda V\u0259t\u0259n m\u00fcharib\u0259si \u015f\u0259hidl\u0259rinin m\u0259zarlar\u0131n\u0131 ziyar\u0259t edibl\u0259r. \u00d6lk\u0259mizin \u0259razi b\u00fct\u00f6vl\u00fcy\u00fc u\u011frunda \u015f\u0259hid olmu\u015f h\u0259kiml\u0259rin&hellip;<\/p>\n","protected":false},"author":2,"featured_media":532220,"comment_status":"closed","ping_status":"closed","sticky":false,"template":"","format":"standard","meta":{"om_disable_all_campaigns":false,"_monsterinsights_skip_tracking":false,"_monsterinsights_sitenote_active":false,"_monsterinsights_sitenote_note":"","_monsterinsights_sitenote_category":0},"categories":[1],"tags":[],"aioseo_notices":[],"gutentor_comment":0,"rttpg_featured_image_url":{"full":["https:\/\/arantv.az\/wp-content\/uploads\/2022\/11\/esasas333.jpg",620,413,false],"landscape":["https:\/\/arantv.az\/wp-content\/uploads\/2022\/11\/esasas333.jpg",620,413,false],"portraits":["https:\/\/arantv.az\/wp-content\/uploads\/2022\/11\/esasas333.jpg",620,413,false],"thumbnail":["https:\/\/arantv.az\/wp-content\/uploads\/2022\/11\/esasas333-500x280.jpg",500,280,true],"medium":["https:\/\/arantv.az\/wp-content\/uploads\/2022\/11\/esasas333-548x365.jpg",548,365,true],"large":["https:\/\/arantv.az\/wp-content\/uploads\/2022\/11\/esasas333.jpg",620,413,false],"1536x1536":["https:\/\/arantv.az\/wp-content\/uploads\/2022\/11\/esasas333.jpg",620,413,false],"2048x2048":["https:\/\/arantv.az\/wp-content\/uploads\/2022\/11\/esasas333.jpg",620,413,false],"post-thumbnail":["https:\/\/arantv.az\/wp-content\/uploads\/2022\/11\/esasas333-240x172.jpg",240,172,true],"advps-thumb-one":["https:\/\/arantv.az\/wp-content\/uploads\/2022\/11\/esasas333.jpg",620,413,false]},"rttpg_author":{"display_name":"V\u00fcsal Rafiqo\u011flu","author_link":"https:\/\/arantv.az\/?author=2"},"rttpg_comment":0,"rttpg_category":"<a href=\"https:\/\/arantv.az\/?cat=1\" rel=\"category\">C\u0259miyy\u0259t<\/a>","rttpg_excerpt":"Noyabr\u0131n 8-d\u0259 xalq\u0131m\u0131z\u0131n q\u00fcdr\u0259tinin v\u0259 milli q\u00fcrurumuzun t\u0259nt\u0259n\u0259sin\u0259 \u00e7evril\u0259n Z\u0259f\u0259r G\u00fcn\u00fc qeyd olunur. Az\u0259rbaycan\u0131n \u00e7ox\u0259srlik tarixin\u0259 q\u0131z\u0131l h\u0259rfl\u0259rl\u0259 yaz\u0131lan Qaraba\u011f Z\u0259f\u0259ri m\u00fcz\u0259ff\u0259r Ali Ba\u015f Komandan\u00a0\u0130lham \u018fliyevin q\u00fcdr\u0259tli s\u0259rk\u0259rd\u0259liyi, q\u0259hr\u0259man \u0259sg\u0259r v\u0259 zabitl\u0259rimizin, \u015f\u0259hidl\u0259rimizin qan\u0131 v\u0259 can\u0131 bahas\u0131na qazan\u0131l\u0131b. Xalq\u0131m\u0131z v\u0259 r\u0259\u015fad\u0259tli Ordumuz 44 g\u00fcnd\u0259 \u015fanl\u0131 tarix yazaraq 30 illik i\u015f\u011fala son qoydu, \u0259razi b\u00fct\u00f6vl\u00fcy\u00fcm\u00fcz b\u0259rpa&hellip;","_links":{"self":[{"href":"https:\/\/arantv.az\/index.php?rest_route=\/wp\/v2\/posts\/532219"}],"collection":[{"href":"https:\/\/arantv.az\/index.php?rest_route=\/wp\/v2\/posts"}],"about":[{"href":"https:\/\/arantv.az\/index.php?rest_route=\/wp\/v2\/types\/post"}],"author":[{"embeddable":true,"href":"https:\/\/arantv.az\/index.php?rest_route=\/wp\/v2\/users\/2"}],"replies":[{"embeddable":true,"href":"https:\/\/arantv.az\/index.php?rest_route=%2Fwp%2Fv2%2Fcomments&post=532219"}],"version-history":[{"count":0,"href":"https:\/\/arantv.az\/index.php?rest_route=\/wp\/v2\/posts\/532219\/revisions"}],"wp:featuredmedia":[{"embeddable":true,"href":"https:\/\/arantv.az\/index.php?rest_route=\/wp\/v2\/media\/532220"}],"wp:attachment":[{"href":"https:\/\/arantv.az\/index.php?rest_route=%2Fwp%2Fv2%2Fmedia&parent=532219"}],"wp:term":[{"taxonomy":"category","embeddable":true,"href":"https:\/\/arantv.az\/index.php?rest_route=%2Fwp%2Fv2%2Fcategories&post=532219"},{"taxonomy":"post_tag","embeddable":true,"href":"https:\/\/arantv.az\/index.php?rest_route=%2Fwp%2Fv2%2Ftags&post=532219"}],"curies":[{"name":"wp","href":"https:\/\/api.w.org\/{rel}","templated":true}]}}