{"id":532223,"date":"2022-11-07T08:18:14","date_gmt":"2022-11-07T05:18:14","guid":{"rendered":"https:\/\/arantv.az\/?p=532223"},"modified":"2022-11-07T08:18:14","modified_gmt":"2022-11-07T05:18:14","slug":"az%c9%99rbaycan-rusiya-erm%c9%99nistan-liderl%c9%99rinin-soci-gorusund%c9%99n-yeni-kadrlar-video","status":"publish","type":"post","link":"https:\/\/arantv.az\/?p=532223","title":{"rendered":"Az\u0259rbaycan, Rusiya, Erm\u0259nistan liderl\u0259rinin So\u00e7i g\u00f6r\u00fc\u015f\u00fcnd\u0259n yeni kadrlar &#8211; V\u0130DEO"},"content":{"rendered":"<article class=\"news\">\n<div class=\"news-inner\">\n<p>Oktyabr\u0131n 31-d\u0259 So\u00e7id\u0259 Az\u0259rbaycan Prezidenti\u00a0<strong>\u0130lham \u018fliyev<\/strong>, Rusiya Prezidenti Vladimir Putin v\u0259 Erm\u0259nistan ba\u015f naziri Nikol Pa\u015finyan\u00a0aras\u0131nda ke\u00e7irilmi\u015f \u00fc\u00e7t\u0259r\u0259fli g\u00f6r\u00fc\u015fd\u0259n yeni kadrlar yay\u0131l\u0131b.<\/p>\n<div class=\"AdviadNativeVideo\"><\/div>\n<p>Kadrlar\u0131 Rusiyan\u0131n \u201cRossiya 1\u201d telekanal\u0131n\u0131n jurnalisti Pavel Zarubin \u201cTelegram\u201d hesab\u0131nda payla\u015f\u0131b.<\/p>\n<p>Kadrlarda x\u00fcsus\u0259n g\u00f6r\u00fc\u015f\u00fcn yekunlar\u0131na dair b\u0259yanat\u0131n t\u0259r\u0259fl\u0259rl\u0259 raz\u0131la\u015fd\u0131r\u0131lmas\u0131 prosesind\u0259n maraql\u0131 g\u00f6r\u00fcnt\u00fcl\u0259r yer al\u0131b.<\/p>\n<p>\u018ftrafl\u0131 videoda:<\/p>\n<div><iframe loading=\"lazy\" src=\"https:\/\/player.baku.tv\/embed\/64176\" width=\"560\" height=\"315\" frameborder=\"0\" allowfullscreen=\"allowfullscreen\" data-mce-fragment=\"1\"><\/iframe><\/div>\n<\/div>\n<\/article>\n","protected":false},"excerpt":{"rendered":"<p>Oktyabr\u0131n 31-d\u0259 So\u00e7id\u0259 Az\u0259rbaycan Prezidenti\u00a0\u0130lham \u018fliyev, Rusiya Prezidenti Vladimir Putin v\u0259 Erm\u0259nistan ba\u015f naziri Nikol Pa\u015finyan\u00a0aras\u0131nda ke\u00e7irilmi\u015f \u00fc\u00e7t\u0259r\u0259fli g\u00f6r\u00fc\u015fd\u0259n yeni kadrlar yay\u0131l\u0131b. Kadrlar\u0131 Rusiyan\u0131n \u201cRossiya 1\u201d telekanal\u0131n\u0131n jurnalisti Pavel Zarubin \u201cTelegram\u201d hesab\u0131nda payla\u015f\u0131b. Kadrlarda x\u00fcsus\u0259n g\u00f6r\u00fc\u015f\u00fcn yekunlar\u0131na dair b\u0259yanat\u0131n t\u0259r\u0259fl\u0259rl\u0259 raz\u0131la\u015fd\u0131r\u0131lmas\u0131 prosesind\u0259n maraql\u0131 g\u00f6r\u00fcnt\u00fcl\u0259r yer al\u0131b. \u018ftrafl\u0131 videoda:<\/p>\n","protected":false},"author":2,"featured_media":532224,"comment_status":"closed","ping_status":"closed","sticky":false,"template":"","format":"standard","meta":{"om_disable_all_campaigns":false,"_monsterinsights_skip_tracking":false,"_monsterinsights_sitenote_active":false,"_monsterinsights_sitenote_note":"","_monsterinsights_sitenote_category":0},"categories":[4],"tags":[],"aioseo_notices":[],"gutentor_comment":0,"rttpg_featured_image_url":{"full":["https:\/\/arantv.az\/wp-content\/uploads\/2022\/11\/president-az.jpg",620,413,false],"landscape":["https:\/\/arantv.az\/wp-content\/uploads\/2022\/11\/president-az.jpg",620,413,false],"portraits":["https:\/\/arantv.az\/wp-content\/uploads\/2022\/11\/president-az.jpg",620,413,false],"thumbnail":["https:\/\/arantv.az\/wp-content\/uploads\/2022\/11\/president-az-500x280.jpg",500,280,true],"medium":["https:\/\/arantv.az\/wp-content\/uploads\/2022\/11\/president-az-548x365.jpg",548,365,true],"large":["https:\/\/arantv.az\/wp-content\/uploads\/2022\/11\/president-az.jpg",620,413,false],"1536x1536":["https:\/\/arantv.az\/wp-content\/uploads\/2022\/11\/president-az.jpg",620,413,false],"2048x2048":["https:\/\/arantv.az\/wp-content\/uploads\/2022\/11\/president-az.jpg",620,413,false],"post-thumbnail":["https:\/\/arantv.az\/wp-content\/uploads\/2022\/11\/president-az-240x172.jpg",240,172,true],"advps-thumb-one":["https:\/\/arantv.az\/wp-content\/uploads\/2022\/11\/president-az.jpg",620,413,false]},"rttpg_author":{"display_name":"V\u00fcsal Rafiqo\u011flu","author_link":"https:\/\/arantv.az\/?author=2"},"rttpg_comment":0,"rttpg_category":"<a href=\"https:\/\/arantv.az\/?cat=4\" rel=\"category\">Siyas\u0259t<\/a>","rttpg_excerpt":"Oktyabr\u0131n 31-d\u0259 So\u00e7id\u0259 Az\u0259rbaycan Prezidenti\u00a0\u0130lham \u018fliyev, Rusiya Prezidenti Vladimir Putin v\u0259 Erm\u0259nistan ba\u015f naziri Nikol Pa\u015finyan\u00a0aras\u0131nda ke\u00e7irilmi\u015f \u00fc\u00e7t\u0259r\u0259fli g\u00f6r\u00fc\u015fd\u0259n yeni kadrlar yay\u0131l\u0131b. Kadrlar\u0131 Rusiyan\u0131n \u201cRossiya 1\u201d telekanal\u0131n\u0131n jurnalisti Pavel Zarubin \u201cTelegram\u201d hesab\u0131nda payla\u015f\u0131b. Kadrlarda x\u00fcsus\u0259n g\u00f6r\u00fc\u015f\u00fcn yekunlar\u0131na dair b\u0259yanat\u0131n t\u0259r\u0259fl\u0259rl\u0259 raz\u0131la\u015fd\u0131r\u0131lmas\u0131 prosesind\u0259n maraql\u0131 g\u00f6r\u00fcnt\u00fcl\u0259r yer al\u0131b. \u018ftrafl\u0131 videoda:","_links":{"self":[{"href":"https:\/\/arantv.az\/index.php?rest_route=\/wp\/v2\/posts\/532223"}],"collection":[{"href":"https:\/\/arantv.az\/index.php?rest_route=\/wp\/v2\/posts"}],"about":[{"href":"https:\/\/arantv.az\/index.php?rest_route=\/wp\/v2\/types\/post"}],"author":[{"embeddable":true,"href":"https:\/\/arantv.az\/index.php?rest_route=\/wp\/v2\/users\/2"}],"replies":[{"embeddable":true,"href":"https:\/\/arantv.az\/index.php?rest_route=%2Fwp%2Fv2%2Fcomments&post=532223"}],"version-history":[{"count":0,"href":"https:\/\/arantv.az\/index.php?rest_route=\/wp\/v2\/posts\/532223\/revisions"}],"wp:featuredmedia":[{"embeddable":true,"href":"https:\/\/arantv.az\/index.php?rest_route=\/wp\/v2\/media\/532224"}],"wp:attachment":[{"href":"https:\/\/arantv.az\/index.php?rest_route=%2Fwp%2Fv2%2Fmedia&parent=532223"}],"wp:term":[{"taxonomy":"category","embeddable":true,"href":"https:\/\/arantv.az\/index.php?rest_route=%2Fwp%2Fv2%2Fcategories&post=532223"},{"taxonomy":"post_tag","embeddable":true,"href":"https:\/\/arantv.az\/index.php?rest_route=%2Fwp%2Fv2%2Ftags&post=532223"}],"curies":[{"name":"wp","href":"https:\/\/api.w.org\/{rel}","templated":true}]}}