{"id":532235,"date":"2022-11-07T08:22:47","date_gmt":"2022-11-07T05:22:47","guid":{"rendered":"https:\/\/arantv.az\/?p=532235"},"modified":"2022-11-07T08:22:47","modified_gmt":"2022-11-07T05:22:47","slug":"c%c9%99miyy%c9%99tin-siqaret-b%c9%99lasi-9-10-yasli-usaqlar-niy%c9%99-siqaret-c%c9%99kir-aciqlama","status":"publish","type":"post","link":"https:\/\/arantv.az\/?p=532235","title":{"rendered":"C\u0259miyy\u0259tin siqaret b\u0259las\u0131, 9-10 ya\u015fl\u0131 u\u015faqlar niy\u0259 siqaret \u00e7\u0259kir? &#8211; A\u00c7IQLAMA"},"content":{"rendered":"<p>\u00d6lk\u0259d\u0259 siqaret alud\u0259\u00e7iliyin\u0259 dair v\u0259ziyy\u0259t he\u00e7 d\u0259 \u00fcr\u0259ka\u00e7an deyil. Bel\u0259 ki, son vaxtlar sosial \u015f\u0259b\u0259k\u0259l\u0259rd\u0259 d\u0259 qar\u015f\u0131la\u015fd\u0131\u011f\u0131m\u0131z m\u0259nz\u0259r\u0259l\u0259r onu dem\u0259y\u0259 \u0259sas verir ki, yetkinlik ya\u015f\u0131na \u00e7atmayanlar aras\u0131nda siqaret\u0259 meyillilik art\u0131b. H\u0259tta 9 ya\u015fl\u0131 u\u015faqlar bel\u0259 siqaret \u00e7\u0259kir.<\/p>\n<p>B\u0259s bu n\u0259 il\u0259 \u0259laq\u0259lidir? Yetkinlik ya\u015f\u0131na \u00e7atmayanlar bununla \u00f6zl\u0259rini s\u00fcbut etm\u0259y\u0259mi \u00e7al\u0131\u015f\u0131rlar? Natamaml\u0131q kompleksi, yoxsa sad\u0259c\u0259 bir anl\u0131q h\u0259v\u0259sin yaratd\u0131\u011f\u0131 alud\u0259\u00e7ilik?<\/p>\n<div class=\"AdviadNativeVideo\"><\/div>\n<p>Bu g\u00fcn 9-10 ya\u015fl\u0131 u\u015faqlar\u0131 siqaretd\u0259n uzaqla\u015fd\u0131rma\u011f\u0131n yollar\u0131n\u0131 axtaran valideynl\u0259r, he\u00e7 bir \u00e7\u0131x\u0131\u015f yolu tapa bilmir. \u00c7\u00fcnki u\u015faqlar \u0259vv\u0259l bunu gizli edirdil\u0259rs\u0259, art\u0131q a\u00e7\u0131q-a\u015fkar edirl\u0259r. \u00d6z\u00fcnd\u0259n b\u00f6y\u00fck \u015f\u0259xsl\u0259rin qar\u015f\u0131s\u0131nda \u00e7\u0259kinm\u0259d\u0259n siqaret \u00e7\u0259km\u0259l\u0259ri v\u0259ziyy\u0259tin ilb\u0259il daha da pisl\u0259\u015fdiyin\u0259 i\u015far\u0259dir.<\/p>\n<p>Sosioloq\u00a0<strong>\u018fhm\u0259d Q\u0259\u015f\u0259mo\u011flu\u00a0<\/strong>m\u0259s\u0259l\u0259 il\u0259 ba\u011fl\u0131\u00a0Oxu.Az-a a\u00e7\u0131qlamas\u0131nda bildirib ki,\u00a0m\u00fcasir elmi izl\u0259y\u0259n adamlar\u00a0bu g\u00fcn \u201cbunu et\u201d, \u201cbunu etm\u0259\u201d dey\u0259r\u0259k he\u00e7 bir problemin qar\u015f\u0131s\u0131n\u0131 alma\u011f\u0131n m\u00fcmk\u00fcn olmad\u0131\u011f\u0131n\u0131 deyir:<\/p>\n<p><img src=\"https:\/\/cdn.oxu.az\/uploads\/W1siZiIsIjIwMjIvMTEvMDIvMTYvNDcvMDIvYzQzMWExYTgtOTlmMS00ZjY1LTkxZmQtOTZkMzQ4NjY0NjJiLzEwNTMwOV9pYXp5Y2s0Njl0LmpwZyJdLFsicCIsImVuY29kZSIsImpwZyIsIi1xdWFsaXR5IDgwIl0sWyJwIiwidGh1bWIiLCI1OTB4NTkwXHUwMDNlIl1d?sha=dc0759129842b355\" alt=\"\" \/><\/p>\n<p>\u201cC\u0259miyy\u0259t xeyli h\u0259ssasla\u015f\u0131b, \u00e7\u0259tinl\u0259\u015fib. Onlar\u0131n xasiyy\u0259tl\u0259ri kifay\u0259t q\u0259d\u0259r d\u0259yi\u015fib. \u00dcmumiyy\u0259tl\u0259, bu g\u00fcn h\u0259r hans\u0131 m\u0259hsul, h\u0259r\u0259k\u0259t bar\u0259sind\u0259 &#8220;ziyand\u0131r&#8221; s\u00f6z\u00fcn\u00fc a\u015f\u0131nd\u0131r\u0131blar. \u0130st\u0259nil\u0259n qida, d\u0259rman bar\u0259d\u0259 biri &#8220;faydal\u0131d\u0131r&#8221; yaz\u0131ld\u0131\u011f\u0131 halda,\u00a0iki ay sonra bu\u00a0t\u0259kzib edilir. \u018fvv\u0259lki d\u00f6vrd\u0259 oldu\u011fu kimi, &#8220;ziyan&#8221; v\u0259 &#8220;faydal\u0131&#8221; s\u00f6zl\u0259rinin h\u00f6km\u00fc qalmay\u0131b. He\u00e7 kim bunlar\u0131n s\u0259b\u0259bini axtarm\u0131r. Hadis\u0259l\u0259r\u0259 kompleks yana\u015f\u0131lmad\u0131\u011f\u0131 \u00fc\u00e7\u00fcn bel\u0259 olur.<\/p>\n<p>Bu g\u00fcn obyektin \u00f6z\u00fc f\u0259alla\u015fmal\u0131d\u0131r ki, he\u00e7 kim onu k\u0259nardan subyektiv qaydada h\u0259ll etm\u0259sin. Sosiologiya elmind\u0259 bu probleml\u0259r \u00fc\u00e7\u00fcn sosial texnologiyalar haz\u0131rlan\u0131b. 200 ildir davam ed\u0259n elm bununla ba\u011fl\u0131 g\u00f6z\u0259l t\u00f6vsiy\u0259l\u0259r haz\u0131rlay\u0131b. Bu g\u00fcn des\u0259l\u0259r ki, siqaretl\u0259 m\u00fcbariz\u0259 \u00e7\u0259r\u00e7iv\u0259sind\u0259 hans\u0131 add\u0131mlar at\u0131lmal\u0131d\u0131r, m\u0259n\u00a0sosial texnologiyalarla, terminologiya il\u0259 \u00e7ox g\u00f6z\u0259l t\u0259klifl\u0259r ir\u0259li s\u00fcr\u0259 bil\u0259r\u0259m. Elmi \u0259saslarla bu t\u0259dbirl\u0259r g\u00f6r\u00fclm\u0259lidir ki, n\u0259tic\u0259 \u0259ld\u0259 edilsin\u201d.<\/p>\n<p>\u018f.Q\u0259\u015f\u0259mo\u011flu \u0259lav\u0259 edib ki, bu t\u0259dbirl\u0259r i\u00e7\u0259risind\u0259 valideynl\u0259rl\u0259 i\u015f d\u0259 n\u0259z\u0259rd\u0259 tutulub:<\/p>\n<p><img src=\"https:\/\/cdn.oxu.az\/uploads\/W1siZiIsIjIwMjIvMTEvMDIvMTYvNDcvNTgvZjc2MWQ4N2ItMzZiNC00Nzc4LWJiNDMtMTNlMGU4OGZjMDc2LzEzODI4N185ejlrN2d1MXhlLmpwZyJdLFsicCIsImVuY29kZSIsImpwZyIsIi1xdWFsaXR5IDgwIl0sWyJwIiwidGh1bWIiLCI1OTB4NTkwXHUwMDNlIl1d?sha=9966cd3b61f6aa73\" alt=\"\" \/><\/p>\n<p>\u201cSiqaret \u00e7\u0259k\u0259n valideyn u\u015fa\u011f\u0131n\u0131 quca\u011f\u0131nda oynad\u0131rsa, bu d\u00fczg\u00fcn deyil. 8 ayl\u0131q, 1 ya\u015fl\u0131 u\u015faqlar \u00fc\u00e7\u00fcn siqaret qoxusu art\u0131q ata qoxusu dem\u0259kdir. Valideynl\u0259r bunu anlamal\u0131d\u0131r ki, u\u015faq a\u011fl\u0131 k\u0259sdikd\u0259n sonra atas\u0131 \u00fc\u00e7\u00fcn dar\u0131xd\u0131\u011f\u0131nda ilk siqaret qoxusunu axtaracaq. Odur ki, qanunvericilik bu g\u00fcn insanlar\u0131n s\u00f6z\u00fcged\u0259n m\u00f6vzuda d\u00fc\u015f\u00fcnc\u0259sin\u0259 y\u00f6nl\u0259ndirilm\u0259lidir. Bununla biz siqaret \u00e7\u0259k\u0259n \u015f\u0259xsl\u0259rl\u0259 m\u00fcbariz\u0259 \u00fc\u00e7\u00fcn valideynl\u0259r\u0259 istiqam\u0259t vermi\u015f oluruq.<\/p>\n<p>\u00dcmumiyy\u0259tl\u0259 baxsaq, bu g\u00fcn bu sah\u0259d\u0259 apar\u0131lan t\u0259dbirl\u0259r kompleks \u015f\u0259kild\u0259 h\u0259yata ke\u00e7irilmir. Bu s\u0259b\u0259bd\u0259n d\u0259 m\u00fcxt\u0259lif probleml\u0259r \u2013 intihar, q\u0259tl, ail\u0259 z\u0259minind\u0259 probleml\u0259r v\u0259 s. ortaya \u00e7\u0131x\u0131r. \u0130st\u0259nil\u0259n sah\u0259d\u0259 m\u00fcbariz\u0259 t\u0259dbirl\u0259ri kompleks \u015f\u0259kild\u0259 h\u0259yata ke\u00e7irilm\u0259lidir, elmi ara\u015fd\u0131rmalar apar\u0131lmal\u0131d\u0131r. H\u0259kim laborator n\u0259tic\u0259l\u0259r olmadan insan sa\u011flaml\u0131\u011f\u0131 il\u0259 ba\u011fl\u0131 konkret s\u00f6z dey\u0259 bilm\u0259diyi kimi, sosioloqlar da bu sah\u0259d\u0259 ciddi ara\u015fd\u0131rmalar, t\u0259dqiqatlar olmad\u0131\u011f\u0131 m\u00fcdd\u0259tc\u0259 yekun fikir s\u00f6yl\u0259y\u0259 bilm\u0259z. Odur ki, b\u0259lk\u0259 d\u0259 siqaret \u00e7\u0259k\u0259nl\u0259rin bir qrupu \u00f6z\u00fcn\u00fc s\u00fcbut etm\u0259k \u00fc\u00e7\u00fcn, kims\u0259 \u00f6lk\u0259d\u0259 narkotik vasit\u0259l\u0259ri\u00a0t\u0259bli\u011f etm\u0259k \u00fc\u00e7\u00fcn siqaret alud\u0259\u00e7iliyin\u0259 geni\u015f yer verir. Bununla m\u00fcbariz\u0259 \u00fc\u00e7\u00fcn sosioloqlar, psixoloqlar haz\u0131rlanmal\u0131d\u0131r. T\u0259\u0259ss\u00fcf ki, bu sah\u0259d\u0259 he\u00e7 bir i\u015f g\u00f6r\u0259n yoxdur. Odur ki, m\u00fcasir d\u00f6vr\u00fcn t\u0259l\u0259bl\u0259rin\u0259 uy\u011fun add\u0131mlar at\u0131lmasa, bu m\u00f6vzular\u00a0ilb\u0259il sad\u0259c\u0259 dan\u0131\u015f\u0131lacaq v\u0259 dan\u0131\u015f\u0131qlarda da qalacaq\u201d.<\/p>\n","protected":false},"excerpt":{"rendered":"<p>\u00d6lk\u0259d\u0259 siqaret alud\u0259\u00e7iliyin\u0259 dair v\u0259ziyy\u0259t he\u00e7 d\u0259 \u00fcr\u0259ka\u00e7an deyil. Bel\u0259 ki, son vaxtlar sosial \u015f\u0259b\u0259k\u0259l\u0259rd\u0259 d\u0259 qar\u015f\u0131la\u015fd\u0131\u011f\u0131m\u0131z m\u0259nz\u0259r\u0259l\u0259r onu dem\u0259y\u0259 \u0259sas verir ki, yetkinlik ya\u015f\u0131na \u00e7atmayanlar aras\u0131nda siqaret\u0259 meyillilik art\u0131b. H\u0259tta 9 ya\u015fl\u0131 u\u015faqlar bel\u0259 siqaret \u00e7\u0259kir. B\u0259s bu n\u0259 il\u0259 \u0259laq\u0259lidir? Yetkinlik ya\u015f\u0131na \u00e7atmayanlar bununla \u00f6zl\u0259rini s\u00fcbut etm\u0259y\u0259mi \u00e7al\u0131\u015f\u0131rlar? Natamaml\u0131q kompleksi, yoxsa sad\u0259c\u0259 bir anl\u0131q h\u0259v\u0259sin yaratd\u0131\u011f\u0131 alud\u0259\u00e7ilik? Bu g\u00fcn 9-10 ya\u015fl\u0131 u\u015faqlar\u0131 siqaretd\u0259n uzaqla\u015fd\u0131rma\u011f\u0131n yollar\u0131n\u0131 axtaran valideynl\u0259r, he\u00e7 bir \u00e7\u0131x\u0131\u015f yolu tapa bilmir. \u00c7\u00fcnki u\u015faqlar \u0259vv\u0259l bunu gizli edirdil\u0259rs\u0259, art\u0131q a\u00e7\u0131q-a\u015fkar edirl\u0259r. \u00d6z\u00fcnd\u0259n b\u00f6y\u00fck \u015f\u0259xsl\u0259rin qar\u015f\u0131s\u0131nda \u00e7\u0259kinm\u0259d\u0259n siqaret&hellip;<\/p>\n","protected":false},"author":2,"featured_media":532236,"comment_status":"closed","ping_status":"closed","sticky":false,"template":"","format":"standard","meta":{"om_disable_all_campaigns":false,"_monsterinsights_skip_tracking":false,"_monsterinsights_sitenote_active":false,"_monsterinsights_sitenote_note":"","_monsterinsights_sitenote_category":0},"categories":[1],"tags":[],"aioseo_notices":[],"gutentor_comment":0,"rttpg_featured_image_url":{"full":["https:\/\/arantv.az\/wp-content\/uploads\/2022\/11\/FotoJet-2022-11-06T175824.702.jpg",620,413,false],"landscape":["https:\/\/arantv.az\/wp-content\/uploads\/2022\/11\/FotoJet-2022-11-06T175824.702.jpg",620,413,false],"portraits":["https:\/\/arantv.az\/wp-content\/uploads\/2022\/11\/FotoJet-2022-11-06T175824.702.jpg",620,413,false],"thumbnail":["https:\/\/arantv.az\/wp-content\/uploads\/2022\/11\/FotoJet-2022-11-06T175824.702-500x280.jpg",500,280,true],"medium":["https:\/\/arantv.az\/wp-content\/uploads\/2022\/11\/FotoJet-2022-11-06T175824.702-548x365.jpg",548,365,true],"large":["https:\/\/arantv.az\/wp-content\/uploads\/2022\/11\/FotoJet-2022-11-06T175824.702.jpg",620,413,false],"1536x1536":["https:\/\/arantv.az\/wp-content\/uploads\/2022\/11\/FotoJet-2022-11-06T175824.702.jpg",620,413,false],"2048x2048":["https:\/\/arantv.az\/wp-content\/uploads\/2022\/11\/FotoJet-2022-11-06T175824.702.jpg",620,413,false],"post-thumbnail":["https:\/\/arantv.az\/wp-content\/uploads\/2022\/11\/FotoJet-2022-11-06T175824.702-240x172.jpg",240,172,true],"advps-thumb-one":["https:\/\/arantv.az\/wp-content\/uploads\/2022\/11\/FotoJet-2022-11-06T175824.702.jpg",620,413,false]},"rttpg_author":{"display_name":"V\u00fcsal Rafiqo\u011flu","author_link":"https:\/\/arantv.az\/?author=2"},"rttpg_comment":0,"rttpg_category":"<a href=\"https:\/\/arantv.az\/?cat=1\" rel=\"category\">C\u0259miyy\u0259t<\/a>","rttpg_excerpt":"\u00d6lk\u0259d\u0259 siqaret alud\u0259\u00e7iliyin\u0259 dair v\u0259ziyy\u0259t he\u00e7 d\u0259 \u00fcr\u0259ka\u00e7an deyil. Bel\u0259 ki, son vaxtlar sosial \u015f\u0259b\u0259k\u0259l\u0259rd\u0259 d\u0259 qar\u015f\u0131la\u015fd\u0131\u011f\u0131m\u0131z m\u0259nz\u0259r\u0259l\u0259r onu dem\u0259y\u0259 \u0259sas verir ki, yetkinlik ya\u015f\u0131na \u00e7atmayanlar aras\u0131nda siqaret\u0259 meyillilik art\u0131b. H\u0259tta 9 ya\u015fl\u0131 u\u015faqlar bel\u0259 siqaret \u00e7\u0259kir. B\u0259s bu n\u0259 il\u0259 \u0259laq\u0259lidir? Yetkinlik ya\u015f\u0131na \u00e7atmayanlar bununla \u00f6zl\u0259rini s\u00fcbut etm\u0259y\u0259mi \u00e7al\u0131\u015f\u0131rlar? Natamaml\u0131q kompleksi, yoxsa sad\u0259c\u0259 bir&hellip;","_links":{"self":[{"href":"https:\/\/arantv.az\/index.php?rest_route=\/wp\/v2\/posts\/532235"}],"collection":[{"href":"https:\/\/arantv.az\/index.php?rest_route=\/wp\/v2\/posts"}],"about":[{"href":"https:\/\/arantv.az\/index.php?rest_route=\/wp\/v2\/types\/post"}],"author":[{"embeddable":true,"href":"https:\/\/arantv.az\/index.php?rest_route=\/wp\/v2\/users\/2"}],"replies":[{"embeddable":true,"href":"https:\/\/arantv.az\/index.php?rest_route=%2Fwp%2Fv2%2Fcomments&post=532235"}],"version-history":[{"count":0,"href":"https:\/\/arantv.az\/index.php?rest_route=\/wp\/v2\/posts\/532235\/revisions"}],"wp:featuredmedia":[{"embeddable":true,"href":"https:\/\/arantv.az\/index.php?rest_route=\/wp\/v2\/media\/532236"}],"wp:attachment":[{"href":"https:\/\/arantv.az\/index.php?rest_route=%2Fwp%2Fv2%2Fmedia&parent=532235"}],"wp:term":[{"taxonomy":"category","embeddable":true,"href":"https:\/\/arantv.az\/index.php?rest_route=%2Fwp%2Fv2%2Fcategories&post=532235"},{"taxonomy":"post_tag","embeddable":true,"href":"https:\/\/arantv.az\/index.php?rest_route=%2Fwp%2Fv2%2Ftags&post=532235"}],"curies":[{"name":"wp","href":"https:\/\/api.w.org\/{rel}","templated":true}]}}