{"id":532238,"date":"2022-11-07T08:23:43","date_gmt":"2022-11-07T05:23:43","guid":{"rendered":"https:\/\/arantv.az\/?p=532238"},"modified":"2022-11-07T08:23:43","modified_gmt":"2022-11-07T05:23:43","slug":"v%c9%99t%c9%99n-muharib%c9%99sinin-xronikasi-7-noyabr","status":"publish","type":"post","link":"https:\/\/arantv.az\/?p=532238","title":{"rendered":"V\u0259t\u0259n m\u00fcharib\u0259sinin xronikas\u0131: 7 noyabr"},"content":{"rendered":"<p>2020-ci il sentyabr\u0131n 27-d\u0259 Erm\u0259nistan silahl\u0131 q\u00fcvv\u0259l\u0259rinin c\u0259bh\u0259boyu t\u00f6r\u0259tdiyi geni\u015fmiqyasl\u0131 t\u0259xribatlara cavab olaraq Az\u0259rbaycan Ordusu sonradan \u201cD\u0259mir yumruq\u201d adland\u0131r\u0131lan \u0259ks-h\u00fccum \u0259m\u0259liyyat\u0131na ba\u015flad\u0131. 44 g\u00fcn davam ed\u0259n V\u0259t\u0259n m\u00fcharib\u0259si t\u0259xmin\u0259n otuzillik i\u015f\u011fala son qoyulmas\u0131 v\u0259 \u0259razi b\u00fct\u00f6vl\u00fcy\u00fcm\u00fcz\u00fcn b\u0259rpas\u0131 il\u0259 n\u0259tic\u0259l\u0259ndi. M\u00fcz\u0259ff\u0259r Ali Ba\u015f Komandan \u0130lham \u018fliyevin r\u0259hb\u0259rliyi il\u0259 qazan\u0131lm\u0131\u015f m\u00f6ht\u0259\u015f\u0259m Z\u0259f\u0259r tariximiz\u0259 q\u0131z\u0131l h\u0259rfl\u0259rl\u0259 yaz\u0131ld\u0131.<\/p>\n<p><strong>ARANTV.AZ\u00a0 <\/strong>V\u0259t\u0259n m\u00fcharib\u0259sinin xronikas\u0131n\u0131 t\u0259qdim edir.<\/p>\n<p><strong>M\u00fcharib\u0259nin 42-ci g\u00fcn\u00fc<\/strong><\/p>\n<p>\u2022 Az\u0259rbaycan Ordusu F\u00fczulinin Yuxar\u0131 Veys\u0259lli, Yuxar\u0131 Seyid\u0259hm\u0259dli, Qorqan, \u00dc\u00e7\u00fcnc\u00fc Mahmudlu, Qacar, Divanal\u0131lar, C\u0259bray\u0131l\u0131n Yuxar\u0131 M\u0259zr\u0259, Yanarhac, Qubadl\u0131n\u0131n Q\u0259zyan, Balasoltanl\u0131, M\u0259rdanl\u0131, Z\u0259ngilan\u0131n Be\u015fd\u0259li, Xocal\u0131n\u0131n Qarabulaq, Mo\u015fxmaat, Xocav\u0259ndin Ataqut, Tsakuri k\u0259ndl\u0259rini i\u015f\u011faldan azad edib. Bu bar\u0259d\u0259 Prezident, M\u00fcz\u0259ff\u0259r Ali Ba\u015f Komandan \u0130lham \u018fliyev \u00f6z\u00fcn\u00fcn r\u0259smi tviter hesab\u0131nda\u00a0bildirib.<\/p>\n<p>\u2022 M\u00fcdafi\u0259 Nazirliyinin\u00a0m\u0259lumat\u0131na\u00a0\u0259sas\u0259n, d\u00f6y\u00fc\u015f \u0259m\u0259liyyatlar\u0131 m\u00fcxt\u0259lif intensivlikd\u0259 c\u0259bh\u0259nin A\u011fd\u0259r\u0259, A\u011fdam v\u0259 Xocav\u0259nd istiqam\u0259tl\u0259rind\u0259 davam edib. A\u011fd\u0259r\u0259 istiqam\u0259tind\u0259 Erm\u0259nistan silahl\u0131 q\u00fcvv\u0259l\u0259rinin 5-ci da\u011fat\u0131c\u0131 alay\u0131n\u0131n m\u00fcdafi\u0259 sah\u0259sind\u0259 d\u00f6y\u00fc\u015f m\u00f6vqel\u0259rinin artilleriya at\u0259\u015fin\u0259 tutulmas\u0131 n\u0259tic\u0259sind\u0259 \u015f\u0259xsi hey\u0259t aras\u0131nda \u00f6l\u0259n v\u0259 yaralananlar var. H\u0259m\u00e7inin i\u015f\u011fal\u00e7\u0131 ordunun 6-c\u0131 da\u011fat\u0131c\u0131 alay\u0131n\u0131n 1-ci taborunun b\u00f6lm\u0259l\u0259rinin \u015f\u0259xsi hey\u0259ti aras\u0131nda itkil\u0259r olub. D\u00fc\u015fm\u0259n ordusunun D-30 artilleriya divizionunun 3-c\u00fc batareyas\u0131n\u0131n toplar\u0131 da s\u0131radan \u00e7\u0131xar\u0131l\u0131b.<\/p>\n<p>\u2022 C\u0259bh\u0259d\u0259 ged\u0259n d\u00f6y\u00fc\u015fl\u0259rd\u0259 Erm\u0259nistan silahl\u0131 q\u00fcvv\u0259l\u0259rinin 022-ci x\u00fcsusi t\u0259yinatl\u0131 h\u0259rbi hiss\u0259sinin \u015f\u0259xsi hey\u0259ti b\u00f6lm\u0259l\u0259rimiz t\u0259r\u0259find\u0259n m\u00fchasir\u0259y\u0259 al\u0131naraq\u00a0m\u0259hv edilib.<\/p>\n<p>\u2022 Erm\u0259nistan ordusu c\u0259bh\u0259nin A\u011fdam istiqam\u0259tind\u0259\u00a0itkil\u0259r verib.<\/p>\n<p>\u2022 Erm\u0259nistan silahl\u0131 q\u00fcvv\u0259l\u0259rinin A\u011fdamdan Xank\u0259ndi istiqam\u0259tind\u0259 h\u0259r\u0259k\u0259t ed\u0259n 3 \u201cKamAZ\u201d, 2 \u201cUral\u201d v\u0259 2 PDM-d\u0259n ibar\u0259t h\u0259rbi kolonunun at\u0259\u015f\u0259 tutulmas\u0131 n\u0259tic\u0259sind\u0259 d\u00fc\u015fm\u0259nin \u00e7oxlu sayda h\u0259rbi qulluq\u00e7usu\u00a0m\u0259hv edilib.<\/p>\n","protected":false},"excerpt":{"rendered":"<p>2020-ci il sentyabr\u0131n 27-d\u0259 Erm\u0259nistan silahl\u0131 q\u00fcvv\u0259l\u0259rinin c\u0259bh\u0259boyu t\u00f6r\u0259tdiyi geni\u015fmiqyasl\u0131 t\u0259xribatlara cavab olaraq Az\u0259rbaycan Ordusu sonradan \u201cD\u0259mir yumruq\u201d adland\u0131r\u0131lan \u0259ks-h\u00fccum \u0259m\u0259liyyat\u0131na ba\u015flad\u0131. 44 g\u00fcn davam ed\u0259n V\u0259t\u0259n m\u00fcharib\u0259si t\u0259xmin\u0259n otuzillik i\u015f\u011fala son qoyulmas\u0131 v\u0259 \u0259razi b\u00fct\u00f6vl\u00fcy\u00fcm\u00fcz\u00fcn b\u0259rpas\u0131 il\u0259 n\u0259tic\u0259l\u0259ndi. M\u00fcz\u0259ff\u0259r Ali Ba\u015f Komandan \u0130lham \u018fliyevin r\u0259hb\u0259rliyi il\u0259 qazan\u0131lm\u0131\u015f m\u00f6ht\u0259\u015f\u0259m Z\u0259f\u0259r tariximiz\u0259 q\u0131z\u0131l h\u0259rfl\u0259rl\u0259 yaz\u0131ld\u0131. ARANTV.AZ\u00a0 V\u0259t\u0259n m\u00fcharib\u0259sinin xronikas\u0131n\u0131 t\u0259qdim edir. M\u00fcharib\u0259nin 42-ci g\u00fcn\u00fc \u2022 Az\u0259rbaycan Ordusu F\u00fczulinin Yuxar\u0131 Veys\u0259lli, Yuxar\u0131 Seyid\u0259hm\u0259dli, Qorqan, \u00dc\u00e7\u00fcnc\u00fc Mahmudlu, Qacar, Divanal\u0131lar, C\u0259bray\u0131l\u0131n Yuxar\u0131 M\u0259zr\u0259, Yanarhac, Qubadl\u0131n\u0131n Q\u0259zyan, Balasoltanl\u0131, M\u0259rdanl\u0131, Z\u0259ngilan\u0131n Be\u015fd\u0259li, Xocal\u0131n\u0131n Qarabulaq, Mo\u015fxmaat, Xocav\u0259ndin&hellip;<\/p>\n","protected":false},"author":2,"featured_media":532239,"comment_status":"closed","ping_status":"closed","sticky":false,"template":"","format":"standard","meta":{"om_disable_all_campaigns":false,"_monsterinsights_skip_tracking":false,"_monsterinsights_sitenote_active":false,"_monsterinsights_sitenote_note":"","_monsterinsights_sitenote_category":0},"categories":[4],"tags":[],"aioseo_notices":[],"gutentor_comment":0,"rttpg_featured_image_url":{"full":["https:\/\/arantv.az\/wp-content\/uploads\/2022\/11\/8ba6c657166749314286289683610126247.jpg",975,540,false],"landscape":["https:\/\/arantv.az\/wp-content\/uploads\/2022\/11\/8ba6c657166749314286289683610126247.jpg",975,540,false],"portraits":["https:\/\/arantv.az\/wp-content\/uploads\/2022\/11\/8ba6c657166749314286289683610126247.jpg",975,540,false],"thumbnail":["https:\/\/arantv.az\/wp-content\/uploads\/2022\/11\/8ba6c657166749314286289683610126247-500x280.jpg",500,280,true],"medium":["https:\/\/arantv.az\/wp-content\/uploads\/2022\/11\/8ba6c657166749314286289683610126247-660x365.jpg",660,365,true],"large":["https:\/\/arantv.az\/wp-content\/uploads\/2022\/11\/8ba6c657166749314286289683610126247-840x465.jpg",640,354,true],"1536x1536":["https:\/\/arantv.az\/wp-content\/uploads\/2022\/11\/8ba6c657166749314286289683610126247.jpg",975,540,false],"2048x2048":["https:\/\/arantv.az\/wp-content\/uploads\/2022\/11\/8ba6c657166749314286289683610126247.jpg",975,540,false],"post-thumbnail":["https:\/\/arantv.az\/wp-content\/uploads\/2022\/11\/8ba6c657166749314286289683610126247-240x172.jpg",240,172,true],"advps-thumb-one":["https:\/\/arantv.az\/wp-content\/uploads\/2022\/11\/8ba6c657166749314286289683610126247.jpg",975,540,false]},"rttpg_author":{"display_name":"V\u00fcsal Rafiqo\u011flu","author_link":"https:\/\/arantv.az\/?author=2"},"rttpg_comment":0,"rttpg_category":"<a href=\"https:\/\/arantv.az\/?cat=4\" rel=\"category\">Siyas\u0259t<\/a>","rttpg_excerpt":"2020-ci il sentyabr\u0131n 27-d\u0259 Erm\u0259nistan silahl\u0131 q\u00fcvv\u0259l\u0259rinin c\u0259bh\u0259boyu t\u00f6r\u0259tdiyi geni\u015fmiqyasl\u0131 t\u0259xribatlara cavab olaraq Az\u0259rbaycan Ordusu sonradan \u201cD\u0259mir yumruq\u201d adland\u0131r\u0131lan \u0259ks-h\u00fccum \u0259m\u0259liyyat\u0131na ba\u015flad\u0131. 44 g\u00fcn davam ed\u0259n V\u0259t\u0259n m\u00fcharib\u0259si t\u0259xmin\u0259n otuzillik i\u015f\u011fala son qoyulmas\u0131 v\u0259 \u0259razi b\u00fct\u00f6vl\u00fcy\u00fcm\u00fcz\u00fcn b\u0259rpas\u0131 il\u0259 n\u0259tic\u0259l\u0259ndi. M\u00fcz\u0259ff\u0259r Ali Ba\u015f Komandan \u0130lham \u018fliyevin r\u0259hb\u0259rliyi il\u0259 qazan\u0131lm\u0131\u015f m\u00f6ht\u0259\u015f\u0259m Z\u0259f\u0259r tariximiz\u0259 q\u0131z\u0131l h\u0259rfl\u0259rl\u0259 yaz\u0131ld\u0131. ARANTV.AZ\u00a0&hellip;","_links":{"self":[{"href":"https:\/\/arantv.az\/index.php?rest_route=\/wp\/v2\/posts\/532238"}],"collection":[{"href":"https:\/\/arantv.az\/index.php?rest_route=\/wp\/v2\/posts"}],"about":[{"href":"https:\/\/arantv.az\/index.php?rest_route=\/wp\/v2\/types\/post"}],"author":[{"embeddable":true,"href":"https:\/\/arantv.az\/index.php?rest_route=\/wp\/v2\/users\/2"}],"replies":[{"embeddable":true,"href":"https:\/\/arantv.az\/index.php?rest_route=%2Fwp%2Fv2%2Fcomments&post=532238"}],"version-history":[{"count":0,"href":"https:\/\/arantv.az\/index.php?rest_route=\/wp\/v2\/posts\/532238\/revisions"}],"wp:featuredmedia":[{"embeddable":true,"href":"https:\/\/arantv.az\/index.php?rest_route=\/wp\/v2\/media\/532239"}],"wp:attachment":[{"href":"https:\/\/arantv.az\/index.php?rest_route=%2Fwp%2Fv2%2Fmedia&parent=532238"}],"wp:term":[{"taxonomy":"category","embeddable":true,"href":"https:\/\/arantv.az\/index.php?rest_route=%2Fwp%2Fv2%2Fcategories&post=532238"},{"taxonomy":"post_tag","embeddable":true,"href":"https:\/\/arantv.az\/index.php?rest_route=%2Fwp%2Fv2%2Ftags&post=532238"}],"curies":[{"name":"wp","href":"https:\/\/api.w.org\/{rel}","templated":true}]}}