{"id":532241,"date":"2022-11-07T08:25:03","date_gmt":"2022-11-07T05:25:03","guid":{"rendered":"https:\/\/arantv.az\/?p=532241"},"modified":"2022-11-07T08:25:03","modified_gmt":"2022-11-07T05:25:03","slug":"prezident-muz%c9%99ff%c9%99r-az%c9%99rbaycan-ordusu-daha-16-k%c9%99ndi-isgaldan-azad-edib","status":"publish","type":"post","link":"https:\/\/arantv.az\/?p=532241","title":{"rendered":"Prezident: M\u00fcz\u0259ff\u0259r Az\u0259rbaycan Ordusu daha 16 k\u0259ndi i\u015f\u011faldan azad edib"},"content":{"rendered":"<p>M\u00fcz\u0259ff\u0259r Az\u0259rbaycan Ordusu F\u00fczulinin Yuxar\u0131 Veys\u0259lli, Yuxar\u0131 Seyid\u0259hm\u0259dli, Qorqan, \u00dc\u00e7\u00fcnc\u00fc Mahmudlu, Qacar, Divanal\u0131lar, C\u0259bray\u0131l\u0131n Yuxar\u0131 M\u0259zr\u0259, Yanarhac, Qubadl\u0131n\u0131n Q\u0259zyan, Balasoltanl\u0131, M\u0259rdanl\u0131, Z\u0259ngilan\u0131n Be\u015fd\u0259li, Xocal\u0131n\u0131n Qarabulaq, Mo\u015fxmaat, Xocav\u0259ndin Ataqut, Tsakuri k\u0259ndl\u0259rini i\u015f\u011faldan azad etmi\u015fdir. E\u015fq olsun Az\u0259rbaycan Ordusuna! Qaraba\u011f Az\u0259rbaycand\u0131r!<\/p>\n<p><strong>ARANTV.AZ\u00a0 x\u0259b\u0259r verir ki,<\/strong>\u00a0\u00a0bu bar\u0259d\u0259 Prezident, M\u00fcz\u0259ff\u0259r Ali Ba\u015f Komandan \u0130lham \u018fliyev \u00f6z\u00fcn\u00fcn r\u0259smi \u201cTwitter\u201d hesab\u0131nda bildirib.<\/p>\n","protected":false},"excerpt":{"rendered":"<p>M\u00fcz\u0259ff\u0259r Az\u0259rbaycan Ordusu F\u00fczulinin Yuxar\u0131 Veys\u0259lli, Yuxar\u0131 Seyid\u0259hm\u0259dli, Qorqan, \u00dc\u00e7\u00fcnc\u00fc Mahmudlu, Qacar, Divanal\u0131lar, C\u0259bray\u0131l\u0131n Yuxar\u0131 M\u0259zr\u0259, Yanarhac, Qubadl\u0131n\u0131n Q\u0259zyan, Balasoltanl\u0131, M\u0259rdanl\u0131, Z\u0259ngilan\u0131n Be\u015fd\u0259li, Xocal\u0131n\u0131n Qarabulaq, Mo\u015fxmaat, Xocav\u0259ndin Ataqut, Tsakuri k\u0259ndl\u0259rini i\u015f\u011faldan azad etmi\u015fdir. E\u015fq olsun Az\u0259rbaycan Ordusuna! Qaraba\u011f Az\u0259rbaycand\u0131r! ARANTV.AZ\u00a0 x\u0259b\u0259r verir ki,\u00a0\u00a0bu bar\u0259d\u0259 Prezident, M\u00fcz\u0259ff\u0259r Ali Ba\u015f Komandan \u0130lham \u018fliyev \u00f6z\u00fcn\u00fcn r\u0259smi \u201cTwitter\u201d hesab\u0131nda bildirib.<\/p>\n","protected":false},"author":2,"featured_media":532242,"comment_status":"closed","ping_status":"closed","sticky":false,"template":"","format":"standard","meta":{"om_disable_all_campaigns":false,"_monsterinsights_skip_tracking":false,"_monsterinsights_sitenote_active":false,"_monsterinsights_sitenote_note":"","_monsterinsights_sitenote_category":0},"categories":[4],"tags":[],"aioseo_notices":[],"gutentor_comment":0,"rttpg_featured_image_url":{"full":["https:\/\/arantv.az\/wp-content\/uploads\/2022\/11\/5d700922166749348146205460910431806.jpg",975,540,false],"landscape":["https:\/\/arantv.az\/wp-content\/uploads\/2022\/11\/5d700922166749348146205460910431806.jpg",975,540,false],"portraits":["https:\/\/arantv.az\/wp-content\/uploads\/2022\/11\/5d700922166749348146205460910431806.jpg",975,540,false],"thumbnail":["https:\/\/arantv.az\/wp-content\/uploads\/2022\/11\/5d700922166749348146205460910431806-500x280.jpg",500,280,true],"medium":["https:\/\/arantv.az\/wp-content\/uploads\/2022\/11\/5d700922166749348146205460910431806-660x365.jpg",660,365,true],"large":["https:\/\/arantv.az\/wp-content\/uploads\/2022\/11\/5d700922166749348146205460910431806-840x465.jpg",640,354,true],"1536x1536":["https:\/\/arantv.az\/wp-content\/uploads\/2022\/11\/5d700922166749348146205460910431806.jpg",975,540,false],"2048x2048":["https:\/\/arantv.az\/wp-content\/uploads\/2022\/11\/5d700922166749348146205460910431806.jpg",975,540,false],"post-thumbnail":["https:\/\/arantv.az\/wp-content\/uploads\/2022\/11\/5d700922166749348146205460910431806-240x172.jpg",240,172,true],"advps-thumb-one":["https:\/\/arantv.az\/wp-content\/uploads\/2022\/11\/5d700922166749348146205460910431806.jpg",975,540,false]},"rttpg_author":{"display_name":"V\u00fcsal Rafiqo\u011flu","author_link":"https:\/\/arantv.az\/?author=2"},"rttpg_comment":0,"rttpg_category":"<a href=\"https:\/\/arantv.az\/?cat=4\" rel=\"category\">Siyas\u0259t<\/a>","rttpg_excerpt":"M\u00fcz\u0259ff\u0259r Az\u0259rbaycan Ordusu F\u00fczulinin Yuxar\u0131 Veys\u0259lli, Yuxar\u0131 Seyid\u0259hm\u0259dli, Qorqan, \u00dc\u00e7\u00fcnc\u00fc Mahmudlu, Qacar, Divanal\u0131lar, C\u0259bray\u0131l\u0131n Yuxar\u0131 M\u0259zr\u0259, Yanarhac, Qubadl\u0131n\u0131n Q\u0259zyan, Balasoltanl\u0131, M\u0259rdanl\u0131, Z\u0259ngilan\u0131n Be\u015fd\u0259li, Xocal\u0131n\u0131n Qarabulaq, Mo\u015fxmaat, Xocav\u0259ndin Ataqut, Tsakuri k\u0259ndl\u0259rini i\u015f\u011faldan azad etmi\u015fdir. E\u015fq olsun Az\u0259rbaycan Ordusuna! Qaraba\u011f Az\u0259rbaycand\u0131r! ARANTV.AZ\u00a0 x\u0259b\u0259r verir ki,\u00a0\u00a0bu bar\u0259d\u0259 Prezident, M\u00fcz\u0259ff\u0259r Ali Ba\u015f Komandan \u0130lham \u018fliyev \u00f6z\u00fcn\u00fcn r\u0259smi \u201cTwitter\u201d hesab\u0131nda&hellip;","_links":{"self":[{"href":"https:\/\/arantv.az\/index.php?rest_route=\/wp\/v2\/posts\/532241"}],"collection":[{"href":"https:\/\/arantv.az\/index.php?rest_route=\/wp\/v2\/posts"}],"about":[{"href":"https:\/\/arantv.az\/index.php?rest_route=\/wp\/v2\/types\/post"}],"author":[{"embeddable":true,"href":"https:\/\/arantv.az\/index.php?rest_route=\/wp\/v2\/users\/2"}],"replies":[{"embeddable":true,"href":"https:\/\/arantv.az\/index.php?rest_route=%2Fwp%2Fv2%2Fcomments&post=532241"}],"version-history":[{"count":0,"href":"https:\/\/arantv.az\/index.php?rest_route=\/wp\/v2\/posts\/532241\/revisions"}],"wp:featuredmedia":[{"embeddable":true,"href":"https:\/\/arantv.az\/index.php?rest_route=\/wp\/v2\/media\/532242"}],"wp:attachment":[{"href":"https:\/\/arantv.az\/index.php?rest_route=%2Fwp%2Fv2%2Fmedia&parent=532241"}],"wp:term":[{"taxonomy":"category","embeddable":true,"href":"https:\/\/arantv.az\/index.php?rest_route=%2Fwp%2Fv2%2Fcategories&post=532241"},{"taxonomy":"post_tag","embeddable":true,"href":"https:\/\/arantv.az\/index.php?rest_route=%2Fwp%2Fv2%2Ftags&post=532241"}],"curies":[{"name":"wp","href":"https:\/\/api.w.org\/{rel}","templated":true}]}}