{"id":532247,"date":"2022-11-07T08:30:40","date_gmt":"2022-11-07T05:30:40","guid":{"rendered":"https:\/\/arantv.az\/?p=532247"},"modified":"2022-11-07T08:30:40","modified_gmt":"2022-11-07T05:30:40","slug":"az%c9%99rbaycan-bayragi-must%c9%99qilliyimizin-r%c9%99mzidir","status":"publish","type":"post","link":"https:\/\/arantv.az\/?p=532247","title":{"rendered":"Az\u0259rbaycan bayra\u011f\u0131 m\u00fcst\u0259qilliyimizin r\u0259mzidir"},"content":{"rendered":"<p>M\u00fcst\u0259qilliyini b\u0259rpa etdikd\u0259n sonra Az\u0259rbaycan\u0131n D\u00f6vl\u0259t Bayra\u011f\u0131 milli suverenliyin simvolu kimi \u00f6lk\u0259mizin b\u00fct\u00fcn v\u0259t\u0259nda\u015flar\u0131 \u00fc\u00e7\u00fcn m\u00fcq\u0259dd\u0259s d\u00f6vl\u0259t\u00e7ilik r\u0259mzl\u0259rind\u0259n birin\u0259 \u00e7evrilib. Az\u0259rbaycan Xalq C\u00fcmhuriyy\u0259tinin yadigar\u0131 olan bu bayraq xalq\u0131m\u0131z\u0131n azadl\u0131q m\u0259fkur\u0259sin\u0259, milli-m\u0259n\u0259vi d\u0259y\u0259rl\u0259r\u0259 v\u0259 \u00fcmumb\u0259\u015f\u0259ri ideallara sadiqliyini n\u00fcmayi\u015f etdirir.<\/p>\n<p>Bayraq bizim \u0259n d\u0259y\u0259rli atributlar\u0131m\u0131zdand\u0131r. 100 ild\u0259n art\u0131q tarixi olan bayra\u011f\u0131m\u0131z mill\u0259t\u00e7iliyimizd\u0259, m\u0259n\u0259viyyat\u0131m\u0131zda m\u00fch\u00fcm rol oynay\u0131r. Bayra\u011f\u0131m\u0131za h\u00f6rm\u0259t v\u0259 m\u0259h\u0259bb\u0259t r\u0259mzi olaraq D\u00f6vl\u0259t Ba\u015f\u00e7\u0131m\u0131z xarici \u00f6lk\u0259l\u0259r\u0259 s\u0259f\u0259r\u0259 ged\u0259rk\u0259n milli bayra\u011f\u0131m\u0131z onu q\u0259bul ed\u0259n d\u00f6vl\u0259t t\u0259r\u0259find\u0259n qald\u0131r\u0131l\u0131r. T\u0259nt\u0259n\u0259li m\u0259rasiml\u0259rd\u0259 d\u00f6vl\u0259t bayra\u011f\u0131 g\u0259tiril\u0259rs\u0259, t\u0259dbird\u0259 i\u015ftirak ed\u0259n h\u0259rbi\u00e7il\u0259r h\u0259rbi salam verirl\u0259r.<\/p>\n<p>1918-ci il noyabr\u0131n 9-da Az\u0259rbaycan Xalq C\u00fcmhuriyy\u0259ti Nazirl\u0259r \u015euras\u0131 h\u00f6kum\u0259tin ba\u015f\u00e7\u0131s\u0131 F\u0259t\u0259li Xan Xoyskinin m\u0259ruz\u0259si \u0259sas\u0131nda Az\u0259rbaycan\u0131n \u00fc\u00e7r\u0259ngli milli bayra\u011f\u0131n\u0131n t\u0259sdiq olunmas\u0131 haqq\u0131nda q\u0259rar q\u0259bul olundu. Milli bayra\u011f\u0131m\u0131z ilk d\u0259f\u0259 h\u0259min g\u00fcn Bak\u0131da Az\u0259rbaycan Xalq C\u00fcmhuriyy\u0259ti Nazirl\u0259r \u015euras\u0131n\u0131n yerl\u0259\u015fdiyi binada qald\u0131r\u0131ld\u0131.<\/p>\n<p>Az\u0259rbaycan Xalq C\u00fcmhuriyy\u0259ti 1920-ci ild\u0259 s\u00fcqut etdi. 70 il Az\u0259rbaycan xalq\u0131 do\u011fma v\u0259 \u0259ziz bayra\u011f\u0131ndan zorla ayr\u0131 sal\u0131nd\u0131. Lakin bu 70 il \u0259rzind\u0259 xalq\u0131n min bir \u0259ziyy\u0259tl\u0259 \u0259ld\u0259 etmi\u015f oldu\u011fu \u00fc\u00e7r\u0259ngli bayra\u011f\u0131na sevgi v\u0259 m\u0259h\u0259bb\u0259ti az da olsa t\u00fck\u0259nm\u0259di. \u018fksin\u0259, mill\u0259timiz bu bayra\u011f\u0131n n\u0259 vaxtsa yen\u0259 d\u0259 v\u0259t\u0259nimizin, do\u011fma Az\u0259ribaycan\u0131m\u0131z\u0131n \u00fcz\u0259rind\u0259 m\u0259\u011frurluqla dal\u011falanaca\u011f\u0131 an\u0131 s\u0259birsizlikl\u0259 g\u00f6zl\u0259di. Xalq\u0131m\u0131z m\u00f6ht\u0259\u015f\u0259m \u0259zm v\u0259 \u015f\u00fcca\u0259t g\u00f6st\u0259rdi v\u0259 n\u0259hay\u0259t, o g\u00fcn g\u0259lib \u00e7atd\u0131. 1990-c\u0131 il noyabr\u0131n 7-d\u0259 \u00fc\u00e7r\u0259ngli bayra\u011f\u0131m\u0131z \u00dcmummilli Liderimiz Heyd\u0259r \u018fliyevin t\u0259\u015f\u0259bb\u00fcs\u00fc il\u0259 Nax\u00e7\u0131van Muxtar Respublikas\u0131n\u0131n d\u00f6vl\u0259t bayra\u011f\u0131 kimi t\u0259sdiql\u0259ndi. H\u0259min tarix Az\u0259rbaycan d\u00f6vl\u0259t\u00e7iliyinin b\u0259rpas\u0131 prosesinin h\u0259yata ke\u00e7irilm\u0259si il\u0259 ba\u011fl\u0131 bir \u00e7ox m\u0259s\u0259l\u0259l\u0259rin m\u00fczakir\u0259 olunmas\u0131, \u00f6lk\u0259mizi m\u00fcst\u0259qilliy\u0259 aparan yolda tarixi q\u0259rarlar\u0131n q\u0259bul edilm\u0259si il\u0259 \u0259lam\u0259tdard\u0131r. 1991-ci il fevral\u0131n 5-d\u0259 is\u0259 Az\u0259rbaycan Respublikas\u0131n\u0131n Ali Soveti \u00fc\u00e7r\u0259ngli bayra\u011f\u0131m\u0131z\u0131n Az\u0259rbaycan\u0131n d\u00f6vl\u0259t bayra\u011f\u0131 kimi t\u0259sdiq olunmas\u0131 haqq\u0131nda Konstitusiya Qanununu q\u0259bul etdi.<\/p>\n<p>Az\u0259rbaycan Respublikas\u0131n\u0131n Prezidenti \u0130lham \u018fliyev 2009-cu il noyabr\u0131n 17-d\u0259 \u201cAz\u0259rbaycan Respublikas\u0131n\u0131n D\u00f6vl\u0259t Bayra\u011f\u0131 G\u00fcn\u00fcn\u00fcn t\u0259sis edilm\u0259si haqq\u0131nda\u201d s\u0259r\u0259ncam imzalay\u0131b. H\u0259min s\u0259n\u0259d\u0259 \u0259sas\u0259n \u00f6lk\u0259mizd\u0259 9 noyabr tarixi D\u00f6vl\u0259t Bayra\u011f\u0131 G\u00fcn\u00fc kimi qeyd edilir. D\u00f6vl\u0259t Bayra\u011f\u0131 G\u00fcn\u00fcn\u00fcn t\u0259sis edilm\u0259si Az\u0259rbaycan Prezidenti \u0130lham \u018fliyevin m\u00fcst\u0259qilliyimiz\u0259, d\u00f6vl\u0259timizin atributlar\u0131na verdiyi d\u0259y\u0259rin bariz n\u00fcmun\u0259sidir.<\/p>\n<p>\u00dc\u00e7r\u0259ngli bayra\u011f\u0131m\u0131z milli birliyimizin t\u0259c\u0259ss\u00fcm\u00fc, \u015f\u0259hid ruhlar\u0131n\u0131n da\u015f\u0131y\u0131c\u0131s\u0131d\u0131r. \u018frazi b\u00fct\u00f6vl\u00fcy\u00fcm\u00fcz\u00fcn, d\u00fcnya az\u0259rbaycanl\u0131lar\u0131n\u0131n m\u0259n\u0259vi, m\u0259d\u0259ni birliyinin, vahidliyinin, b\u00f6l\u00fcnm\u0259zliyinin simvolu, can\u0131m\u0131z, qan\u0131m\u0131z olan m\u00fcq\u0259dd\u0259s \u00fc\u00e7r\u0259ngli bayra\u011f\u0131m\u0131z 44 g\u00fcnl\u00fck V\u0259t\u0259n m\u00fcharib\u0259sind\u0259 \u0259ld\u0259 etdiyimiz Z\u0259f\u0259r n\u0259tic\u0259sind\u0259 i\u015f\u011faldan azad edilmi\u015f C\u0259bray\u0131lda, F\u00fczulid\u0259, Z\u0259ngilanda, Qubadl\u0131da, A\u011fdamda, K\u0259lb\u0259c\u0259rd\u0259, La\u00e7\u0131nda v\u0259 b\u00fct\u00fcn Qafqaz\u0131n incisi, q\u0259dim m\u0259d\u0259niyy\u0259t m\u0259rk\u0259zi, Qaraba\u011f\u0131n mirvarisi olan \u015eu\u015fa \u015f\u0259h\u0259rind\u0259 q\u00fcrurla, v\u00fcqarla dal\u011falan\u0131r.<\/p>\n<p><strong>Cavid Mehdizad\u0259,<\/strong><br \/>\n<em>YAP X\u0259tai rayon t\u0259\u015fkilat\u0131n\u0131n f\u0259al\u0131<\/em><\/p>\n","protected":false},"excerpt":{"rendered":"<p>M\u00fcst\u0259qilliyini b\u0259rpa etdikd\u0259n sonra Az\u0259rbaycan\u0131n D\u00f6vl\u0259t Bayra\u011f\u0131 milli suverenliyin simvolu kimi \u00f6lk\u0259mizin b\u00fct\u00fcn v\u0259t\u0259nda\u015flar\u0131 \u00fc\u00e7\u00fcn m\u00fcq\u0259dd\u0259s d\u00f6vl\u0259t\u00e7ilik r\u0259mzl\u0259rind\u0259n birin\u0259 \u00e7evrilib. Az\u0259rbaycan Xalq C\u00fcmhuriyy\u0259tinin yadigar\u0131 olan bu bayraq xalq\u0131m\u0131z\u0131n azadl\u0131q m\u0259fkur\u0259sin\u0259, milli-m\u0259n\u0259vi d\u0259y\u0259rl\u0259r\u0259 v\u0259 \u00fcmumb\u0259\u015f\u0259ri ideallara sadiqliyini n\u00fcmayi\u015f etdirir. Bayraq bizim \u0259n d\u0259y\u0259rli atributlar\u0131m\u0131zdand\u0131r. 100 ild\u0259n art\u0131q tarixi olan bayra\u011f\u0131m\u0131z mill\u0259t\u00e7iliyimizd\u0259, m\u0259n\u0259viyyat\u0131m\u0131zda m\u00fch\u00fcm rol oynay\u0131r. Bayra\u011f\u0131m\u0131za h\u00f6rm\u0259t v\u0259 m\u0259h\u0259bb\u0259t r\u0259mzi olaraq D\u00f6vl\u0259t Ba\u015f\u00e7\u0131m\u0131z xarici \u00f6lk\u0259l\u0259r\u0259 s\u0259f\u0259r\u0259 ged\u0259rk\u0259n milli bayra\u011f\u0131m\u0131z onu q\u0259bul ed\u0259n d\u00f6vl\u0259t t\u0259r\u0259find\u0259n qald\u0131r\u0131l\u0131r. T\u0259nt\u0259n\u0259li m\u0259rasiml\u0259rd\u0259 d\u00f6vl\u0259t bayra\u011f\u0131 g\u0259tiril\u0259rs\u0259, t\u0259dbird\u0259 i\u015ftirak ed\u0259n h\u0259rbi\u00e7il\u0259r h\u0259rbi salam verirl\u0259r. 1918-ci il noyabr\u0131n 9-da&hellip;<\/p>\n","protected":false},"author":2,"featured_media":532248,"comment_status":"closed","ping_status":"closed","sticky":false,"template":"","format":"standard","meta":{"om_disable_all_campaigns":false,"_monsterinsights_skip_tracking":false,"_monsterinsights_sitenote_active":false,"_monsterinsights_sitenote_note":"","_monsterinsights_sitenote_category":0},"categories":[19],"tags":[],"aioseo_notices":[],"gutentor_comment":0,"rttpg_featured_image_url":{"full":["https:\/\/arantv.az\/wp-content\/uploads\/2022\/11\/44151de6163603458727778763810757748.jpg",975,540,false],"landscape":["https:\/\/arantv.az\/wp-content\/uploads\/2022\/11\/44151de6163603458727778763810757748.jpg",975,540,false],"portraits":["https:\/\/arantv.az\/wp-content\/uploads\/2022\/11\/44151de6163603458727778763810757748.jpg",975,540,false],"thumbnail":["https:\/\/arantv.az\/wp-content\/uploads\/2022\/11\/44151de6163603458727778763810757748-500x280.jpg",500,280,true],"medium":["https:\/\/arantv.az\/wp-content\/uploads\/2022\/11\/44151de6163603458727778763810757748-660x365.jpg",660,365,true],"large":["https:\/\/arantv.az\/wp-content\/uploads\/2022\/11\/44151de6163603458727778763810757748-840x465.jpg",640,354,true],"1536x1536":["https:\/\/arantv.az\/wp-content\/uploads\/2022\/11\/44151de6163603458727778763810757748.jpg",975,540,false],"2048x2048":["https:\/\/arantv.az\/wp-content\/uploads\/2022\/11\/44151de6163603458727778763810757748.jpg",975,540,false],"post-thumbnail":["https:\/\/arantv.az\/wp-content\/uploads\/2022\/11\/44151de6163603458727778763810757748-240x172.jpg",240,172,true],"advps-thumb-one":["https:\/\/arantv.az\/wp-content\/uploads\/2022\/11\/44151de6163603458727778763810757748.jpg",975,540,false]},"rttpg_author":{"display_name":"V\u00fcsal Rafiqo\u011flu","author_link":"https:\/\/arantv.az\/?author=2"},"rttpg_comment":0,"rttpg_category":"<a href=\"https:\/\/arantv.az\/?cat=19\" rel=\"category\">G\u00fcnd\u0259m<\/a>","rttpg_excerpt":"M\u00fcst\u0259qilliyini b\u0259rpa etdikd\u0259n sonra Az\u0259rbaycan\u0131n D\u00f6vl\u0259t Bayra\u011f\u0131 milli suverenliyin simvolu kimi \u00f6lk\u0259mizin b\u00fct\u00fcn v\u0259t\u0259nda\u015flar\u0131 \u00fc\u00e7\u00fcn m\u00fcq\u0259dd\u0259s d\u00f6vl\u0259t\u00e7ilik r\u0259mzl\u0259rind\u0259n birin\u0259 \u00e7evrilib. Az\u0259rbaycan Xalq C\u00fcmhuriyy\u0259tinin yadigar\u0131 olan bu bayraq xalq\u0131m\u0131z\u0131n azadl\u0131q m\u0259fkur\u0259sin\u0259, milli-m\u0259n\u0259vi d\u0259y\u0259rl\u0259r\u0259 v\u0259 \u00fcmumb\u0259\u015f\u0259ri ideallara sadiqliyini n\u00fcmayi\u015f etdirir. Bayraq bizim \u0259n d\u0259y\u0259rli atributlar\u0131m\u0131zdand\u0131r. 100 ild\u0259n art\u0131q tarixi olan bayra\u011f\u0131m\u0131z mill\u0259t\u00e7iliyimizd\u0259, m\u0259n\u0259viyyat\u0131m\u0131zda m\u00fch\u00fcm rol oynay\u0131r. Bayra\u011f\u0131m\u0131za&hellip;","_links":{"self":[{"href":"https:\/\/arantv.az\/index.php?rest_route=\/wp\/v2\/posts\/532247"}],"collection":[{"href":"https:\/\/arantv.az\/index.php?rest_route=\/wp\/v2\/posts"}],"about":[{"href":"https:\/\/arantv.az\/index.php?rest_route=\/wp\/v2\/types\/post"}],"author":[{"embeddable":true,"href":"https:\/\/arantv.az\/index.php?rest_route=\/wp\/v2\/users\/2"}],"replies":[{"embeddable":true,"href":"https:\/\/arantv.az\/index.php?rest_route=%2Fwp%2Fv2%2Fcomments&post=532247"}],"version-history":[{"count":0,"href":"https:\/\/arantv.az\/index.php?rest_route=\/wp\/v2\/posts\/532247\/revisions"}],"wp:featuredmedia":[{"embeddable":true,"href":"https:\/\/arantv.az\/index.php?rest_route=\/wp\/v2\/media\/532248"}],"wp:attachment":[{"href":"https:\/\/arantv.az\/index.php?rest_route=%2Fwp%2Fv2%2Fmedia&parent=532247"}],"wp:term":[{"taxonomy":"category","embeddable":true,"href":"https:\/\/arantv.az\/index.php?rest_route=%2Fwp%2Fv2%2Fcategories&post=532247"},{"taxonomy":"post_tag","embeddable":true,"href":"https:\/\/arantv.az\/index.php?rest_route=%2Fwp%2Fv2%2Ftags&post=532247"}],"curies":[{"name":"wp","href":"https:\/\/api.w.org\/{rel}","templated":true}]}}