{"id":53227,"date":"2019-04-26T13:55:21","date_gmt":"2019-04-26T10:55:21","guid":{"rendered":"http:\/\/arantv.az\/?p=53227"},"modified":"2019-04-26T13:55:21","modified_gmt":"2019-04-26T10:55:21","slug":"prezident-ilham-%c9%99liyev-pekind%c9%99-rusiyali-h%c9%99mkari-il%c9%99-gorusub-foto","status":"publish","type":"post","link":"https:\/\/arantv.az\/?p=53227","title":{"rendered":"Prezident \u0130lham \u018fliyev Pekind\u0259 rusiyal\u0131 h\u0259mkar\u0131 il\u0259 g\u00f6r\u00fc\u015f\u00fcb &#8211; FOTO"},"content":{"rendered":"<p><strong>Aprelin 26-da Pekind\u0259 Az\u0259rbaycan Respublikas\u0131n\u0131n Prezidenti \u0130lham \u018fliyevin v\u0259 Rusiya Federasiyas\u0131n\u0131n Prezidenti Vladimir Putinin g\u00f6r\u00fc\u015f\u00fc olub.<\/strong><\/p>\n<p><strong>ARANTV.AZ<\/strong> az\u0259rtac-a istinad\u0259n x\u0259b\u0259r verir ki, d\u00f6vl\u0259t ba\u015f\u00e7\u0131lar\u0131 g\u00f6r\u00fc\u015fd\u0259 \u00e7\u0131x\u0131\u015f etdil\u0259r.<\/p>\n<p>Rusiya Prezidenti Vladimir PUT\u0130N dedi:<\/p>\n<p>-H\u00f6rm\u0259tli \u0130lham Heyd\u0259r o\u011flu.<\/p>\n<p>H\u00f6rm\u0259tli dostlar.<\/p>\n<p>Sizi g\u00f6rm\u0259yim\u0259 \u015fadam. Bizim art\u0131q, nec\u0259 dey\u0259rl\u0259r, kuluarlarda bir-birimizl\u0259 q\u0131saca s\u00f6hb\u0259t etm\u0259k imkan\u0131m\u0131z olub. Sizinl\u0259 daha geni\u015f t\u0259rkibd\u0259 s\u00f6hb\u0259t etm\u0259k imkan\u0131na g\u00f6r\u0259 \u015fadam. Sizinl\u0259 m\u00fct\u0259madi g\u00f6r\u00fc\u015f\u00fcr\u00fck, h\u0259m fikir m\u00fcbadil\u0259si aparmaq, m\u00f6vqel\u0259rimizi m\u00fcqayis\u0259 etm\u0259k, h\u0259m d\u0259 birg\u0259 i\u015fimizi bir n\u00f6v t\u0259shih etm\u0259k imkan\u0131m\u0131z olur. Birg\u0259 i\u015fimiz is\u0259, m\u0259nim fikrimc\u0259, \u00fcmumiyy\u0259tl\u0259, \u00e7ox yax\u015f\u0131 gedir.<\/p>\n<p>Ticari-iqtisadi \u0259laq\u0259l\u0259rimiz inki\u015faf edir. Biz h\u0259tta \u0259slind\u0259 Sizin t\u0259\u015f\u0259bb\u00fcs\u00fcn\u00fczl\u0259 ticari-iqtisadi sah\u0259d\u0259 dem\u0259k olar ki, x\u00fcsusi qar\u015f\u0131l\u0131ql\u0131 f\u0259aliyy\u0259t mexanizmi yaratm\u0131\u015f\u0131q. Z\u0259nnimc\u0259, bu t\u0259\u015f\u0259bb\u00fcs yax\u015f\u0131 inki\u015faf edir. Sonra Rusiya v\u0259 Az\u0259rbaycan t\u0259r\u0259find\u0259n olan h\u0259mkarlar\u0131m\u0131zdan bu bar\u0259d\u0259 dan\u0131\u015fmalar\u0131n\u0131 xahi\u015f ed\u0259rik. Lakin b\u00fct\u00f6vl\u00fckd\u0259 bizim m\u00fcnasib\u0259tl\u0259rin inki\u015faf\u0131ndan m\u0259mnunuq. \u018fmin\u0259m ki, bu g\u00fcn Sizinl\u0259 qar\u015f\u0131l\u0131ql\u0131 f\u0259aliyy\u0259timizin b\u00fct\u00fcn aspektl\u0259ri bar\u0259d\u0259 dan\u0131\u015faca\u011f\u0131q. Sizi g\u00f6rm\u0259yim\u0259 \u00e7ox \u015fadam.<\/p>\n<p>x x x<\/p>\n<p>Az\u0259rbaycan Prezidenti \u0130lham \u018fL\u0130YEV dedi:<\/p>\n<p>-\u00c7ox sa\u011f olun, h\u00f6rm\u0259tli Vladimir Vladimirovi\u00e7. Yeni g\u00f6r\u00fc\u015f\u00fcm\u00fcz\u0259 \u00e7ox \u015fadam. Bizim g\u00f6r\u00fc\u015fl\u0259rimiz m\u00fcnasib\u0259tl\u0259rimizin inki\u015faf\u0131na \u00e7ox ciddi t\u0259kan verir. Biz m\u00fcnt\u0259z\u0259m olaraq g\u00f6r\u00fc\u015f\u00fcr\u00fck v\u0259 \u0259lb\u0259tt\u0259 ki, b\u00fct\u00fcn sah\u0259l\u0259rd\u0259 \u0259m\u0259kda\u015fl\u0131\u011f\u0131n, qar\u015f\u0131l\u0131ql\u0131 f\u0259aliyy\u0259tin \u00e7ox m\u00fch\u00fcm m\u0259s\u0259l\u0259l\u0259rini h\u0259ll edirik. M\u00fcnasib\u0259tl\u0259rimizin inki\u015faf\u0131ndan \u00e7ox m\u0259mnunuq. Onlar b\u00fct\u00fcn sah\u0259l\u0259ri \u0259hat\u0259 edir v\u0259 f\u0259al siyasi dialoq apar\u0131l\u0131r. Biz \u0259mt\u0259\u0259 d\u00f6vriyy\u0259sinin artmas\u0131n\u0131 m\u00fc\u015fahid\u0259 edirik. Sizin qeyd etdiyiniz kimi, konkret layih\u0259l\u0259rin ir\u0259lil\u0259dilm\u0259si \u00fc\u00e7\u00fcn x\u00fcsusi mexanizm m\u00f6vcuddur. Biznes dair\u0259l\u0259ri birg\u0259 i\u015fl\u0259m\u0259y\u0259 \u00e7ox b\u00f6y\u00fck maraq g\u00f6st\u0259rirl\u0259r. \u018flb\u0259tt\u0259, n\u0259qliyyat-logistika sah\u0259si \u0259m\u0259kda\u015fl\u0131\u011f\u0131n m\u00fch\u00fcm istiqam\u0259tidir. Burada da, energetika, k\u0259nd t\u0259s\u0259rr\u00fcfat\u0131, humanitar \u0259m\u0259kda\u015fl\u0131q sah\u0259l\u0259rind\u0259 d\u0259 yax\u015f\u0131 n\u0259tic\u0259l\u0259rimiz var. D\u00fc\u015f\u00fcn\u00fcr\u0259m ki, qar\u015f\u0131l\u0131ql\u0131 m\u00fcnasib\u0259tl\u0259rin bug\u00fcnk\u00fc s\u0259viyy\u0259si ikit\u0259r\u0259fli v\u0259 regional g\u00fcnd\u0259liy\u0259 aid bir \u00e7ox m\u0259s\u0259l\u0259l\u0259ri h\u0259ll etm\u0259y\u0259 imkan verir. Buna g\u00f6r\u0259 d\u0259 \u0259min\u0259m ki, bizim indiki g\u00f6r\u00fc\u015f\u00fcm\u00fcz d\u0259 dostlu\u011fa, mehriban qon\u015fulu\u011fa, qar\u015f\u0131l\u0131ql\u0131 d\u0259st\u0259y\u0259, qar\u015f\u0131l\u0131ql\u0131 h\u00f6rm\u0259t\u0259 \u0259saslanan m\u00fcnasib\u0259tl\u0259rimizin g\u0259l\u0259c\u0259k inki\u015faf\u0131na yax\u015f\u0131 t\u0259kan ver\u0259c\u0259k. Biz bu m\u00fcnasib\u0259tl\u0259ri \u00e7ox d\u0259y\u0259rl\u0259ndiririk, onlar\u0131 \u00e7ox qiym\u0259tl\u0259ndiririk v\u0259 onlar\u0131n fasil\u0259siz inki\u015faf ed\u0259c\u0259yin\u0259 \u00fcmid b\u0259sl\u0259yirik. Bir daha sa\u011f olun.<\/p>\n<p>Prezident Vladimir PUT\u0130N: Sa\u011f olun. Ticar\u0259t\u0259 g\u0259ldikd\u0259, ke\u00e7\u0259n il bizd\u0259 \u0259mt\u0259\u0259 d\u00f6vriyy\u0259si dem\u0259k olar ki, 14 faiz art\u0131b v\u0259 2,5 milyard dollara \u00e7at\u0131b. Beyn\u0259lxalq g\u00fcnd\u0259likd\u0259 d\u0259 ortaq m\u0259s\u0259l\u0259l\u0259rimiz \u00e7oxdur. Biz raz\u0131l\u0131\u011fa g\u0259lmi\u015fik ki, avqust ay\u0131nda Rusiyada n\u00f6vb\u0259ti Rusiya-Az\u0259rbaycan-\u0130ran sammiti ke\u00e7ir\u0259k. Bel\u0259 ki, bu bar\u0259d\u0259 d\u0259 dan\u0131\u015far\u0131q.<\/p>\n<p>Prezident \u0130lham \u018fL\u0130YEV: Sa\u011f olun.<\/p>\n<p>x x x<\/p>\n<p>G\u00f6r\u00fc\u015fd\u0259 siyasi, iqtisadi, energetika, infrastruktur, investisiya, k\u0259nd t\u0259s\u0259rr\u00fcfat\u0131, neft-qaz, n\u0259qliyyat, s\u0259naye, \u0259cza\u00e7\u0131l\u0131q, t\u0259hsil, m\u0259d\u0259niyy\u0259t, humanitar sah\u0259l\u0259rd\u0259 \u0259m\u0259kda\u015fl\u0131\u011f\u0131n, o c\u00fcml\u0259d\u0259n \u015eimal-C\u0259nub n\u0259qliyyat d\u0259hlizinin inki\u015faf perspektivl\u0259ri m\u00fczakir\u0259 olundu. H\u00f6kum\u0259tl\u0259raras\u0131 komissiyan\u0131n u\u011furla f\u0259aliyy\u0259t g\u00f6st\u0259rdiyi bildirildi v\u0259 iqtisadi \u0259m\u0259kda\u015fl\u0131\u011f\u0131n daha da geni\u015fl\u0259ndirilm\u0259si \u00fc\u00e7\u00fcn yax\u015f\u0131 imkanlar\u0131n oldu\u011fu vur\u011fuland\u0131.<\/p>\n<p>S\u00f6hb\u0259t zaman\u0131 Erm\u0259nistan-Az\u0259rbaycan Da\u011fl\u0131q Qaraba\u011f m\u00fcnaqi\u015f\u0259si m\u00fczakir\u0259 edildi. Prezident Vladimir Putin b\u0259yan etdi ki, Rusiya bundan sonra da Minsk qrupunun h\u0259ms\u0259dr \u00f6lk\u0259si kimi m\u00fcnaqi\u015f\u0259nin h\u0259lli istiqam\u0259tind\u0259 s\u0259yl\u0259rini \u0259sirg\u0259m\u0259y\u0259c\u0259k.<\/p>\n<p>Az\u0259rbaycan Prezidenti \u0130lham \u018fliyev h\u0259ms\u0259dr \u00f6lk\u0259 qismind\u0259 Rusiyan\u0131n bu m\u00fcnaqi\u015f\u0259nin h\u0259llind\u0259 s\u0259yl\u0259rini y\u00fcks\u0259k qiym\u0259tl\u0259ndirdi. \u00d6lk\u0259l\u0259rimiz aras\u0131nda dostluq m\u00fcnasib\u0259tl\u0259rinin bundan sonra da u\u011furla inki\u015faf ed\u0259c\u0259yin\u0259 \u0259minlik ifad\u0259 olundu.<\/p>\n<p><img loading=\"lazy\" class=\"alignnone size-full wp-image-53228\" src=\"https:\/\/arantv.az\/wp-content\/uploads\/2019\/04\/749992_04.jpg\" alt=\"\" width=\"250\" height=\"155\" \/><img loading=\"lazy\" class=\"alignnone size-full wp-image-53229\" src=\"https:\/\/arantv.az\/wp-content\/uploads\/2019\/04\/749992_02.jpg\" alt=\"\" width=\"213\" height=\"250\" \/><img loading=\"lazy\" class=\"alignnone size-full wp-image-53230\" src=\"https:\/\/arantv.az\/wp-content\/uploads\/2019\/04\/749992_01.jpg\" alt=\"\" width=\"250\" height=\"186\" \/><\/p>\n","protected":false},"excerpt":{"rendered":"<p>Aprelin 26-da Pekind\u0259 Az\u0259rbaycan Respublikas\u0131n\u0131n Prezidenti \u0130lham \u018fliyevin v\u0259 Rusiya Federasiyas\u0131n\u0131n Prezidenti Vladimir Putinin g\u00f6r\u00fc\u015f\u00fc olub. ARANTV.AZ az\u0259rtac-a istinad\u0259n x\u0259b\u0259r verir ki, d\u00f6vl\u0259t ba\u015f\u00e7\u0131lar\u0131 g\u00f6r\u00fc\u015fd\u0259 \u00e7\u0131x\u0131\u015f etdil\u0259r. Rusiya Prezidenti Vladimir PUT\u0130N dedi: -H\u00f6rm\u0259tli \u0130lham Heyd\u0259r o\u011flu. H\u00f6rm\u0259tli dostlar. Sizi g\u00f6rm\u0259yim\u0259 \u015fadam. Bizim art\u0131q, nec\u0259 dey\u0259rl\u0259r, kuluarlarda bir-birimizl\u0259 q\u0131saca s\u00f6hb\u0259t etm\u0259k imkan\u0131m\u0131z olub. Sizinl\u0259 daha geni\u015f t\u0259rkibd\u0259 s\u00f6hb\u0259t etm\u0259k imkan\u0131na g\u00f6r\u0259 \u015fadam. Sizinl\u0259 m\u00fct\u0259madi g\u00f6r\u00fc\u015f\u00fcr\u00fck, h\u0259m fikir m\u00fcbadil\u0259si aparmaq, m\u00f6vqel\u0259rimizi m\u00fcqayis\u0259 etm\u0259k, h\u0259m d\u0259 birg\u0259 i\u015fimizi bir n\u00f6v t\u0259shih etm\u0259k imkan\u0131m\u0131z olur. Birg\u0259 i\u015fimiz is\u0259, m\u0259nim fikrimc\u0259, \u00fcmumiyy\u0259tl\u0259, \u00e7ox yax\u015f\u0131 gedir.&hellip;<\/p>\n","protected":false},"author":2,"featured_media":53231,"comment_status":"closed","ping_status":"closed","sticky":false,"template":"","format":"standard","meta":{"om_disable_all_campaigns":false,"_monsterinsights_skip_tracking":false,"_monsterinsights_sitenote_active":false,"_monsterinsights_sitenote_note":"","_monsterinsights_sitenote_category":0},"categories":[4],"tags":[],"aioseo_notices":[],"gutentor_comment":0,"rttpg_featured_image_url":{"full":["https:\/\/arantv.az\/wp-content\/uploads\/2019\/04\/749992.jpg",800,600,false],"landscape":["https:\/\/arantv.az\/wp-content\/uploads\/2019\/04\/749992.jpg",800,600,false],"portraits":["https:\/\/arantv.az\/wp-content\/uploads\/2019\/04\/749992.jpg",800,600,false],"thumbnail":["https:\/\/arantv.az\/wp-content\/uploads\/2019\/04\/749992-150x150.jpg",150,150,true],"medium":["https:\/\/arantv.az\/wp-content\/uploads\/2019\/04\/749992-300x225.jpg",300,225,true],"large":["https:\/\/arantv.az\/wp-content\/uploads\/2019\/04\/749992.jpg",640,480,false],"1536x1536":["https:\/\/arantv.az\/wp-content\/uploads\/2019\/04\/749992.jpg",800,600,false],"2048x2048":["https:\/\/arantv.az\/wp-content\/uploads\/2019\/04\/749992.jpg",800,600,false],"post-thumbnail":["https:\/\/arantv.az\/wp-content\/uploads\/2019\/04\/749992-240x172.jpg",240,172,true],"advps-thumb-one":["https:\/\/arantv.az\/wp-content\/uploads\/2019\/04\/749992.jpg",800,600,false]},"rttpg_author":{"display_name":"V\u00fcsal Rafiqo\u011flu","author_link":"https:\/\/arantv.az\/?author=2"},"rttpg_comment":0,"rttpg_category":"<a href=\"https:\/\/arantv.az\/?cat=4\" rel=\"category\">Siyas\u0259t<\/a>","rttpg_excerpt":"Aprelin 26-da Pekind\u0259 Az\u0259rbaycan Respublikas\u0131n\u0131n Prezidenti \u0130lham \u018fliyevin v\u0259 Rusiya Federasiyas\u0131n\u0131n Prezidenti Vladimir Putinin g\u00f6r\u00fc\u015f\u00fc olub. ARANTV.AZ az\u0259rtac-a istinad\u0259n x\u0259b\u0259r verir ki, d\u00f6vl\u0259t ba\u015f\u00e7\u0131lar\u0131 g\u00f6r\u00fc\u015fd\u0259 \u00e7\u0131x\u0131\u015f etdil\u0259r. Rusiya Prezidenti Vladimir PUT\u0130N dedi: -H\u00f6rm\u0259tli \u0130lham Heyd\u0259r o\u011flu. H\u00f6rm\u0259tli dostlar. Sizi g\u00f6rm\u0259yim\u0259 \u015fadam. Bizim art\u0131q, nec\u0259 dey\u0259rl\u0259r, kuluarlarda bir-birimizl\u0259 q\u0131saca s\u00f6hb\u0259t etm\u0259k imkan\u0131m\u0131z olub. Sizinl\u0259 daha geni\u015f&hellip;","_links":{"self":[{"href":"https:\/\/arantv.az\/index.php?rest_route=\/wp\/v2\/posts\/53227"}],"collection":[{"href":"https:\/\/arantv.az\/index.php?rest_route=\/wp\/v2\/posts"}],"about":[{"href":"https:\/\/arantv.az\/index.php?rest_route=\/wp\/v2\/types\/post"}],"author":[{"embeddable":true,"href":"https:\/\/arantv.az\/index.php?rest_route=\/wp\/v2\/users\/2"}],"replies":[{"embeddable":true,"href":"https:\/\/arantv.az\/index.php?rest_route=%2Fwp%2Fv2%2Fcomments&post=53227"}],"version-history":[{"count":0,"href":"https:\/\/arantv.az\/index.php?rest_route=\/wp\/v2\/posts\/53227\/revisions"}],"wp:featuredmedia":[{"embeddable":true,"href":"https:\/\/arantv.az\/index.php?rest_route=\/wp\/v2\/media\/53231"}],"wp:attachment":[{"href":"https:\/\/arantv.az\/index.php?rest_route=%2Fwp%2Fv2%2Fmedia&parent=53227"}],"wp:term":[{"taxonomy":"category","embeddable":true,"href":"https:\/\/arantv.az\/index.php?rest_route=%2Fwp%2Fv2%2Fcategories&post=53227"},{"taxonomy":"post_tag","embeddable":true,"href":"https:\/\/arantv.az\/index.php?rest_route=%2Fwp%2Fv2%2Ftags&post=53227"}],"curies":[{"name":"wp","href":"https:\/\/api.w.org\/{rel}","templated":true}]}}