{"id":532271,"date":"2022-11-07T09:49:05","date_gmt":"2022-11-07T06:49:05","guid":{"rendered":"https:\/\/arantv.az\/?p=532271"},"modified":"2022-11-07T09:49:05","modified_gmt":"2022-11-07T06:49:05","slug":"qarabagin-milli-m%c9%99n%c9%99vi-irsinin-tanidilmasina-daha-bir-tohf%c9%99-susa-musiqili-qrafik-layih%c9%99si-foto-video","status":"publish","type":"post","link":"https:\/\/arantv.az\/?p=532271","title":{"rendered":"Qaraba\u011f\u0131n milli-m\u0259n\u0259vi irsinin tan\u0131d\u0131lmas\u0131na daha bir t\u00f6hf\u0259: \u201c\u015eu\u015fa\u201d musiqili-qrafik layih\u0259si &#8211; FOTO\/V\u0130DEO"},"content":{"rendered":"<p>8 Noyabr &#8211; Z\u0259f\u0259r G\u00fcn\u00fc \u0259r\u0259f\u0259sind\u0259 \u0130qtisadiyyat Nazirliyinin d\u0259st\u0259yi il\u0259 daha bir maraql\u0131 layih\u0259 \u0259rs\u0259y\u0259 g\u0259lib. \u201c\u015eu\u015fa\u201d musiqili-qrafik layih\u0259si Qaraba\u011f v\u0259 onun d\u00f6y\u00fcn\u0259n \u00fcr\u0259yi \u015eu\u015fan\u0131n 30 illik i\u015f\u011faldan azad edilm\u0259sinin ild\u00f6n\u00fcm\u00fcn\u0259 h\u0259sr olunub.<\/p>\n<p>Uzun s\u00fcr\u0259n h\u0259sr\u0259t v\u0259 \u015fanl\u0131 Q\u0259l\u0259b\u0259mizin g\u0259tirdiyi qovu\u015fma bir \u00e7ox s\u0259n\u0259t\u00e7il\u0259ri yeni \u0259s\u0259rl\u0259r yaratma\u011fa ruhland\u0131r\u0131r. \u201c\u015eu\u015fa\u201d \u0259s\u0259ri d\u0259 bir qrup istedadl\u0131 insan\u0131n t\u0259\u015f\u0259bb\u00fcs\u00fc il\u0259 \u0259rs\u0259y\u0259 g\u0259tirilib. Layih\u0259 \u201cSS Production\u201d \u015firk\u0259ti t\u0259r\u0259find\u0259n h\u0259yata ke\u00e7irilib. S\u00f6zl\u0259ri K\u00fcbra K\u0259rimliy\u0259 m\u0259xsus olan musiqinin m\u00fc\u0259llifi v\u0259 ifa\u00e7\u0131s\u0131 A\u0130SEL, s\u0259s prod\u00fcseri Emin K\u0259rimdir. Layih\u0259nin ba\u015f prod\u00fcseri Aysel R\u0259c\u0259blidir.<\/p>\n<div class=\"AdviadNativeVideo\"><\/div>\n<p>Layih\u0259nin maraql\u0131 t\u0259r\u0259fl\u0259rind\u0259n biri d\u0259 onun vizual h\u0259llidir. Bu h\u0259ll m\u0259\u015fhur r\u0259ssam, \u018fm\u0259kdar inc\u0259s\u0259n\u0259t xadimi Elturan Avalovun \u00ab\u015eu\u015fa \u015f\u0259h\u0259rinin memarl\u0131\u011f\u0131\u00bb adl\u0131 qrafik r\u0259sml\u0259r silsil\u0259sin\u0259 \u0259saslan\u0131r. Bu t\u0259svirl\u0259rd\u0259 \u015eu\u015fan\u0131n q\u0259dim memarl\u0131\u011f\u0131n\u0131 \u00f6z\u00fcnd\u0259 \u0259ks etdir\u0259n tarixi abid\u0259l\u0259r v\u0259 tikilil\u0259r t\u0259qdim olunub ki, onlar\u0131n da bir \u00e7oxu i\u015f\u011fal d\u00f6vr\u00fcnd\u0259 da\u011f\u0131d\u0131l\u0131b v\u0259 ya tamamil\u0259 m\u0259hv edilib.<br \/>\nQrafik r\u0259sml\u0259r rejissor Teymur N\u0259c\u0259fzad\u0259nin \u0259m\u0259yi il\u0259 canl\u0131l\u0131q qazanaraq klip\u0259 \u00e7evrilib. Klipd\u0259 m\u0259d\u0259niyy\u0259t be\u015fiyimiz \u015eu\u015fan\u0131 yaln\u0131z Az\u0259rbaycan deyil, b\u00fct\u00fcn region \u00fc\u00e7\u00fcn unikal v\u0259 b\u0259nz\u0259rsiz ed\u0259n memarl\u0131\u011f\u0131 il\u0259 birlikd\u0259 bu q\u0259dim torpa\u011f\u0131n dahi s\u0259n\u0259t adamlar\u0131na da yer verilib. Layih\u0259d\u0259 Az\u0259rbaycan m\u0259d\u0259niyy\u0259tinin g\u00f6rk\u0259mli n\u00fcmay\u0259nd\u0259l\u0259rinin, \u00f6lk\u0259nin musiqi v\u0259 yarad\u0131c\u0131l\u0131q irsind\u0259 x\u00fcsusi d\u0259y\u0259r k\u0259sb ed\u0259n, parlaq iz qoyan \u015fu\u015fal\u0131lar\u0131n obrazlar\u0131ndan istifad\u0259 olunub. Bu virtual g\u0259zintid\u0259 P\u0259nah\u0259li xan, Molla P\u0259nah Vaqif, Xur\u015fidbanu Nat\u0259van, Qas\u0131m b\u0259y Zakir, \u018fbd\u00fcrr\u0259him b\u0259y Haqverdiyev, N\u0259c\u0259f b\u0259y V\u0259zirov, Cabbar Qarya\u011fd\u0131o\u011flu, Seyid \u015eu\u015finski, \u00dczeyir Hac\u0131b\u0259yli, B\u00fclb\u00fcl v\u0259 Xan \u015eu\u015finski kimi g\u00f6rk\u0259mli \u015f\u0259xsiyy\u0259tl\u0259r yer al\u0131rlar.<\/p>\n<p>Klipin 8 Noyabr &#8211; Z\u0259f\u0259r G\u00fcn\u00fc \u0259r\u0259f\u0259sind\u0259 \u015eu\u015fan\u0131 azad ed\u0259n \u0259sg\u0259r v\u0259 zabitl\u0259rimizin \u015f\u0259r\u0259fin\u0259, \u015f\u0259hidl\u0259rimizin \u0259ziz ruhuna h\u00f6rm\u0259t \u0259lam\u0259ti olaraq, \u0130qtisadiyyat Nazirliyinin inzibati binas\u0131 \u00fcz\u0259rind\u0259 vizual yay\u0131mlanaca\u011f\u0131 g\u00f6zl\u0259nilir.<\/p>\n<p>\u201c\u015eu\u015fa\u201d musiqili-qrafik layih\u0259si Z\u0259f\u0259r G\u00fcn\u00fc \u0259r\u0259f\u0259sind\u0259 Qaraba\u011fdak\u0131 milli-m\u0259n\u0259vi irsimizin, Az\u0259rbaycan memarl\u0131\u011f\u0131n\u0131n \u0259n g\u00f6z\u0259l incil\u0259rinin, \u015eu\u015fa \u015f\u0259h\u0259rinin z\u0259ngin v\u0259 \u015fanl\u0131 tarixi ke\u00e7mi\u015finin tan\u0131d\u0131lmas\u0131na m\u00fch\u00fcm bir t\u00f6hf\u0259dir. B\u00f6y\u00fck q\u00fcrur hissi il\u0259 \u201c\u015eu\u015fa\u201d layih\u0259sini siz\u0259 t\u0259qdim edirik:<\/p>\n<div><iframe loading=\"lazy\" title=\"YouTube video player\" src=\"https:\/\/www.youtube.com\/embed\/O0lmdlSZLDw\" width=\"560\" height=\"315\" frameborder=\"0\" allowfullscreen=\"allowfullscreen\" data-mce-fragment=\"1\"><\/iframe><\/div>\n<p>&nbsp;<\/p>\n<div class=\"gallery\">\n<div class=\"gallery-i\"><img src=\"https:\/\/cdn.oxu.az\/uploads\/W1siZiIsIjIwMjIvMTEvMDcvMDgvNTQvMjMvMTczZDE0OWQtYzM3ZC00NTAzLWFkNDMtNjZiMzlhNTBiMDQxLzQgKDEpLmpwZyJdLFsicCIsImVuY29kZSIsImpwZyIsIi1xdWFsaXR5IDgwIl0sWyJwIiwidGh1bWIiLCI1OTB4NTkwXHUwMDNlIl1d?sha=fba73d478461ff84\" \/><\/p>\n<div class=\"gallery-i-caption\"><\/div>\n<\/div>\n<div class=\"gallery-i\"><img src=\"https:\/\/cdn.oxu.az\/uploads\/W1siZiIsIjIwMjIvMTEvMDcvMDgvNTQvMjMvNmRiZTg1MDYtNzY5Zi00ZmE3LTgzY2EtNjYwMzdkZWFhYWE1LzMuanBnIl0sWyJwIiwiZW5jb2RlIiwianBnIiwiLXF1YWxpdHkgODAiXSxbInAiLCJ0aHVtYiIsIjU5MHg1OTBcdTAwM2UiXV0?sha=2787654a50604d18\" \/><\/p>\n<div class=\"gallery-i-caption\"><\/div>\n<\/div>\n<div class=\"gallery-i\"><img src=\"https:\/\/cdn.oxu.az\/uploads\/W1siZiIsIjIwMjIvMTEvMDcvMDgvNTQvMjMvMTIzNzE1NzEtMTRlYy00YzAxLTg0ODktMjhkODc5NGYzZGNiLzE1LmpwZyJdLFsicCIsImVuY29kZSIsImpwZyIsIi1xdWFsaXR5IDgwIl0sWyJwIiwidGh1bWIiLCI1OTB4NTkwXHUwMDNlIl1d?sha=d1a35cdbb2a4a3f9\" \/><\/p>\n<div class=\"gallery-i-caption\"><\/div>\n<\/div>\n<div class=\"gallery-i\"><img src=\"https:\/\/cdn.oxu.az\/uploads\/W1siZiIsIjIwMjIvMTEvMDcvMDgvNTQvMjMvNDk1MWQxM2EtZjJhMC00YWQ3LTgyNGYtNjZiMjk2ZmU2OGQ4LzEzLmpwZyJdLFsicCIsImVuY29kZSIsImpwZyIsIi1xdWFsaXR5IDgwIl0sWyJwIiwidGh1bWIiLCI1OTB4NTkwXHUwMDNlIl1d?sha=e5246516b94d199d\" \/><\/div>\n<\/div>\n","protected":false},"excerpt":{"rendered":"<p>8 Noyabr &#8211; Z\u0259f\u0259r G\u00fcn\u00fc \u0259r\u0259f\u0259sind\u0259 \u0130qtisadiyyat Nazirliyinin d\u0259st\u0259yi il\u0259 daha bir maraql\u0131 layih\u0259 \u0259rs\u0259y\u0259 g\u0259lib. \u201c\u015eu\u015fa\u201d musiqili-qrafik layih\u0259si Qaraba\u011f v\u0259 onun d\u00f6y\u00fcn\u0259n \u00fcr\u0259yi \u015eu\u015fan\u0131n 30 illik i\u015f\u011faldan azad edilm\u0259sinin ild\u00f6n\u00fcm\u00fcn\u0259 h\u0259sr olunub. Uzun s\u00fcr\u0259n h\u0259sr\u0259t v\u0259 \u015fanl\u0131 Q\u0259l\u0259b\u0259mizin g\u0259tirdiyi qovu\u015fma bir \u00e7ox s\u0259n\u0259t\u00e7il\u0259ri yeni \u0259s\u0259rl\u0259r yaratma\u011fa ruhland\u0131r\u0131r. \u201c\u015eu\u015fa\u201d \u0259s\u0259ri d\u0259 bir qrup istedadl\u0131 insan\u0131n t\u0259\u015f\u0259bb\u00fcs\u00fc il\u0259 \u0259rs\u0259y\u0259 g\u0259tirilib. Layih\u0259 \u201cSS Production\u201d \u015firk\u0259ti t\u0259r\u0259find\u0259n h\u0259yata ke\u00e7irilib. S\u00f6zl\u0259ri K\u00fcbra K\u0259rimliy\u0259 m\u0259xsus olan musiqinin m\u00fc\u0259llifi v\u0259 ifa\u00e7\u0131s\u0131 A\u0130SEL, s\u0259s prod\u00fcseri Emin K\u0259rimdir. Layih\u0259nin ba\u015f prod\u00fcseri Aysel R\u0259c\u0259blidir. Layih\u0259nin maraql\u0131 t\u0259r\u0259fl\u0259rind\u0259n biri d\u0259&hellip;<\/p>\n","protected":false},"author":2,"featured_media":532272,"comment_status":"closed","ping_status":"closed","sticky":false,"template":"","format":"standard","meta":{"om_disable_all_campaigns":false,"_monsterinsights_skip_tracking":false,"_monsterinsights_sitenote_active":false,"_monsterinsights_sitenote_note":"","_monsterinsights_sitenote_category":0},"categories":[1],"tags":[],"aioseo_notices":[],"gutentor_comment":0,"rttpg_featured_image_url":{"full":["https:\/\/arantv.az\/wp-content\/uploads\/2022\/11\/FotoJet-68-1.jpg",620,413,false],"landscape":["https:\/\/arantv.az\/wp-content\/uploads\/2022\/11\/FotoJet-68-1.jpg",620,413,false],"portraits":["https:\/\/arantv.az\/wp-content\/uploads\/2022\/11\/FotoJet-68-1.jpg",620,413,false],"thumbnail":["https:\/\/arantv.az\/wp-content\/uploads\/2022\/11\/FotoJet-68-1-500x280.jpg",500,280,true],"medium":["https:\/\/arantv.az\/wp-content\/uploads\/2022\/11\/FotoJet-68-1-548x365.jpg",548,365,true],"large":["https:\/\/arantv.az\/wp-content\/uploads\/2022\/11\/FotoJet-68-1.jpg",620,413,false],"1536x1536":["https:\/\/arantv.az\/wp-content\/uploads\/2022\/11\/FotoJet-68-1.jpg",620,413,false],"2048x2048":["https:\/\/arantv.az\/wp-content\/uploads\/2022\/11\/FotoJet-68-1.jpg",620,413,false],"post-thumbnail":["https:\/\/arantv.az\/wp-content\/uploads\/2022\/11\/FotoJet-68-1-240x172.jpg",240,172,true],"advps-thumb-one":["https:\/\/arantv.az\/wp-content\/uploads\/2022\/11\/FotoJet-68-1.jpg",620,413,false]},"rttpg_author":{"display_name":"V\u00fcsal Rafiqo\u011flu","author_link":"https:\/\/arantv.az\/?author=2"},"rttpg_comment":0,"rttpg_category":"<a href=\"https:\/\/arantv.az\/?cat=1\" rel=\"category\">C\u0259miyy\u0259t<\/a>","rttpg_excerpt":"8 Noyabr &#8211; Z\u0259f\u0259r G\u00fcn\u00fc \u0259r\u0259f\u0259sind\u0259 \u0130qtisadiyyat Nazirliyinin d\u0259st\u0259yi il\u0259 daha bir maraql\u0131 layih\u0259 \u0259rs\u0259y\u0259 g\u0259lib. \u201c\u015eu\u015fa\u201d musiqili-qrafik layih\u0259si Qaraba\u011f v\u0259 onun d\u00f6y\u00fcn\u0259n \u00fcr\u0259yi \u015eu\u015fan\u0131n 30 illik i\u015f\u011faldan azad edilm\u0259sinin ild\u00f6n\u00fcm\u00fcn\u0259 h\u0259sr olunub. Uzun s\u00fcr\u0259n h\u0259sr\u0259t v\u0259 \u015fanl\u0131 Q\u0259l\u0259b\u0259mizin g\u0259tirdiyi qovu\u015fma bir \u00e7ox s\u0259n\u0259t\u00e7il\u0259ri yeni \u0259s\u0259rl\u0259r yaratma\u011fa ruhland\u0131r\u0131r. \u201c\u015eu\u015fa\u201d \u0259s\u0259ri d\u0259 bir qrup istedadl\u0131 insan\u0131n&hellip;","_links":{"self":[{"href":"https:\/\/arantv.az\/index.php?rest_route=\/wp\/v2\/posts\/532271"}],"collection":[{"href":"https:\/\/arantv.az\/index.php?rest_route=\/wp\/v2\/posts"}],"about":[{"href":"https:\/\/arantv.az\/index.php?rest_route=\/wp\/v2\/types\/post"}],"author":[{"embeddable":true,"href":"https:\/\/arantv.az\/index.php?rest_route=\/wp\/v2\/users\/2"}],"replies":[{"embeddable":true,"href":"https:\/\/arantv.az\/index.php?rest_route=%2Fwp%2Fv2%2Fcomments&post=532271"}],"version-history":[{"count":0,"href":"https:\/\/arantv.az\/index.php?rest_route=\/wp\/v2\/posts\/532271\/revisions"}],"wp:featuredmedia":[{"embeddable":true,"href":"https:\/\/arantv.az\/index.php?rest_route=\/wp\/v2\/media\/532272"}],"wp:attachment":[{"href":"https:\/\/arantv.az\/index.php?rest_route=%2Fwp%2Fv2%2Fmedia&parent=532271"}],"wp:term":[{"taxonomy":"category","embeddable":true,"href":"https:\/\/arantv.az\/index.php?rest_route=%2Fwp%2Fv2%2Fcategories&post=532271"},{"taxonomy":"post_tag","embeddable":true,"href":"https:\/\/arantv.az\/index.php?rest_route=%2Fwp%2Fv2%2Ftags&post=532271"}],"curies":[{"name":"wp","href":"https:\/\/api.w.org\/{rel}","templated":true}]}}