{"id":532274,"date":"2022-11-07T09:50:29","date_gmt":"2022-11-07T06:50:29","guid":{"rendered":"https:\/\/arantv.az\/?p=532274"},"modified":"2022-11-07T09:50:29","modified_gmt":"2022-11-07T06:50:29","slug":"yevlaxda-faci%c9%99-toyuna-hazirlasan-qiz-q%c9%99zada-h%c9%99lak-oldu-bir-n%c9%99f%c9%99r-itkin-dusdu-yenil%c9%99nib-foto-video","status":"publish","type":"post","link":"https:\/\/arantv.az\/?p=532274","title":{"rendered":"Yevlaxda faci\u0259: Toyuna haz\u0131rla\u015fan q\u0131z q\u0259zada h\u0259lak oldu, bir n\u0259f\u0259r itkin d\u00fc\u015fd\u00fc &#8211; YEN\u0130L\u018fN\u0130B + FOTO\/V\u0130DEO"},"content":{"rendered":"<p>Daxili \u0130\u015fl\u0259r Nazirliyi Yevlax rayonunda bu g\u00fcn toyu olacaq q\u0131z\u0131n g\u00f6z\u0259llik salonuna ged\u0259rk\u0259n yol q\u0259zas\u0131nda \u00f6lm\u0259si bar\u0259d\u0259 m\u0259lumat yay\u0131b.<\/p>\n<p>D\u0130N-in M\u0259tbuat Xidm\u0259tinin B\u0259rd\u0259 regional qrupundan veril\u0259n m\u0259lumata g\u00f6r\u0259, noyabr\u0131n 7-d\u0259 s\u0259h\u0259r saatlar\u0131nda Yevlax rayonunun S\u0259m\u0259dabad k\u0259ndi \u0259razisind\u0259 G\u0259nc\u0259 \u015f\u0259h\u0259r sakini Famil Qas\u0131mov idar\u0259 etdiyi BMW markal\u0131 avtomobili su kanal\u0131na a\u015f\u0131r\u0131b:<\/p>\n<div class=\"AdviadNativeVideo\"><\/div>\n<p>\u201cN\u0259tic\u0259d\u0259 F.Qas\u0131mov v\u0259 s\u0259rni\u015fini Nuran\u0259 H\u00fcseynova \u00f6l\u00fcbl\u0259r. Dig\u0259r s\u0259rni\u015finl\u0259rd\u0259n X\u0259yal\u0259 H\u00fcseynova x\u0259st\u0259xanaya yerl\u0259\u015fdirilib, G\u00fcnay H\u00fcseynovan\u0131n axtar\u0131\u015flar\u0131 davam etdirilir\u201d.<\/p>\n<p>Faktla ba\u011fl\u0131 ara\u015fd\u0131rma apar\u0131l\u0131r.<\/p>\n<p><strong>09:40<\/strong><\/p>\n<p>Yevlaxda bu g\u00fcn toyu olacaq q\u0131z g\u00f6z\u0259llik salonuna ged\u0259rk\u0259n yol q\u0259zas\u0131nda \u00f6l\u00fcb.<\/p>\n<p>\u201cReport\u201dun b\u00f6lg\u0259 m\u00fcxbiri x\u0259b\u0259r verir ki, minik avtomobili h\u0259r\u0259k\u0259td\u0259 olark\u0259n idar\u0259etm\u0259d\u0259n \u00e7\u0131x\u0131b.<\/p>\n<p>N\u0259tic\u0259d\u0259 avtomobil Qaraba\u011f su kanal\u0131na d\u00fc\u015f\u00fcb. Avtomobilin i\u00e7\u0259risind\u0259 olan bir qad\u0131n v\u0259 bir ki\u015fi h\u0259lak olublar.<\/p>\n<p>Onlar\u0131n meyitl\u0259ri tibbi ekspertizaya apar\u0131l\u0131b.<\/p>\n<p>Faktla ba\u011fl\u0131 ara\u015fd\u0131rmalara ba\u015flan\u0131l\u0131b.<\/p>\n<p>M\u0259lumata g\u00f6r\u0259, q\u0259zada \u00f6l\u0259n 18 ya\u015fl\u0131 q\u0131z\u0131n bu g\u00fcn toyu olacaqd\u0131. Q\u0259za hadis\u0259si q\u0131z\u00a0toya haz\u0131rl\u0131q m\u0259qs\u0259dil\u0259 s\u0259h\u0259r saatlar\u0131nda g\u00f6z\u0259llik salonuna ged\u0259rk\u0259n ba\u015f verib.<\/p>\n<div><iframe loading=\"lazy\" src=\"https:\/\/player.baku.tv\/embed\/64194\" width=\"560\" height=\"315\" frameborder=\"0\" allowfullscreen=\"allowfullscreen\" data-mce-fragment=\"1\"><\/iframe><\/div>\n<p>&nbsp;<\/p>\n<div class=\"gallery\">\n<div class=\"gallery-i\"><img src=\"https:\/\/cdn.oxu.az\/uploads\/W1siZiIsIjIwMjIvMTEvMDcvMTAvNDYvNTUvMjllYjQxOTItYTQ0Yi00MGU3LTk5YzEtNGU0ZWFjNTRjY2EzLzMxNDk5NDIxNF8xNTQ0MzYxMTIyNjgwMjY5XzQ4NDM1MzIxODc5MTE3OTgzNTVfbi5qcGciXSxbInAiLCJlbmNvZGUiLCJqcGciLCItcXVhbGl0eSA4MCJdLFsicCIsInRodW1iIiwiNTkweDU5MFx1MDAzZSJdXQ?sha=bbeb60432deb9ad6\" alt=\"\" \/><\/p>\n<div class=\"gallery-i-caption\"><\/div>\n<\/div>\n<div class=\"gallery-i\"><img src=\"https:\/\/cdn.oxu.az\/uploads\/W1siZiIsIjIwMjIvMTEvMDcvMTAvNDYvNTUvOGQ3NTAyYzktMWRiMS00OGQ1LTljYTctZmRhYWUxOWRlNzlhLzMxNDU4NDYxMF8xMjQ4MDg2MTU5MDkxNDcxXzEwMDQxNDI5MjQwMDEzNjQ2Mjlfbi5qcGciXSxbInAiLCJlbmNvZGUiLCJqcGciLCItcXVhbGl0eSA4MCJdLFsicCIsInRodW1iIiwiNTkweDU5MFx1MDAzZSJdXQ?sha=86ca34f92a299716\" alt=\"\" \/><\/p>\n<div class=\"gallery-i-caption\"><\/div>\n<\/div>\n<div class=\"gallery-i\"><img src=\"https:\/\/cdn.oxu.az\/uploads\/W1siZiIsIjIwMjIvMTEvMDcvMTAvNDYvNTYvNWIxOTJhNmMtZGM2NC00YTMyLTgzODItZGNlNzdhOTFiY2UyLzMxNDAyODg5MV8xNDUxMjE0NDg4Njk2ODg5XzEzODczODEwMDEwMzAyNDU0MDBfbi5qcGciXSxbInAiLCJlbmNvZGUiLCJqcGciLCItcXVhbGl0eSA4MCJdLFsicCIsInRodW1iIiwiNTkweDU5MFx1MDAzZSJdXQ?sha=46f29866b4b9619e\" alt=\"\" \/><\/div>\n<\/div>\n","protected":false},"excerpt":{"rendered":"<p>Daxili \u0130\u015fl\u0259r Nazirliyi Yevlax rayonunda bu g\u00fcn toyu olacaq q\u0131z\u0131n g\u00f6z\u0259llik salonuna ged\u0259rk\u0259n yol q\u0259zas\u0131nda \u00f6lm\u0259si bar\u0259d\u0259 m\u0259lumat yay\u0131b. D\u0130N-in M\u0259tbuat Xidm\u0259tinin B\u0259rd\u0259 regional qrupundan veril\u0259n m\u0259lumata g\u00f6r\u0259, noyabr\u0131n 7-d\u0259 s\u0259h\u0259r saatlar\u0131nda Yevlax rayonunun S\u0259m\u0259dabad k\u0259ndi \u0259razisind\u0259 G\u0259nc\u0259 \u015f\u0259h\u0259r sakini Famil Qas\u0131mov idar\u0259 etdiyi BMW markal\u0131 avtomobili su kanal\u0131na a\u015f\u0131r\u0131b: \u201cN\u0259tic\u0259d\u0259 F.Qas\u0131mov v\u0259 s\u0259rni\u015fini Nuran\u0259 H\u00fcseynova \u00f6l\u00fcbl\u0259r. Dig\u0259r s\u0259rni\u015finl\u0259rd\u0259n X\u0259yal\u0259 H\u00fcseynova x\u0259st\u0259xanaya yerl\u0259\u015fdirilib, G\u00fcnay H\u00fcseynovan\u0131n axtar\u0131\u015flar\u0131 davam etdirilir\u201d. Faktla ba\u011fl\u0131 ara\u015fd\u0131rma apar\u0131l\u0131r. 09:40 Yevlaxda bu g\u00fcn toyu olacaq q\u0131z g\u00f6z\u0259llik salonuna ged\u0259rk\u0259n yol q\u0259zas\u0131nda \u00f6l\u00fcb. \u201cReport\u201dun b\u00f6lg\u0259 m\u00fcxbiri x\u0259b\u0259r verir&hellip;<\/p>\n","protected":false},"author":2,"featured_media":532275,"comment_status":"closed","ping_status":"closed","sticky":false,"template":"","format":"standard","meta":{"om_disable_all_campaigns":false,"_monsterinsights_skip_tracking":false,"_monsterinsights_sitenote_active":false,"_monsterinsights_sitenote_note":"","_monsterinsights_sitenote_category":0},"categories":[5],"tags":[],"aioseo_notices":[],"gutentor_comment":0,"rttpg_featured_image_url":{"full":["https:\/\/arantv.az\/wp-content\/uploads\/2022\/11\/FotoJet-8-1.jpg",620,413,false],"landscape":["https:\/\/arantv.az\/wp-content\/uploads\/2022\/11\/FotoJet-8-1.jpg",620,413,false],"portraits":["https:\/\/arantv.az\/wp-content\/uploads\/2022\/11\/FotoJet-8-1.jpg",620,413,false],"thumbnail":["https:\/\/arantv.az\/wp-content\/uploads\/2022\/11\/FotoJet-8-1-500x280.jpg",500,280,true],"medium":["https:\/\/arantv.az\/wp-content\/uploads\/2022\/11\/FotoJet-8-1-548x365.jpg",548,365,true],"large":["https:\/\/arantv.az\/wp-content\/uploads\/2022\/11\/FotoJet-8-1.jpg",620,413,false],"1536x1536":["https:\/\/arantv.az\/wp-content\/uploads\/2022\/11\/FotoJet-8-1.jpg",620,413,false],"2048x2048":["https:\/\/arantv.az\/wp-content\/uploads\/2022\/11\/FotoJet-8-1.jpg",620,413,false],"post-thumbnail":["https:\/\/arantv.az\/wp-content\/uploads\/2022\/11\/FotoJet-8-1-240x172.jpg",240,172,true],"advps-thumb-one":["https:\/\/arantv.az\/wp-content\/uploads\/2022\/11\/FotoJet-8-1.jpg",620,413,false]},"rttpg_author":{"display_name":"V\u00fcsal Rafiqo\u011flu","author_link":"https:\/\/arantv.az\/?author=2"},"rttpg_comment":0,"rttpg_category":"<a href=\"https:\/\/arantv.az\/?cat=5\" rel=\"category\">Hadis\u0259<\/a>","rttpg_excerpt":"Daxili \u0130\u015fl\u0259r Nazirliyi Yevlax rayonunda bu g\u00fcn toyu olacaq q\u0131z\u0131n g\u00f6z\u0259llik salonuna ged\u0259rk\u0259n yol q\u0259zas\u0131nda \u00f6lm\u0259si bar\u0259d\u0259 m\u0259lumat yay\u0131b. D\u0130N-in M\u0259tbuat Xidm\u0259tinin B\u0259rd\u0259 regional qrupundan veril\u0259n m\u0259lumata g\u00f6r\u0259, noyabr\u0131n 7-d\u0259 s\u0259h\u0259r saatlar\u0131nda Yevlax rayonunun S\u0259m\u0259dabad k\u0259ndi \u0259razisind\u0259 G\u0259nc\u0259 \u015f\u0259h\u0259r sakini Famil Qas\u0131mov idar\u0259 etdiyi BMW markal\u0131 avtomobili su kanal\u0131na a\u015f\u0131r\u0131b: \u201cN\u0259tic\u0259d\u0259 F.Qas\u0131mov v\u0259 s\u0259rni\u015fini Nuran\u0259&hellip;","_links":{"self":[{"href":"https:\/\/arantv.az\/index.php?rest_route=\/wp\/v2\/posts\/532274"}],"collection":[{"href":"https:\/\/arantv.az\/index.php?rest_route=\/wp\/v2\/posts"}],"about":[{"href":"https:\/\/arantv.az\/index.php?rest_route=\/wp\/v2\/types\/post"}],"author":[{"embeddable":true,"href":"https:\/\/arantv.az\/index.php?rest_route=\/wp\/v2\/users\/2"}],"replies":[{"embeddable":true,"href":"https:\/\/arantv.az\/index.php?rest_route=%2Fwp%2Fv2%2Fcomments&post=532274"}],"version-history":[{"count":0,"href":"https:\/\/arantv.az\/index.php?rest_route=\/wp\/v2\/posts\/532274\/revisions"}],"wp:featuredmedia":[{"embeddable":true,"href":"https:\/\/arantv.az\/index.php?rest_route=\/wp\/v2\/media\/532275"}],"wp:attachment":[{"href":"https:\/\/arantv.az\/index.php?rest_route=%2Fwp%2Fv2%2Fmedia&parent=532274"}],"wp:term":[{"taxonomy":"category","embeddable":true,"href":"https:\/\/arantv.az\/index.php?rest_route=%2Fwp%2Fv2%2Fcategories&post=532274"},{"taxonomy":"post_tag","embeddable":true,"href":"https:\/\/arantv.az\/index.php?rest_route=%2Fwp%2Fv2%2Ftags&post=532274"}],"curies":[{"name":"wp","href":"https:\/\/api.w.org\/{rel}","templated":true}]}}