{"id":532280,"date":"2022-11-07T09:53:36","date_gmt":"2022-11-07T06:53:36","guid":{"rendered":"https:\/\/arantv.az\/?p=532280"},"modified":"2022-11-07T09:53:36","modified_gmt":"2022-11-07T06:53:36","slug":"v%c9%99t%c9%99n-muharib%c9%99sind%c9%99-qazanilan-z%c9%99f%c9%99r-az%c9%99rbaycan-xalqinin-ordunun-v%c9%99-ali-bas-komandan-ilham-%c9%99liyevin-q%c9%99l%c9%99b%c9%99sidir-m%c9%99h%c9%99rr%c9%99m","status":"publish","type":"post","link":"https:\/\/arantv.az\/?p=532280","title":{"rendered":"V\u0259t\u0259n M\u00fcharib\u0259sind\u0259 qazan\u0131lan Z\u0259f\u0259r Az\u0259rbaycan xalq\u0131n\u0131n, Ordunun v\u0259 Ali Ba\u015f Komandan \u0130lham \u018fliyevin q\u0259l\u0259b\u0259sidir &#8211; M\u0259h\u0259rr\u0259m \u018fliyev &#8211; V\u0130DEO &#8211; FOTO"},"content":{"rendered":"<p><strong>44 g\u00fcnl\u00fck V\u0259t\u0259n M\u00fcharib\u0259sind\u0259 qazan\u0131lan Z\u0259f\u0259r Az\u0259rbaycan xalq\u0131n\u0131n, Ordusunun v\u0259 Ali Ba\u015f Komandan \u0130lham \u018fliyevin q\u0259l\u0259b\u0259sidir.<\/strong><\/p>\n<p>Bu bar\u0259d\u0259\u00a0Trend\u00a0B\u0130A-n\u0131n &#8220;Sahil K\u0259rimli il\u0259 Aktual&#8221; m\u00fc\u0259llif videolayih\u0259sin\u0259 m\u00fcsahib\u0259sind\u0259 Az\u0259rbaycan Respublikas\u0131 Prezidentinin k\u00f6m\u0259k\u00e7isi &#8211; Prezident Administrasiyas\u0131n\u0131n H\u0259rbi m\u0259s\u0259l\u0259l\u0259r \u015f\u00f6b\u0259sinin m\u00fcdiri, general-polkovnik M\u0259h\u0259rr\u0259m \u018fliyev deyib.<\/p>\n<p>M.\u018fliyev qeyd edib ki, Az\u0259rbaycan Ordusunda quruculuq i\u015fl\u0259ri h\u0259l\u0259 1993-c\u00fc ild\u0259n, Ulu \u00d6nd\u0259r Heyd\u0259r \u018fliyevin r\u0259hb\u0259rliyi d\u00f6vr\u00fcnd\u0259n ba\u015flay\u0131b.<\/p>\n<p>&#8220;1993-c\u00fc ild\u0259n 2003-c\u00fc il\u0259 q\u0259d\u0259r h\u0259m h\u0259rbi, h\u0259m d\u0259 t\u0259minat sah\u0259si Az\u0259rbaycan Prezidentinin birba\u015fa n\u0259zar\u0259ti alt\u0131nda oldu. Sonrak\u0131 ill\u0259rd\u0259 is\u0259 Prezident \u0130lham \u018fliyev ordu quruculu\u011fu sah\u0259sin\u0259 \u00e7ox b\u00f6y\u00fck diqq\u0259t v\u0259 qay\u011f\u0131 il\u0259 yana\u015fd\u0131. Prezident \u0130lham \u018fliyevin r\u0259hb\u0259rliyi il\u0259 Az\u0259rbaycan Silahl\u0131 Q\u00fcvv\u0259l\u0259ri h\u0259rt\u0259r\u0259fli inki\u015faf etdi, orduda maddi-texniki baza, pe\u015f\u0259karl\u0131q durmadan art\u0131r\u0131ld\u0131. Bu g\u00fcn Az\u0259rbaycan Ordusu d\u00fcnya miqyas\u0131nda \u00f6z yerini tutub. V\u0259t\u0259n M\u00fcharib\u0259si d\u00f6vr\u00fcnd\u0259 Az\u0259rbaycan Ordusunun g\u00f6st\u0259rdiyi q\u0259hr\u0259manl\u0131qlar, \u0259ld\u0259 etdiyi nailiyy\u0259tl\u0259r bizim tariximiz\u0259 yaz\u0131l\u0131b. Bu q\u0259l\u0259b\u0259 Az\u0259rbaycan xalq\u0131n\u0131n, Ordusunun v\u0259 Ali Ba\u015f Komandan \u0130lham \u018fliyevin q\u0259l\u0259b\u0259sidir. Bu c\u00fcr q\u0259l\u0259b\u0259nin \u0259ld\u0259 olunmas\u0131, ordumuzun f\u0259dakarl\u0131\u011f\u0131, v\u0259t\u0259n u\u011frunda ged\u0259n d\u00f6y\u00fc\u015fl\u0259rd\u0259 q\u0259hr\u0259mancas\u0131na sava\u015fmas\u0131 xalq\u0131m\u0131z\u0131n q\u00fcrur m\u0259nb\u0259yidir. Bu u\u011furlar m\u0259hz Ali Ba\u015f Komandan \u0130lham \u018fliyevin r\u0259hb\u0259rliyi alt\u0131nda qazan\u0131l\u0131b. V\u0259t\u0259n M\u00fcharib\u0259sind\u0259 Az\u0259rbaycan Prezidenti \u0130lham \u018fliyev d\u00f6y\u00fc\u015f taktikas\u0131n\u0131, h\u0259rbi \u0259m\u0259liyyatlar\u0131n plan\u0131n\u0131 \u015f\u0259xs\u0259n \u00f6z\u00fc m\u00fc\u0259yy\u0259n edir, m\u00fcharib\u0259nin apar\u0131lmas\u0131na birba\u015fa \u00f6z\u00fc r\u0259hb\u0259rlik edirdi&#8221;, &#8211; dey\u0259 M.\u018fliyev bildirib.<\/p>\n<p>General-polkovnik h\u0259m\u00e7inin, Az\u0259rbaycan Ordusunun bu g\u00fcn tam v\u0259 h\u0259rt\u0259r\u0259fli \u015f\u0259kild\u0259 haz\u0131r v\u0259ziyy\u0259td\u0259 oldu\u011funu vur\u011fulay\u0131b.<\/p>\n<p>&#8220;Biz yaln\u0131z erm\u0259ni quldurlar\u0131na qar\u015f\u0131 m\u00fcharib\u0259 aparm\u0131r\u0131q. Onlar\u0131n yard\u0131m\u00e7\u0131lar\u0131 \u00e7oxdur. Biz t\u0259mkinl\u0259 h\u0259r zaman haz\u0131r olmal\u0131, erm\u0259ni yalanlar\u0131na uymamal\u0131y\u0131q. Onlara he\u00e7 bir zaman inanmaq olmaz. Biz ba\u015fa d\u00fc\u015fm\u0259liyik ki, bizim qar\u015f\u0131m\u0131zda duran \u00e7ox hiyl\u0259g\u0259r v\u0259 cinay\u0259tkar bir d\u00f6vl\u0259tdir&#8221;, &#8211; dey\u0259 M.\u018fliyev qeyd edib.<\/p>\n<p>Az\u0259rbaycan\u0131n M\u00fcdafi\u0259 s\u0259nayesind\u0259n b\u0259hs ed\u0259n general-polkovnik \u00f6lk\u0259mizd\u0259 bu sah\u0259d\u0259 istehsal m\u00fc\u0259ssis\u0259l\u0259rinin oldu\u011funu v\u0259 qarda\u015f T\u00fcrkiy\u0259 il\u0259 birg\u0259 f\u0259aliyy\u0259t g\u00f6st\u0259rildiyini bildirib.<\/p>\n<p>&#8220;Silah-sursatlar bug\u00fcnk\u00fc t\u0259l\u0259b\u0259 uy\u011fun istehsal olunur. Az\u0259rbaycanda bu g\u00fcn yeni istehsal olunan silah-sursat b\u0259lk\u0259 d\u0259 d\u00fcnyan\u0131n bir \u00e7ox d\u00f6vl\u0259tind\u0259 yoxdur. Az\u0259rbaycan d\u00f6vl\u0259ti he\u00e7 vaxt imkan verm\u0259y\u0259c\u0259k ki, kims\u0259 bizim torpaqlar\u0131m\u0131za h\u0259r hans\u0131 bir formada t\u0259c\u00fcv\u00fcz etsin, suverenliyimiz\u0259 t\u0259hdid yarats\u0131n&#8221;, &#8211; dey\u0259 Prezidentin k\u00f6m\u0259k\u00e7isi \u0259lav\u0259 edib.<\/p>\n<p>M.\u018fliyev h\u0259m\u00e7inin vur\u011fulay\u0131b ki, bu g\u00fcnl\u0259rd\u0259 Nax\u00e7\u0131van b\u00f6lg\u0259sind\u0259 olub, bu \u0259razil\u0259rd\u0259 daimi dislokasiya olunmu\u015f ordu, birl\u0259\u015fm\u0259 v\u0259 h\u0259rbi hiss\u0259l\u0259rin maddi-texniki t\u0259minat\u0131, \u015f\u0259xsi hey\u0259tin pe\u015f\u0259karl\u0131\u011f\u0131n\u0131n art\u0131r\u0131lmas\u0131, xidm\u0259ti-d\u00f6y\u00fc\u015f v\u0259 m\u0259i\u015f\u0259t \u015f\u0259raitl\u0259rinin yax\u015f\u0131la\u015fd\u0131r\u0131lmas\u0131 istiqam\u0259tind\u0259 h\u0259yata ke\u00e7iril\u0259n t\u0259dbirl\u0259rl\u0259 tan\u0131\u015f olub.<\/p>\n<p>&#8220;Bu g\u00fcn Nax\u00e7\u0131vanda yerl\u0259\u015f\u0259n ordu birl\u0259\u015fm\u0259l\u0259rimiz d\u0259 \u0259n m\u00fcasir silah-sursatla t\u0259min olunub, ist\u0259nil\u0259n d\u00f6y\u00fc\u015f tap\u015f\u0131r\u0131\u011f\u0131n\u0131n \u00f6hd\u0259sind\u0259n layiqinc\u0259 g\u0259lm\u0259y\u0259, M\u00fcz\u0259ff\u0259r Ali Ba\u015f Komandan c\u0259nab \u0130lham \u018fliyevin tap\u015f\u0131r\u0131qlar\u0131 yerin\u0259 yetirm\u0259y\u0259 tam haz\u0131rd\u0131r&#8221;. General-polkovnik bildirib.<\/p>\n<p>Prezidentin k\u00f6m\u0259k\u00e7isi &#8211; Prezident Administrasiyas\u0131n\u0131n H\u0259rbi m\u0259s\u0259l\u0259l\u0259r \u015f\u00f6b\u0259sinin m\u00fcdiri, general-polkovnik M\u0259h\u0259rr\u0259m \u018fliyevl\u0259 m\u00fcsahib\u0259nin tam video versiyas\u0131n\u0131 t\u0259qdim edirik:<\/p>\n<p><iframe title=\"YouTube video player\" src=\"https:\/\/www.youtube.com\/embed\/mJHCk3aKiMU\" frameborder=\"0\" allowfullscreen=\"allowfullscreen\" data-mce-fragment=\"1\"><\/iframe><\/p>\n<p><img loading=\"lazy\" src=\"https:\/\/img.milli.az\/2022\/11\/07\/1083371_2.jpg\" width=\"918\" height=\"612\" \/><\/p>\n<p><img loading=\"lazy\" src=\"https:\/\/img.milli.az\/2022\/11\/07\/1083371_3.jpg\" width=\"930\" height=\"620\" \/><\/p>\n","protected":false},"excerpt":{"rendered":"<p>44 g\u00fcnl\u00fck V\u0259t\u0259n M\u00fcharib\u0259sind\u0259 qazan\u0131lan Z\u0259f\u0259r Az\u0259rbaycan xalq\u0131n\u0131n, Ordusunun v\u0259 Ali Ba\u015f Komandan \u0130lham \u018fliyevin q\u0259l\u0259b\u0259sidir. Bu bar\u0259d\u0259\u00a0Trend\u00a0B\u0130A-n\u0131n &#8220;Sahil K\u0259rimli il\u0259 Aktual&#8221; m\u00fc\u0259llif videolayih\u0259sin\u0259 m\u00fcsahib\u0259sind\u0259 Az\u0259rbaycan Respublikas\u0131 Prezidentinin k\u00f6m\u0259k\u00e7isi &#8211; Prezident Administrasiyas\u0131n\u0131n H\u0259rbi m\u0259s\u0259l\u0259l\u0259r \u015f\u00f6b\u0259sinin m\u00fcdiri, general-polkovnik M\u0259h\u0259rr\u0259m \u018fliyev deyib. M.\u018fliyev qeyd edib ki, Az\u0259rbaycan Ordusunda quruculuq i\u015fl\u0259ri h\u0259l\u0259 1993-c\u00fc ild\u0259n, Ulu \u00d6nd\u0259r Heyd\u0259r \u018fliyevin r\u0259hb\u0259rliyi d\u00f6vr\u00fcnd\u0259n ba\u015flay\u0131b. &#8220;1993-c\u00fc ild\u0259n 2003-c\u00fc il\u0259 q\u0259d\u0259r h\u0259m h\u0259rbi, h\u0259m d\u0259 t\u0259minat sah\u0259si Az\u0259rbaycan Prezidentinin birba\u015fa n\u0259zar\u0259ti alt\u0131nda oldu. Sonrak\u0131 ill\u0259rd\u0259 is\u0259 Prezident \u0130lham \u018fliyev ordu quruculu\u011fu sah\u0259sin\u0259 \u00e7ox b\u00f6y\u00fck diqq\u0259t v\u0259 qay\u011f\u0131 il\u0259&hellip;<\/p>\n","protected":false},"author":2,"featured_media":532281,"comment_status":"closed","ping_status":"closed","sticky":false,"template":"","format":"standard","meta":{"om_disable_all_campaigns":false,"_monsterinsights_skip_tracking":false,"_monsterinsights_sitenote_active":false,"_monsterinsights_sitenote_note":"","_monsterinsights_sitenote_category":0},"categories":[19],"tags":[],"aioseo_notices":[],"gutentor_comment":0,"rttpg_featured_image_url":{"full":["https:\/\/arantv.az\/wp-content\/uploads\/2022\/11\/3c9dceb4e359bd04bb45ed53194a205f.jpg",870,500,false],"landscape":["https:\/\/arantv.az\/wp-content\/uploads\/2022\/11\/3c9dceb4e359bd04bb45ed53194a205f.jpg",870,500,false],"portraits":["https:\/\/arantv.az\/wp-content\/uploads\/2022\/11\/3c9dceb4e359bd04bb45ed53194a205f.jpg",870,500,false],"thumbnail":["https:\/\/arantv.az\/wp-content\/uploads\/2022\/11\/3c9dceb4e359bd04bb45ed53194a205f-500x280.jpg",500,280,true],"medium":["https:\/\/arantv.az\/wp-content\/uploads\/2022\/11\/3c9dceb4e359bd04bb45ed53194a205f-635x365.jpg",635,365,true],"large":["https:\/\/arantv.az\/wp-content\/uploads\/2022\/11\/3c9dceb4e359bd04bb45ed53194a205f-840x483.jpg",640,368,true],"1536x1536":["https:\/\/arantv.az\/wp-content\/uploads\/2022\/11\/3c9dceb4e359bd04bb45ed53194a205f.jpg",870,500,false],"2048x2048":["https:\/\/arantv.az\/wp-content\/uploads\/2022\/11\/3c9dceb4e359bd04bb45ed53194a205f.jpg",870,500,false],"post-thumbnail":["https:\/\/arantv.az\/wp-content\/uploads\/2022\/11\/3c9dceb4e359bd04bb45ed53194a205f-240x172.jpg",240,172,true],"advps-thumb-one":["https:\/\/arantv.az\/wp-content\/uploads\/2022\/11\/3c9dceb4e359bd04bb45ed53194a205f.jpg",870,500,false]},"rttpg_author":{"display_name":"V\u00fcsal Rafiqo\u011flu","author_link":"https:\/\/arantv.az\/?author=2"},"rttpg_comment":0,"rttpg_category":"<a href=\"https:\/\/arantv.az\/?cat=19\" rel=\"category\">G\u00fcnd\u0259m<\/a>","rttpg_excerpt":"44 g\u00fcnl\u00fck V\u0259t\u0259n M\u00fcharib\u0259sind\u0259 qazan\u0131lan Z\u0259f\u0259r Az\u0259rbaycan xalq\u0131n\u0131n, Ordusunun v\u0259 Ali Ba\u015f Komandan \u0130lham \u018fliyevin q\u0259l\u0259b\u0259sidir. Bu bar\u0259d\u0259\u00a0Trend\u00a0B\u0130A-n\u0131n &#8220;Sahil K\u0259rimli il\u0259 Aktual&#8221; m\u00fc\u0259llif videolayih\u0259sin\u0259 m\u00fcsahib\u0259sind\u0259 Az\u0259rbaycan Respublikas\u0131 Prezidentinin k\u00f6m\u0259k\u00e7isi &#8211; Prezident Administrasiyas\u0131n\u0131n H\u0259rbi m\u0259s\u0259l\u0259l\u0259r \u015f\u00f6b\u0259sinin m\u00fcdiri, general-polkovnik M\u0259h\u0259rr\u0259m \u018fliyev deyib. M.\u018fliyev qeyd edib ki, Az\u0259rbaycan Ordusunda quruculuq i\u015fl\u0259ri h\u0259l\u0259 1993-c\u00fc ild\u0259n, Ulu \u00d6nd\u0259r Heyd\u0259r \u018fliyevin&hellip;","_links":{"self":[{"href":"https:\/\/arantv.az\/index.php?rest_route=\/wp\/v2\/posts\/532280"}],"collection":[{"href":"https:\/\/arantv.az\/index.php?rest_route=\/wp\/v2\/posts"}],"about":[{"href":"https:\/\/arantv.az\/index.php?rest_route=\/wp\/v2\/types\/post"}],"author":[{"embeddable":true,"href":"https:\/\/arantv.az\/index.php?rest_route=\/wp\/v2\/users\/2"}],"replies":[{"embeddable":true,"href":"https:\/\/arantv.az\/index.php?rest_route=%2Fwp%2Fv2%2Fcomments&post=532280"}],"version-history":[{"count":0,"href":"https:\/\/arantv.az\/index.php?rest_route=\/wp\/v2\/posts\/532280\/revisions"}],"wp:featuredmedia":[{"embeddable":true,"href":"https:\/\/arantv.az\/index.php?rest_route=\/wp\/v2\/media\/532281"}],"wp:attachment":[{"href":"https:\/\/arantv.az\/index.php?rest_route=%2Fwp%2Fv2%2Fmedia&parent=532280"}],"wp:term":[{"taxonomy":"category","embeddable":true,"href":"https:\/\/arantv.az\/index.php?rest_route=%2Fwp%2Fv2%2Fcategories&post=532280"},{"taxonomy":"post_tag","embeddable":true,"href":"https:\/\/arantv.az\/index.php?rest_route=%2Fwp%2Fv2%2Ftags&post=532280"}],"curies":[{"name":"wp","href":"https:\/\/api.w.org\/{rel}","templated":true}]}}