{"id":532286,"date":"2022-11-07T10:10:49","date_gmt":"2022-11-07T07:10:49","guid":{"rendered":"https:\/\/arantv.az\/?p=532286"},"modified":"2022-11-07T10:10:49","modified_gmt":"2022-11-07T07:10:49","slug":"az%c9%99rbaycanli-bankirin-azyasli-oglu-turkiy%c9%99d%c9%99-v%c9%99fat-etdi","status":"publish","type":"post","link":"https:\/\/arantv.az\/?p=532286","title":{"rendered":"Az\u0259rbaycanl\u0131 bankirin azya\u015fl\u0131 o\u011flu T\u00fcrkiy\u0259d\u0259 v\u0259fat etdi"},"content":{"rendered":"<p><strong>M\u00fcalic\u0259 olunmaq \u00fc\u00e7\u00fcn T\u00fcrkiy\u0259y\u0259 apar\u0131lan azya\u015fl\u0131 v\u0259fat edib.<\/strong><\/p>\n<p>Leykozdan \u0259ziyy\u0259t \u00e7\u0259k\u0259n Eldar \u018fhm\u0259dov T\u00fcrkiy\u0259d\u0259 d\u00fcnyas\u0131n\u0131 d\u0259yi\u015fib. Onun n\u0259\u015fi noyabr\u0131n 5-d\u0259 Bak\u0131ya g\u0259tirilib v\u0259 d\u0259fn edilib.<\/p>\n<p>Qeyd ed\u0259k ki, m\u0259rhumun atas\u0131 Pa\u015fa \u018fhm\u0259dov baklardan birind\u0259 \u015f\u00f6b\u0259 r\u0259isi v\u0259zif\u0259sind\u0259 \u00e7al\u0131\u015f\u0131r.\/\/\/\u201cQafqazinfo\u201d<\/p>\n","protected":false},"excerpt":{"rendered":"<p>M\u00fcalic\u0259 olunmaq \u00fc\u00e7\u00fcn T\u00fcrkiy\u0259y\u0259 apar\u0131lan azya\u015fl\u0131 v\u0259fat edib. Leykozdan \u0259ziyy\u0259t \u00e7\u0259k\u0259n Eldar \u018fhm\u0259dov T\u00fcrkiy\u0259d\u0259 d\u00fcnyas\u0131n\u0131 d\u0259yi\u015fib. Onun n\u0259\u015fi noyabr\u0131n 5-d\u0259 Bak\u0131ya g\u0259tirilib v\u0259 d\u0259fn edilib. Qeyd ed\u0259k ki, m\u0259rhumun atas\u0131 Pa\u015fa \u018fhm\u0259dov baklardan birind\u0259 \u015f\u00f6b\u0259 r\u0259isi v\u0259zif\u0259sind\u0259 \u00e7al\u0131\u015f\u0131r.\/\/\/\u201cQafqazinfo\u201d<\/p>\n","protected":false},"author":2,"featured_media":532287,"comment_status":"closed","ping_status":"closed","sticky":false,"template":"","format":"standard","meta":{"om_disable_all_campaigns":false,"_monsterinsights_skip_tracking":false,"_monsterinsights_sitenote_active":false,"_monsterinsights_sitenote_note":"","_monsterinsights_sitenote_category":0},"categories":[5],"tags":[],"aioseo_notices":[],"gutentor_comment":0,"rttpg_featured_image_url":{"full":["https:\/\/arantv.az\/wp-content\/uploads\/2022\/11\/0164ca7d9bc0c7c105b53b7cd940ae11.jpg",637,400,false],"landscape":["https:\/\/arantv.az\/wp-content\/uploads\/2022\/11\/0164ca7d9bc0c7c105b53b7cd940ae11.jpg",637,400,false],"portraits":["https:\/\/arantv.az\/wp-content\/uploads\/2022\/11\/0164ca7d9bc0c7c105b53b7cd940ae11.jpg",637,400,false],"thumbnail":["https:\/\/arantv.az\/wp-content\/uploads\/2022\/11\/0164ca7d9bc0c7c105b53b7cd940ae11-500x280.jpg",500,280,true],"medium":["https:\/\/arantv.az\/wp-content\/uploads\/2022\/11\/0164ca7d9bc0c7c105b53b7cd940ae11-581x365.jpg",581,365,true],"large":["https:\/\/arantv.az\/wp-content\/uploads\/2022\/11\/0164ca7d9bc0c7c105b53b7cd940ae11.jpg",637,400,false],"1536x1536":["https:\/\/arantv.az\/wp-content\/uploads\/2022\/11\/0164ca7d9bc0c7c105b53b7cd940ae11.jpg",637,400,false],"2048x2048":["https:\/\/arantv.az\/wp-content\/uploads\/2022\/11\/0164ca7d9bc0c7c105b53b7cd940ae11.jpg",637,400,false],"post-thumbnail":["https:\/\/arantv.az\/wp-content\/uploads\/2022\/11\/0164ca7d9bc0c7c105b53b7cd940ae11-240x172.jpg",240,172,true],"advps-thumb-one":["https:\/\/arantv.az\/wp-content\/uploads\/2022\/11\/0164ca7d9bc0c7c105b53b7cd940ae11.jpg",637,400,false]},"rttpg_author":{"display_name":"V\u00fcsal Rafiqo\u011flu","author_link":"https:\/\/arantv.az\/?author=2"},"rttpg_comment":0,"rttpg_category":"<a href=\"https:\/\/arantv.az\/?cat=5\" rel=\"category\">Hadis\u0259<\/a>","rttpg_excerpt":"M\u00fcalic\u0259 olunmaq \u00fc\u00e7\u00fcn T\u00fcrkiy\u0259y\u0259 apar\u0131lan azya\u015fl\u0131 v\u0259fat edib. Leykozdan \u0259ziyy\u0259t \u00e7\u0259k\u0259n Eldar \u018fhm\u0259dov T\u00fcrkiy\u0259d\u0259 d\u00fcnyas\u0131n\u0131 d\u0259yi\u015fib. Onun n\u0259\u015fi noyabr\u0131n 5-d\u0259 Bak\u0131ya g\u0259tirilib v\u0259 d\u0259fn edilib. Qeyd ed\u0259k ki, m\u0259rhumun atas\u0131 Pa\u015fa \u018fhm\u0259dov baklardan birind\u0259 \u015f\u00f6b\u0259 r\u0259isi v\u0259zif\u0259sind\u0259 \u00e7al\u0131\u015f\u0131r.\/\/\/\u201cQafqazinfo\u201d","_links":{"self":[{"href":"https:\/\/arantv.az\/index.php?rest_route=\/wp\/v2\/posts\/532286"}],"collection":[{"href":"https:\/\/arantv.az\/index.php?rest_route=\/wp\/v2\/posts"}],"about":[{"href":"https:\/\/arantv.az\/index.php?rest_route=\/wp\/v2\/types\/post"}],"author":[{"embeddable":true,"href":"https:\/\/arantv.az\/index.php?rest_route=\/wp\/v2\/users\/2"}],"replies":[{"embeddable":true,"href":"https:\/\/arantv.az\/index.php?rest_route=%2Fwp%2Fv2%2Fcomments&post=532286"}],"version-history":[{"count":0,"href":"https:\/\/arantv.az\/index.php?rest_route=\/wp\/v2\/posts\/532286\/revisions"}],"wp:featuredmedia":[{"embeddable":true,"href":"https:\/\/arantv.az\/index.php?rest_route=\/wp\/v2\/media\/532287"}],"wp:attachment":[{"href":"https:\/\/arantv.az\/index.php?rest_route=%2Fwp%2Fv2%2Fmedia&parent=532286"}],"wp:term":[{"taxonomy":"category","embeddable":true,"href":"https:\/\/arantv.az\/index.php?rest_route=%2Fwp%2Fv2%2Fcategories&post=532286"},{"taxonomy":"post_tag","embeddable":true,"href":"https:\/\/arantv.az\/index.php?rest_route=%2Fwp%2Fv2%2Ftags&post=532286"}],"curies":[{"name":"wp","href":"https:\/\/api.w.org\/{rel}","templated":true}]}}