{"id":532293,"date":"2022-11-07T10:24:11","date_gmt":"2022-11-07T07:24:11","guid":{"rendered":"https:\/\/arantv.az\/?p=532293"},"modified":"2022-11-07T10:24:11","modified_gmt":"2022-11-07T07:24:11","slug":"deputat-lideri-ilham-%c9%99liyev-olan-xalqin-h%c9%99yat-t%c9%99rzind%c9%99-m%c9%99glubiyy%c9%99t-sindromu-yoxdur-foto","status":"publish","type":"post","link":"https:\/\/arantv.az\/?p=532293","title":{"rendered":"Deputat: \u201cLideri \u0130lham \u018fliyev olan xalq\u0131n h\u0259yat t\u0259rzind\u0259 m\u0259\u011flubiyy\u0259t sindromu yoxdur\u201d &#8211; FOTO"},"content":{"rendered":"<p>\u201cTarix insan\u0131n arzu-\u0259m\u0259li il\u0259 nax\u0131\u015flan\u0131r. T\u0259qvimin hans\u0131sa g\u00fcn\u00fcn\u00fc \u015f\u0259r\u0259fl\u0259ndir\u0259n d\u0259,\u00a0k\u0259d\u0259r\u0259 b\u0259l\u0259y\u0259n d\u0259 insand\u0131r. Fikir dahisi\u00a0Helvetsi\u00a0\u201ctarix hadis\u0259l\u0259rin roman\u0131, roman is\u0259 duy\u011fular\u0131n tarixidir\u201d dem\u0259kl\u0259 n\u0259 q\u0259d\u0259r haql\u0131 imi\u015f. Xalq\u0131m\u0131z\u0131n tarixind\u0259\u00a0el\u0259 g\u00fcnl\u0259r, o g\u00fcnl\u0259ri tarix\u0259 yazan el\u0259 hadis\u0259l\u0259r var ki, \u0259b\u0259di ya\u015fayacaq, he\u00e7 vaxt unudulmayacaq\u201d.<\/p>\n<p>Bu s\u00f6zl\u0259ri\u00a0Oxu.Az<strong>&#8211;<\/strong>a a\u00e7\u0131qlamas\u0131nda Milli M\u0259clisin deputat\u0131\u00a0<strong>R\u0259\u015fad Mahmudov<\/strong>\u00a0Ali Ba\u015f Komandan\u0131n tap\u015f\u0131r\u0131qlar\u0131 \u0259sas\u0131nda Az\u0259rbaycan Ordusunun qalibiyy\u0259ti il\u0259 n\u0259tic\u0259l\u0259n\u0259n 44 g\u00fcnl\u00fck V\u0259t\u0259n m\u00fcharib\u0259sinin ikinci ild\u00f6n\u00fcm\u00fc il\u0259 ba\u011fl\u0131 fikirl\u0259rini b\u00f6l\u00fc\u015f\u0259rk\u0259n deyib.<\/p>\n<div class=\"AdviadNativeVideo\"><\/div>\n<p><img src=\"https:\/\/cdn.oxu.az\/uploads\/W1siZiIsIjIwMjIvMTEvMDcvMDkvNTgvMDgvM2E4NzA1NDItMGI1Ni00ZTIzLWI3MjQtMTNjMDEwZTQyZmM4L3Jlcy5qcGciXSxbInAiLCJlbmNvZGUiLCJqcGciLCItcXVhbGl0eSA4MCJdLFsicCIsInRodW1iIiwiNTkweDU5MFx1MDAzZSJdXQ?sha=59d679edd0291009\" alt=\"\" \/><\/p>\n<p>O bildirib ki, tarix\u0259 Z\u0259f\u0259rl\u0259 yaz\u0131lm\u0131\u015f 44 g\u00fcnl\u00fck V\u0259t\u0259n m\u00fcharib\u0259sinin h\u0259r g\u00fcn\u00fc q\u0259hr\u0259manl\u0131q tarixinin parlaq s\u0259hif\u0259sidir. Lakin bu m\u00fcq\u0259dd\u0259s sava\u015f\u0131n taleyini h\u0259ll ed\u0259n, d\u00fc\u015fm\u0259n\u0259 m\u0259\u011flubiyy\u0259tini q\u0259bul etdir\u0259n \u015eu\u015fan\u0131n azad edildiyi 8 Noyabr &#8211; Z\u0259f\u0259r G\u00fcn\u00fc y\u00fcr\u00fc\u015f\u00fcn\u00fcn zirv\u0259 n\u00f6qt\u0259si kimi daha y\u00fcks\u0259k m\u0259na v\u0259 mahiyy\u0259t da\u015f\u0131y\u0131r:<\/p>\n<p>\u201cH\u0259min g\u00fcn tarix\u0259 Ali Ba\u015f Komandan\u00a0<strong>\u0130lham \u018fliyev<\/strong>in 2020-ci il noyabr\u0131n 8-d\u0259 xalqa m\u00fcraci\u0259tind\u0259 s\u00f6yl\u0259diyi \u201c\u018fziz \u015eu\u015fa, s\u0259n azadsan!\u201d xitab\u0131 il\u0259 q\u0131z\u0131l h\u0259rfl\u0259rl\u0259 yaz\u0131ld\u0131. Bu d\u00f6rd s\u00f6z\u00fcn yaratd\u0131\u011f\u0131 t\u0259nt\u0259n\u0259 son y\u00fcz ild\u0259 faci\u0259, soyq\u0131r\u0131m\u0131, i\u015f\u011fal nisgili ya\u015fayan xalqa sonsuz sevinc, q\u00fcrurlu anlar ya\u015fatd\u0131.<\/p>\n<p>Qalib Komandan\u0131n bu tarixi m\u00fcraci\u0259tind\u0259n sonra xalq\u0131m\u0131z\u0131n ya\u015fad\u0131\u011f\u0131 q\u00fcrur v\u0259 sevinc dal\u011fas\u0131 s\u0259ngim\u0259k bilmir. \u00dcst\u00fcnd\u0259n iki il ke\u00e7s\u0259 d\u0259, bu x\u0259b\u0259ri indic\u0259 e\u015fidirmi\u015fik kimi qulaqlar\u0131m\u0131zda el\u0259 hey \u0259ks-s\u0259da verir, y\u00fcz ill\u0259r ke\u00e7s\u0259 d\u0259, eyni q\u00fcrur v\u0259 \u0259z\u0259m\u0259tl\u0259 s\u0259sl\u0259n\u0259c\u0259k. M\u0259n\u0259vi paytaxt\u0131m\u0131z\u0131n d\u00fc\u015fm\u0259nd\u0259n azad edilm\u0259si yaln\u0131z milli ruhumuzun y\u00fcks\u0259li\u015fi deyildi, bu h\u0259m d\u0259\u00a0m\u00fcz\u0259ff\u0259r ordumuzun d\u00fcnya h\u0259rb tarixin\u0259 yazd\u0131\u011f\u0131 yeni bir h\u00fcn\u0259r dastan\u0131 idi.<\/p>\n<p>T\u0259xmin\u0259n, bir q\u0259rin\u0259 \u0259vv\u0259l d\u00fc\u015fm\u0259n\u0259 xainc\u0259sin\u0259 t\u0259slim edil\u0259n \u0259fsan\u0259vi qala \u015f\u0259h\u0259rimiz h\u0259min g\u00fcn \u00f6z do\u011fma sakinl\u0259rin\u0259 yenid\u0259n v\u0259 h\u0259mi\u015f\u0259lik qucaq a\u00e7\u0131rd\u0131. \u015eu\u015fa yad ayaqlar\u0131n tapda\u011f\u0131ndan, \u00fcz\u00fcc\u00fc i\u015f\u011faldan qurtuldu. Bu torpaqda ya\u015fama\u011fa haqq\u0131 olanlar heyr\u0259tamiz bir q\u0259hr\u0259manl\u0131qla, \u0259lb\u0259yaxa d\u00f6y\u00fc\u015fl\u0259, s\u00fcng\u00fc il\u0259 m\u0259d\u0259niyy\u0259t be\u015fiyimizi yadlardan t\u0259mizl\u0259mi\u015fdil\u0259r. H\u0259min g\u00fcn \u015eu\u015fada, i\u015f\u011faldan azad olunan dig\u0259r tarixi torpaqlar\u0131m\u0131zda dal\u011falanan m\u00fcbar\u0259k bayra\u011f\u0131m\u0131z milli heysiyy\u0259timizi v\u0259 qalib \u0259sg\u0259rimizin z\u0259f\u0259rini ali bir t\u0259nt\u0259n\u0259 il\u0259 t\u0259c\u0259ss\u00fcm etdirdi\u201d.<\/p>\n<p>Deputat onu da \u0259lav\u0259 edib ki, qalib Komandan\u0131n bu tarixi g\u00fcnd\u0259 \u015e\u0259hidl\u0259r xiyaban\u0131n\u0131 v\u0259 \u00fcmummilli liderin m\u0259zar\u0131n\u0131 ziyar\u0259t etm\u0259kl\u0259 bu g\u00fcn\u00fcm\u00fcz\u00fcn z\u0259f\u0259r t\u0259nt\u0259n\u0259li ehtiram\u0131n\u0131 d\u00fcn\u0259nimizin \u015f\u0259r\u0259f \u00fcnvanlar\u0131na qovu\u015fdurdu, m\u0259n\u0259vi b\u00fct\u00f6vl\u00fck v\u0259hd\u0259tini yaratd\u0131:<\/p>\n<p>\u201cV\u0259t\u0259n yolunda can ver\u0259n q\u0259hr\u0259manlar\u0131n, Az\u0259rbaycan d\u00f6vl\u0259tinin qurucu liderinin ruhunu \u015fad ed\u0259n Ali Ba\u015f Komandan\u00a0sanki Q\u0259l\u0259b\u0259 hesabat\u0131 verirdi. B\u0259li, unudulmaz Heyd\u0259r \u018fliyevin ordu quruculu\u011fu prosesinin &#8211; h\u0259rbi-siyasi doktrinas\u0131n\u0131n m\u0259ntiqi sonlu\u011funun n\u0259tic\u0259si olaraq Prezident \u0130lham \u018fliyevin s\u0259rk\u0259rd\u0259liyi alt\u0131nda xalq\u0131m\u0131z\u0131n \u0259n \u00f6n\u0259mli arzusu realla\u015fd\u0131, tarixi \u0259dal\u0259t b\u0259rpa olundu.<\/p>\n<p>M\u00fcst\u0259qilliyimizin ilk ill\u0259rind\u0259 yaranm\u0131\u015f xaos, siyasi b\u00f6hran, u\u011fursuzluq t\u0259kc\u0259 daxili, xarici siyas\u0259td\u0259 deyil, b\u00fct\u00fcn c\u0259bh\u0259 boyu a\u011f\u0131r izl\u0259r qoymu\u015fdu. \u00d6lk\u0259d\u0259 vahid ordu komandanl\u0131\u011f\u0131n\u0131n olmamas\u0131, m\u00fcdafi\u0259 sistemi r\u0259hb\u0259rliyinin na\u015f\u0131, qeyri-pe\u015f\u0259kar insanlara h\u0259val\u0259 olunmas\u0131 faci\u0259l\u0259rl\u0259 n\u0259tic\u0259l\u0259nmi\u015f, \u00f6lk\u0259mizin 20 faiz torpa\u011f\u0131 i\u015f\u011fal olunmu\u015fdu, bir milyon soyda\u015f\u0131m\u0131z do\u011fma yurdundan uzaq d\u00fc\u015f\u0259r\u0259k \u00f6z V\u0259t\u0259nind\u0259 qa\u00e7q\u0131n-k\u00f6\u00e7k\u00fcn\u0259 \u00e7evrilmi\u015fdi. \u018fn d\u0259h\u015f\u0259tlisi is\u0259, \u00f6t\u0259n \u0259srin m\u00fcdhi\u015f Xocal\u0131 faci\u0259sini ya\u015fam\u0131\u015fd\u0131q. Xocal\u0131 faci\u0259si onu g\u00f6st\u0259rirdi ki, d\u00fc\u015fm\u0259nin xain iddias\u0131 t\u0259kc\u0259 torpaqlar\u0131m\u0131z\u0131n i\u015f\u011fal\u0131 deyil, h\u0259m d\u0259 xalq\u0131m\u0131z\u0131 soyq\u0131r\u0131m\u0131ndan ke\u00e7irm\u0259k, Yer \u00fcz\u00fcnd\u0259n silm\u0259kdir.<\/p>\n<p>B\u00fct\u00fcn bunlar az imi\u015f kimi, 30 il torpaqlar\u0131m\u0131z\u0131 i\u015f\u011fal alt\u0131nda saxlayan nankor qon\u015fular\u0131m\u0131z beyn\u0259lxalq h\u00fcququn normalar\u0131na, r\u0259smi Bak\u0131n\u0131n bar\u0131\u015f siyas\u0259tin\u0259 m\u0259h\u0259l\u00a0qoymayaraq t\u0259hdid dolu b\u0259yanatlar verm\u0259kd\u0259n \u00e7\u0259kinmir, yeni torpaq iddialar\u0131 s\u0259sl\u0259ndirirdi. 2020-ci ilin yay\u0131nda Erm\u0259nistan silahl\u0131 q\u00fcvv\u0259l\u0259ri c\u0259bh\u0259 x\u0259ttind\u0259 m\u00f6vqel\u0259rimiz\u0259 h\u00fccum ed\u0259r\u0259k Tovuz v\u0259 dig\u0259r istiqam\u0259td\u0259 t\u0259xribatlar t\u00f6r\u0259tdil\u0259r. Beyn\u0259lxalq t\u0259\u015fkilatlar, problemi h\u0259ll etm\u0259yi \u00f6hd\u0259sin\u0259 g\u00f6t\u00fcrm\u00fc\u015f AT\u018fT-in ke\u00e7mi\u015f Minsk qrupu, h\u0259ms\u0259dr \u00f6lk\u0259l\u0259r erm\u0259ni h\u0259rbi-siyasi r\u0259hb\u0259rliyinin birba\u015fa tap\u015f\u0131r\u0131\u011f\u0131\u00a0 il\u0259 t\u00f6r\u0259dilmi\u015f geni\u015fmiqyasl\u0131 t\u0259xribatlara s\u0259ssiz qald\u0131lar.<\/p>\n<p>Bel\u0259 olan v\u0259ziyy\u0259td\u0259 \u00f6lk\u0259miz \u00f6z suveren h\u00fcquqlar\u0131n\u0131n m\u00fcdafi\u0259sin\u0259 qalxaraq haqq sava\u015f\u0131n\u0131 q\u0259tiyy\u0259tl\u0259 ba\u015fa \u00e7atd\u0131rd\u0131. H\u0259rbi m\u00fct\u0259x\u0259ssisl\u0259rin, ekspertl\u0259rin ke\u00e7ilm\u0259z-a\u015f\u0131lmaz sayd\u0131qlar\u0131 d\u00fc\u015fm\u0259n s\u0259dl\u0259ri bir h\u0259ml\u0259 il\u0259 da\u011f\u0131d\u0131ld\u0131,\u00a0q\u00fcdr\u0259tli ordumuz insanl\u0131q simas\u0131n\u0131 itirmi\u015f d\u00fc\u015fm\u0259ni diz \u00e7\u00f6kd\u00fcr\u0259r\u0259k q\u0259l\u0259b\u0259nin \u015eu\u015fa zirv\u0259sini f\u0259th etdi. Bel\u0259likl\u0259, Ali Ba\u015f Komandan \u0130lham \u018fliyevin r\u0259hb\u0259rliyi alt\u0131nda erm\u0259ni ordusunun qal\u0131qlar\u0131 f\u0259rari kimi d\u00f6y\u00fc\u015f meydan\u0131ndan qa\u00e7d\u0131. V\u0259t\u0259n azad olundu, \u00fcmumxalq nisgili bitdi, \u00f6lk\u0259 bayrama q\u0259rq oldu.<\/p>\n<p>Az\u0259rbaycan Ordusunun apard\u0131\u011f\u0131 z\u0259f\u0259r \u0259m\u0259liyyat\u0131 d\u00fc\u015fm\u0259n\u0259 t\u0259slim olmaqdan ba\u015fqa se\u00e7im buraxmad\u0131. Noyabr\u0131n 10-da r\u0259zil hala sald\u0131\u011f\u0131m\u0131z Erm\u0259nistan kapitulyasiya akt\u0131na imza atma\u011fa m\u0259cbur oldu. \u0130mzalanan b\u0259yanata \u0259sas\u0259n, A\u011fdam, K\u0259lb\u0259c\u0259r, La\u00e7\u0131n rayonlar\u0131 bir g\u00fcll\u0259 at\u0131lmadan, qan t\u00f6k\u00fclm\u0259d\u0259n bo\u015fald\u0131ld\u0131. Ozamank\u0131 h\u0259rbi situasiyaya g\u00f6r\u0259 Az\u0259rbaycan Ordusu d\u00fc\u015fm\u0259nin h\u0259rbi birlikl\u0259rinin qal\u0131qlar\u0131n\u0131 m\u00fchasir\u0259y\u0259 sal\u0131b m\u0259hv etm\u0259k imkan\u0131nda idi. Amma r\u0259smi Bak\u0131 yen\u0259 d\u0259 humanizm prinsipl\u0259rin\u0259 sadiq qalaraq s\u00fclh\u00fc \u00fcst\u00fcn tutdu.<\/p>\n<p>10 Noyabr s\u0259n\u0259di Az\u0259rbaycan\u0131n tam \u015f\u0259kild\u0259 q\u0259l\u0259b\u0259sini r\u0259smil\u0259\u015fdirm\u0259kl\u0259 Erm\u0259nistan\u0131n i\u015f\u011fal\u00e7\u0131 d\u00f6vl\u0259t olaraq m\u0259\u011flubiyy\u0259tini t\u0259sdiql\u0259di, 30 illik i\u015f\u011fala n\u00f6qt\u0259 qoydu. 1918-ci ilin\u00a028 may\u0131 birinci, 1991-ci ilin 18 oktyabr\u0131 is\u0259 ikinci d\u0259f\u0259 istiqlal\u0131m\u0131z\u0131 d\u00fcnyaya elan etdiyi kimi, 8 noyabr da m\u00fcst\u0259qilliyimizin m\u0259kan\u0131 olan V\u0259t\u0259n torpaqlar\u0131n\u0131n b\u00fct\u00f6vl\u00fcy\u00fcn\u00fc t\u0259min etdi. \u00c7a\u011fda\u015f tariximiz\u0259 Z\u0259f\u0259r kimi \u015fanl\u0131 bir g\u00fcn yaz\u0131ld\u0131.<\/p>\n<p>M\u0259suliyy\u0259tsiz, g\u00fcl\u00fcnc b\u0259yanatlar\u0131 il\u0259 h\u0259rbi-siyasi \u015fou d\u00fcz\u0259ld\u0259n erm\u0259ni r\u0259hb\u0259rliyi\u00a0 Az\u0259rbaycan\u0131n Prezident-Ordu-Xalq birliyinin r\u0259mzin\u0259 \u00e7evrilmi\u015f \u201cD\u0259mir yumru\u011f\u201dun\u00a0v\u0259hd\u0259ti qar\u015f\u0131s\u0131nda miskin, \u00e7ar\u0259siz duruma d\u00fc\u015fd\u00fc. Xarizmatik liderin, vahid irad\u0259li xalq\u0131n, q\u0259hr\u0259man ordunun\u00a0g\u00fcc\u00fcn\u00fc g\u00f6r\u0259n d\u00fc\u015fm\u0259n q\u00fcvv\u0259l\u0259r d\u0259 \u00e7ar\u0259siz qald\u0131lar. Anlad\u0131lar ki, lideri \u0130lham \u018fliyev olan xalq v\u0259 onun ordusunun h\u0259yat t\u0259rzind\u0259 m\u0259\u011flubiyy\u0259t\u00a0sindromu yoxdur \u2013 bu xalq lideri il\u0259 z\u0259f\u0259r yol\u00e7usudur.<\/p>\n<p>He\u00e7 bir t\u0259hdid, h\u0259r hans\u0131 bir q\u00fcvv\u0259 bu birliy\u0259 mane ola bilm\u0259z. Nec\u0259 ki, ikifikirli d\u00fcnya, erm\u0259nip\u0259r\u0259st \u00f6lk\u0259l\u0259r bunu bacarmad\u0131lar. \u00c7\u00fcnki biz haql\u0131 olma\u011f\u0131m\u0131zla g\u00fccl\u00fc idik. Bu miskin t\u00f6r-t\u00f6k\u00fcnt\u00fcl\u0259rin \u0259cdadlar\u0131\u00a0bir zamanlar istiqlal sava\u015f\u0131nda qalib g\u0259l\u0259n qarda\u015f T\u00fcrkiy\u0259y\u0259 qar\u015f\u0131 da eyni m\u00fcnasib\u0259t s\u0259rgil\u0259mi\u015fdil\u0259r. \u00d6t\u0259n \u0259srin \u0259vv\u0259lind\u0259 t\u00fcrk soyuna d\u00fc\u015fm\u0259n k\u0259sil\u0259n b\u0259dxah q\u00fcvv\u0259l\u0259r b\u00f6y\u00fck Atat\u00fcrk\u00fcn, m\u00fcasir tariximizd\u0259 is\u0259 ox\u015far ssenari il\u0259 Prezident \u0130lham \u018fliyevin liderliyi qar\u015f\u0131s\u0131nda duru\u015f g\u0259tir\u0259 bilm\u0259dil\u0259r. Atat\u00fcrk\u00fcn s\u0259rk\u0259rd\u0259liyi q\u00fcdr\u0259tli T\u00fcrkiy\u0259 C\u00fcmhuriyy\u0259tinin qurulmas\u0131 il\u0259 n\u0259tic\u0259l\u0259ndi. Ulu \u00f6nd\u0259r Heyd\u0259r \u018fliyevin\u00a0 misilsiz xilaskarl\u0131q missiyas\u0131 il\u0259 Prezident \u0130lham \u018fliyev tarixd\u0259 ilk d\u0259f\u0259 itirilmi\u015f \u0259razil\u0259ri geri qaytararaq Az\u0259rbaycan\u0131 b\u00fct\u00f6vl\u0259\u015fdirdi. Tarix\u0259 yeni bir h\u00fcn\u0259r salnam\u0259si yaz\u0131ld\u0131.<\/p>\n<p>Z\u0259f\u0259r sava\u015f\u0131 il\u0259 Prezident \u0130lham \u018fliyev m\u00fcasir Az\u0259rbaycan tarixinin q\u0259hr\u0259manl\u0131q roman\u0131n\u0131 yazd\u0131 v\u0259 \u00f6z\u00fc d\u0259 bu m\u00fcq\u0259dd\u0259s \u0259s\u0259rin ba\u015f q\u0259hr\u0259man\u0131 oldu. Art\u0131q xalq\u0131m\u0131z h\u0259yat\u0131n\u0131n \u0259n xo\u015fb\u0259xt g\u00fcnl\u0259rini ya\u015fay\u0131r. \u00d6lk\u0259miz q\u00fcdr\u0259tli, V\u0259t\u0259nimiz b\u00fct\u00f6v v\u0259 azadd\u0131r.<\/p>\n<p>Biz\u0259 bu sevinci ya\u015fadan \u0259ziz \u015f\u0259hidl\u0259rimizin, m\u00fcharib\u0259 i\u015ftirak\u00e7\u0131lar\u0131n\u0131n, qazil\u0259rinin xidm\u0259tl\u0259ri dan\u0131lmazd\u0131r. D\u00fcn\u0259n h\u0259sr\u0259tl\u0259, k\u0259d\u0259rl\u0259 baxd\u0131\u011f\u0131m\u0131z torpaqlar\u0131m\u0131z bu g\u00fcn quruculuq meydan\u0131na \u00e7evrilib. \u201cB\u00f6y\u00fck qay\u0131d\u0131\u015f\u201d yolunda Qaraba\u011fa k\u00f6\u00e7\u00a0ba\u015flay\u0131b v\u0259 proses u\u011furla davam edir.<\/p>\n<p>M\u0259cburi k\u00f6\u00e7k\u00fcn olan\u00a0soyda\u015flar\u0131m\u0131z\u0131n d\u0259d\u0259-baba torpaqlar\u0131nda rahat ya\u015famaq arzusu realla\u015f\u0131b. Biz yenid\u0259n Qaraba\u011fday\u0131q. Qaraba\u011f is\u0259 h\u0259mi\u015f\u0259ki kimi yen\u0259 Az\u0259rbaycand\u0131r\u201d.<\/p>\n","protected":false},"excerpt":{"rendered":"<p>\u201cTarix insan\u0131n arzu-\u0259m\u0259li il\u0259 nax\u0131\u015flan\u0131r. T\u0259qvimin hans\u0131sa g\u00fcn\u00fcn\u00fc \u015f\u0259r\u0259fl\u0259ndir\u0259n d\u0259,\u00a0k\u0259d\u0259r\u0259 b\u0259l\u0259y\u0259n d\u0259 insand\u0131r. Fikir dahisi\u00a0Helvetsi\u00a0\u201ctarix hadis\u0259l\u0259rin roman\u0131, roman is\u0259 duy\u011fular\u0131n tarixidir\u201d dem\u0259kl\u0259 n\u0259 q\u0259d\u0259r haql\u0131 imi\u015f. Xalq\u0131m\u0131z\u0131n tarixind\u0259\u00a0el\u0259 g\u00fcnl\u0259r, o g\u00fcnl\u0259ri tarix\u0259 yazan el\u0259 hadis\u0259l\u0259r var ki, \u0259b\u0259di ya\u015fayacaq, he\u00e7 vaxt unudulmayacaq\u201d. Bu s\u00f6zl\u0259ri\u00a0Oxu.Az&#8211;a a\u00e7\u0131qlamas\u0131nda Milli M\u0259clisin deputat\u0131\u00a0R\u0259\u015fad Mahmudov\u00a0Ali Ba\u015f Komandan\u0131n tap\u015f\u0131r\u0131qlar\u0131 \u0259sas\u0131nda Az\u0259rbaycan Ordusunun qalibiyy\u0259ti il\u0259 n\u0259tic\u0259l\u0259n\u0259n 44 g\u00fcnl\u00fck V\u0259t\u0259n m\u00fcharib\u0259sinin ikinci ild\u00f6n\u00fcm\u00fc il\u0259 ba\u011fl\u0131 fikirl\u0259rini b\u00f6l\u00fc\u015f\u0259rk\u0259n deyib. O bildirib ki, tarix\u0259 Z\u0259f\u0259rl\u0259 yaz\u0131lm\u0131\u015f 44 g\u00fcnl\u00fck V\u0259t\u0259n m\u00fcharib\u0259sinin h\u0259r g\u00fcn\u00fc q\u0259hr\u0259manl\u0131q tarixinin parlaq s\u0259hif\u0259sidir. Lakin bu m\u00fcq\u0259dd\u0259s sava\u015f\u0131n taleyini&hellip;<\/p>\n","protected":false},"author":2,"featured_media":532294,"comment_status":"closed","ping_status":"closed","sticky":false,"template":"","format":"standard","meta":{"om_disable_all_campaigns":false,"_monsterinsights_skip_tracking":false,"_monsterinsights_sitenote_active":false,"_monsterinsights_sitenote_note":"","_monsterinsights_sitenote_category":0},"categories":[4],"tags":[],"aioseo_notices":[],"gutentor_comment":0,"rttpg_featured_image_url":{"full":["https:\/\/arantv.az\/wp-content\/uploads\/2022\/11\/FotoJet-1-3.jpg",620,413,false],"landscape":["https:\/\/arantv.az\/wp-content\/uploads\/2022\/11\/FotoJet-1-3.jpg",620,413,false],"portraits":["https:\/\/arantv.az\/wp-content\/uploads\/2022\/11\/FotoJet-1-3.jpg",620,413,false],"thumbnail":["https:\/\/arantv.az\/wp-content\/uploads\/2022\/11\/FotoJet-1-3-500x280.jpg",500,280,true],"medium":["https:\/\/arantv.az\/wp-content\/uploads\/2022\/11\/FotoJet-1-3-548x365.jpg",548,365,true],"large":["https:\/\/arantv.az\/wp-content\/uploads\/2022\/11\/FotoJet-1-3.jpg",620,413,false],"1536x1536":["https:\/\/arantv.az\/wp-content\/uploads\/2022\/11\/FotoJet-1-3.jpg",620,413,false],"2048x2048":["https:\/\/arantv.az\/wp-content\/uploads\/2022\/11\/FotoJet-1-3.jpg",620,413,false],"post-thumbnail":["https:\/\/arantv.az\/wp-content\/uploads\/2022\/11\/FotoJet-1-3-240x172.jpg",240,172,true],"advps-thumb-one":["https:\/\/arantv.az\/wp-content\/uploads\/2022\/11\/FotoJet-1-3.jpg",620,413,false]},"rttpg_author":{"display_name":"V\u00fcsal Rafiqo\u011flu","author_link":"https:\/\/arantv.az\/?author=2"},"rttpg_comment":0,"rttpg_category":"<a href=\"https:\/\/arantv.az\/?cat=4\" rel=\"category\">Siyas\u0259t<\/a>","rttpg_excerpt":"\u201cTarix insan\u0131n arzu-\u0259m\u0259li il\u0259 nax\u0131\u015flan\u0131r. T\u0259qvimin hans\u0131sa g\u00fcn\u00fcn\u00fc \u015f\u0259r\u0259fl\u0259ndir\u0259n d\u0259,\u00a0k\u0259d\u0259r\u0259 b\u0259l\u0259y\u0259n d\u0259 insand\u0131r. Fikir dahisi\u00a0Helvetsi\u00a0\u201ctarix hadis\u0259l\u0259rin roman\u0131, roman is\u0259 duy\u011fular\u0131n tarixidir\u201d dem\u0259kl\u0259 n\u0259 q\u0259d\u0259r haql\u0131 imi\u015f. Xalq\u0131m\u0131z\u0131n tarixind\u0259\u00a0el\u0259 g\u00fcnl\u0259r, o g\u00fcnl\u0259ri tarix\u0259 yazan el\u0259 hadis\u0259l\u0259r var ki, \u0259b\u0259di ya\u015fayacaq, he\u00e7 vaxt unudulmayacaq\u201d. Bu s\u00f6zl\u0259ri\u00a0Oxu.Az&#8211;a a\u00e7\u0131qlamas\u0131nda Milli M\u0259clisin deputat\u0131\u00a0R\u0259\u015fad Mahmudov\u00a0Ali Ba\u015f Komandan\u0131n tap\u015f\u0131r\u0131qlar\u0131 \u0259sas\u0131nda Az\u0259rbaycan Ordusunun&hellip;","_links":{"self":[{"href":"https:\/\/arantv.az\/index.php?rest_route=\/wp\/v2\/posts\/532293"}],"collection":[{"href":"https:\/\/arantv.az\/index.php?rest_route=\/wp\/v2\/posts"}],"about":[{"href":"https:\/\/arantv.az\/index.php?rest_route=\/wp\/v2\/types\/post"}],"author":[{"embeddable":true,"href":"https:\/\/arantv.az\/index.php?rest_route=\/wp\/v2\/users\/2"}],"replies":[{"embeddable":true,"href":"https:\/\/arantv.az\/index.php?rest_route=%2Fwp%2Fv2%2Fcomments&post=532293"}],"version-history":[{"count":0,"href":"https:\/\/arantv.az\/index.php?rest_route=\/wp\/v2\/posts\/532293\/revisions"}],"wp:featuredmedia":[{"embeddable":true,"href":"https:\/\/arantv.az\/index.php?rest_route=\/wp\/v2\/media\/532294"}],"wp:attachment":[{"href":"https:\/\/arantv.az\/index.php?rest_route=%2Fwp%2Fv2%2Fmedia&parent=532293"}],"wp:term":[{"taxonomy":"category","embeddable":true,"href":"https:\/\/arantv.az\/index.php?rest_route=%2Fwp%2Fv2%2Fcategories&post=532293"},{"taxonomy":"post_tag","embeddable":true,"href":"https:\/\/arantv.az\/index.php?rest_route=%2Fwp%2Fv2%2Ftags&post=532293"}],"curies":[{"name":"wp","href":"https:\/\/api.w.org\/{rel}","templated":true}]}}