{"id":53298,"date":"2019-04-26T15:33:08","date_gmt":"2019-04-26T12:33:08","guid":{"rendered":"http:\/\/arantv.az\/?p=53298"},"modified":"2019-04-26T15:33:08","modified_gmt":"2019-04-26T12:33:08","slug":"polisd%c9%99n-fahis%c9%99l%c9%99r%c9%99-qarsi-%c9%99m%c9%99liyyat-tutulanlar-arasinda-muh%c9%99ndis-d%c9%99-varvideo","status":"publish","type":"post","link":"https:\/\/arantv.az\/?p=53298","title":{"rendered":"Polisd\u0259n fahi\u015f\u0259l\u0259r\u0259 qar\u015f\u0131 \u0259m\u0259liyyat: Tutulanlar aras\u0131nda m\u00fch\u0259ndis d\u0259 var+V\u0130DEO"},"content":{"rendered":"<p>T\u00fcrkiy\u0259 polisi paytaxta fahi\u015f\u0259lik xidm\u0259ti g\u00f6st\u0259r\u0259n qad\u0131nalara qar\u015f\u0131 \u0259m\u0259liyyat ke\u00e7irib.<\/p>\n<p><b>ARANTV.AZ\u00a0<\/b>\u00a0Oxu24.com-a istinad\u0259n x\u0259b\u0259r verir ki, saxlan\u0131lanq ad\u0131nlardan 4 n\u0259f\u0259ri xarici \u00f6lk\u0259 v\u0259t\u0259nda\u015flar\u0131d\u0131r. Onlar\u0131n aras\u0131nda m\u00fch\u0259ndis v\u0259 iqtisad\u00e7\u0131 da var. \u018fm\u0259liyyat\u0131n videosunu t\u0259qdim edirik :<\/p>\n<p>H\u0259m\u00e7inin oxu: Kiray\u0259 tutdu\u011fu evd\u0259 fahi\u015f\u0259lik g\u00f6st\u0259r\u0259n az\u0259rbaycanl\u0131 qad\u0131n tutuldu- REAL KADRLAR<\/p>\n<div class=\"embed-responsive embed-responsive-16by9\"><iframe loading=\"lazy\" id=\"nmqembedid\" class=\"embed-responsive-item\" title=\"video player\" src=\"https:\/\/izle.az\/embed\/S6qwNTM0NLYEAA~~\" width=\"600\" height=\"340\" frameborder=\"0\" scrolling=\"no\" allowfullscreen=\"allowfullscreen\" data-mce-fragment=\"1\"><\/iframe><\/div>\n<div class=\"datespan clearfix\"><\/div>\n","protected":false},"excerpt":{"rendered":"<p>T\u00fcrkiy\u0259 polisi paytaxta fahi\u015f\u0259lik xidm\u0259ti g\u00f6st\u0259r\u0259n qad\u0131nalara qar\u015f\u0131 \u0259m\u0259liyyat ke\u00e7irib. ARANTV.AZ\u00a0\u00a0Oxu24.com-a istinad\u0259n x\u0259b\u0259r verir ki, saxlan\u0131lanq ad\u0131nlardan 4 n\u0259f\u0259ri xarici \u00f6lk\u0259 v\u0259t\u0259nda\u015flar\u0131d\u0131r. Onlar\u0131n aras\u0131nda m\u00fch\u0259ndis v\u0259 iqtisad\u00e7\u0131 da var. \u018fm\u0259liyyat\u0131n videosunu t\u0259qdim edirik : H\u0259m\u00e7inin oxu: Kiray\u0259 tutdu\u011fu evd\u0259 fahi\u015f\u0259lik g\u00f6st\u0259r\u0259n az\u0259rbaycanl\u0131 qad\u0131n tutuldu- REAL KADRLAR<\/p>\n","protected":false},"author":2,"featured_media":53299,"comment_status":"closed","ping_status":"closed","sticky":false,"template":"","format":"standard","meta":{"om_disable_all_campaigns":false,"_monsterinsights_skip_tracking":false,"_monsterinsights_sitenote_active":false,"_monsterinsights_sitenote_note":"","_monsterinsights_sitenote_category":0},"categories":[7],"tags":[],"aioseo_notices":[],"gutentor_comment":0,"rttpg_featured_image_url":{"full":["https:\/\/arantv.az\/wp-content\/uploads\/2019\/04\/1556277433_sanliurfa-da-fuhus-operasyonu-5-gozalti-2-11987783_o.jpg",549,366,false],"landscape":["https:\/\/arantv.az\/wp-content\/uploads\/2019\/04\/1556277433_sanliurfa-da-fuhus-operasyonu-5-gozalti-2-11987783_o.jpg",549,366,false],"portraits":["https:\/\/arantv.az\/wp-content\/uploads\/2019\/04\/1556277433_sanliurfa-da-fuhus-operasyonu-5-gozalti-2-11987783_o.jpg",549,366,false],"thumbnail":["https:\/\/arantv.az\/wp-content\/uploads\/2019\/04\/1556277433_sanliurfa-da-fuhus-operasyonu-5-gozalti-2-11987783_o-150x150.jpg",150,150,true],"medium":["https:\/\/arantv.az\/wp-content\/uploads\/2019\/04\/1556277433_sanliurfa-da-fuhus-operasyonu-5-gozalti-2-11987783_o-300x200.jpg",300,200,true],"large":["https:\/\/arantv.az\/wp-content\/uploads\/2019\/04\/1556277433_sanliurfa-da-fuhus-operasyonu-5-gozalti-2-11987783_o.jpg",549,366,false],"1536x1536":["https:\/\/arantv.az\/wp-content\/uploads\/2019\/04\/1556277433_sanliurfa-da-fuhus-operasyonu-5-gozalti-2-11987783_o.jpg",549,366,false],"2048x2048":["https:\/\/arantv.az\/wp-content\/uploads\/2019\/04\/1556277433_sanliurfa-da-fuhus-operasyonu-5-gozalti-2-11987783_o.jpg",549,366,false],"post-thumbnail":["https:\/\/arantv.az\/wp-content\/uploads\/2019\/04\/1556277433_sanliurfa-da-fuhus-operasyonu-5-gozalti-2-11987783_o-240x172.jpg",240,172,true],"advps-thumb-one":["https:\/\/arantv.az\/wp-content\/uploads\/2019\/04\/1556277433_sanliurfa-da-fuhus-operasyonu-5-gozalti-2-11987783_o.jpg",549,366,false]},"rttpg_author":{"display_name":"V\u00fcsal Rafiqo\u011flu","author_link":"https:\/\/arantv.az\/?author=2"},"rttpg_comment":0,"rttpg_category":"<a href=\"https:\/\/arantv.az\/?cat=7\" rel=\"category\">D\u00fcnya<\/a>","rttpg_excerpt":"T\u00fcrkiy\u0259 polisi paytaxta fahi\u015f\u0259lik xidm\u0259ti g\u00f6st\u0259r\u0259n qad\u0131nalara qar\u015f\u0131 \u0259m\u0259liyyat ke\u00e7irib. ARANTV.AZ\u00a0\u00a0Oxu24.com-a istinad\u0259n x\u0259b\u0259r verir ki, saxlan\u0131lanq ad\u0131nlardan 4 n\u0259f\u0259ri xarici \u00f6lk\u0259 v\u0259t\u0259nda\u015flar\u0131d\u0131r. Onlar\u0131n aras\u0131nda m\u00fch\u0259ndis v\u0259 iqtisad\u00e7\u0131 da var. \u018fm\u0259liyyat\u0131n videosunu t\u0259qdim edirik : H\u0259m\u00e7inin oxu: Kiray\u0259 tutdu\u011fu evd\u0259 fahi\u015f\u0259lik g\u00f6st\u0259r\u0259n az\u0259rbaycanl\u0131 qad\u0131n tutuldu- REAL KADRLAR","_links":{"self":[{"href":"https:\/\/arantv.az\/index.php?rest_route=\/wp\/v2\/posts\/53298"}],"collection":[{"href":"https:\/\/arantv.az\/index.php?rest_route=\/wp\/v2\/posts"}],"about":[{"href":"https:\/\/arantv.az\/index.php?rest_route=\/wp\/v2\/types\/post"}],"author":[{"embeddable":true,"href":"https:\/\/arantv.az\/index.php?rest_route=\/wp\/v2\/users\/2"}],"replies":[{"embeddable":true,"href":"https:\/\/arantv.az\/index.php?rest_route=%2Fwp%2Fv2%2Fcomments&post=53298"}],"version-history":[{"count":0,"href":"https:\/\/arantv.az\/index.php?rest_route=\/wp\/v2\/posts\/53298\/revisions"}],"wp:featuredmedia":[{"embeddable":true,"href":"https:\/\/arantv.az\/index.php?rest_route=\/wp\/v2\/media\/53299"}],"wp:attachment":[{"href":"https:\/\/arantv.az\/index.php?rest_route=%2Fwp%2Fv2%2Fmedia&parent=53298"}],"wp:term":[{"taxonomy":"category","embeddable":true,"href":"https:\/\/arantv.az\/index.php?rest_route=%2Fwp%2Fv2%2Fcategories&post=53298"},{"taxonomy":"post_tag","embeddable":true,"href":"https:\/\/arantv.az\/index.php?rest_route=%2Fwp%2Fv2%2Ftags&post=53298"}],"curies":[{"name":"wp","href":"https:\/\/api.w.org\/{rel}","templated":true}]}}