{"id":53304,"date":"2019-04-26T16:02:53","date_gmt":"2019-04-26T13:02:53","guid":{"rendered":"http:\/\/arantv.az\/?p=53304"},"modified":"2019-04-26T16:02:53","modified_gmt":"2019-04-26T13:02:53","slug":"b%c9%99rd%c9%99d%c9%99-bazarda-d%c9%99hs%c9%99t-kababci-mill%c9%99tin-ic%c9%99risind%c9%99-oldufoto","status":"publish","type":"post","link":"https:\/\/arantv.az\/?p=53304","title":{"rendered":"B\u0259rd\u0259d\u0259 bazarda d\u0259h\u015f\u0259t! Kabab\u00e7\u0131 mill\u0259tin i\u00e7\u0259risind\u0259 \u00f6ld\u00fc+FOTO"},"content":{"rendered":"<p>B\u0259rd\u0259 rayonunda yerl\u0259\u015f\u0259n &#8220;T\u0259z\u0259 bazar&#8221;da \u00f6l\u00fcm hadis\u0259si ba\u015f verib.<\/p>\n<p><b>ARANTV.AZ-\u0131n<\/b> m\u0259lumat\u0131na g\u00f6r\u0259, 1965-ci il t\u0259v\u0259ll\u00fcdl\u00fc Tahir Qas\u0131m o\u011flu A\u011fayev anid\u0259n y\u0131x\u0131l\u0131b v\u0259 yerind\u0259c\u0259 ke\u00e7inib. Onun \u00fcr\u0259k \u00e7at\u0131\u015fmazl\u0131\u011f\u0131ndan \u00f6ld\u00fcy\u00fc ehtimal edilir.<\/p>\n<p>T.A\u011fayev bazarda kabab\u00e7\u0131 i\u015fl\u0259yirmi\u015f.<\/p>\n<p>Faktla ba\u011fl\u0131 ara\u015fd\u0131rma apar\u0131l\u0131r.Sonxeber.az<\/p>\n","protected":false},"excerpt":{"rendered":"<p>B\u0259rd\u0259 rayonunda yerl\u0259\u015f\u0259n &#8220;T\u0259z\u0259 bazar&#8221;da \u00f6l\u00fcm hadis\u0259si ba\u015f verib. ARANTV.AZ-\u0131n m\u0259lumat\u0131na g\u00f6r\u0259, 1965-ci il t\u0259v\u0259ll\u00fcdl\u00fc Tahir Qas\u0131m o\u011flu A\u011fayev anid\u0259n y\u0131x\u0131l\u0131b v\u0259 yerind\u0259c\u0259 ke\u00e7inib. Onun \u00fcr\u0259k \u00e7at\u0131\u015fmazl\u0131\u011f\u0131ndan \u00f6ld\u00fcy\u00fc ehtimal edilir. T.A\u011fayev bazarda kabab\u00e7\u0131 i\u015fl\u0259yirmi\u015f. Faktla ba\u011fl\u0131 ara\u015fd\u0131rma apar\u0131l\u0131r.Sonxeber.az<\/p>\n","protected":false},"author":2,"featured_media":53305,"comment_status":"closed","ping_status":"closed","sticky":false,"template":"","format":"standard","meta":{"om_disable_all_campaigns":false,"_monsterinsights_skip_tracking":false,"_monsterinsights_sitenote_active":false,"_monsterinsights_sitenote_note":"","_monsterinsights_sitenote_category":0},"categories":[5,2],"tags":[],"aioseo_notices":[],"gutentor_comment":0,"rttpg_featured_image_url":{"full":["https:\/\/arantv.az\/wp-content\/uploads\/2019\/04\/1556281337_8144301c-6f45-4072-8f91-b393b2ee7f68.jpg",548,290,false],"landscape":["https:\/\/arantv.az\/wp-content\/uploads\/2019\/04\/1556281337_8144301c-6f45-4072-8f91-b393b2ee7f68.jpg",548,290,false],"portraits":["https:\/\/arantv.az\/wp-content\/uploads\/2019\/04\/1556281337_8144301c-6f45-4072-8f91-b393b2ee7f68.jpg",548,290,false],"thumbnail":["https:\/\/arantv.az\/wp-content\/uploads\/2019\/04\/1556281337_8144301c-6f45-4072-8f91-b393b2ee7f68-150x150.jpg",150,150,true],"medium":["https:\/\/arantv.az\/wp-content\/uploads\/2019\/04\/1556281337_8144301c-6f45-4072-8f91-b393b2ee7f68-300x159.jpg",300,159,true],"large":["https:\/\/arantv.az\/wp-content\/uploads\/2019\/04\/1556281337_8144301c-6f45-4072-8f91-b393b2ee7f68.jpg",548,290,false],"1536x1536":["https:\/\/arantv.az\/wp-content\/uploads\/2019\/04\/1556281337_8144301c-6f45-4072-8f91-b393b2ee7f68.jpg",548,290,false],"2048x2048":["https:\/\/arantv.az\/wp-content\/uploads\/2019\/04\/1556281337_8144301c-6f45-4072-8f91-b393b2ee7f68.jpg",548,290,false],"post-thumbnail":["https:\/\/arantv.az\/wp-content\/uploads\/2019\/04\/1556281337_8144301c-6f45-4072-8f91-b393b2ee7f68-240x172.jpg",240,172,true],"advps-thumb-one":["https:\/\/arantv.az\/wp-content\/uploads\/2019\/04\/1556281337_8144301c-6f45-4072-8f91-b393b2ee7f68.jpg",548,290,false]},"rttpg_author":{"display_name":"V\u00fcsal Rafiqo\u011flu","author_link":"https:\/\/arantv.az\/?author=2"},"rttpg_comment":0,"rttpg_category":"<a href=\"https:\/\/arantv.az\/?cat=5\" rel=\"category\">Hadis\u0259<\/a> <a href=\"https:\/\/arantv.az\/?cat=2\" rel=\"category\">Region X\u0259b\u0259rl\u0259ri<\/a>","rttpg_excerpt":"B\u0259rd\u0259 rayonunda yerl\u0259\u015f\u0259n &#8220;T\u0259z\u0259 bazar&#8221;da \u00f6l\u00fcm hadis\u0259si ba\u015f verib. ARANTV.AZ-\u0131n m\u0259lumat\u0131na g\u00f6r\u0259, 1965-ci il t\u0259v\u0259ll\u00fcdl\u00fc Tahir Qas\u0131m o\u011flu A\u011fayev anid\u0259n y\u0131x\u0131l\u0131b v\u0259 yerind\u0259c\u0259 ke\u00e7inib. Onun \u00fcr\u0259k \u00e7at\u0131\u015fmazl\u0131\u011f\u0131ndan \u00f6ld\u00fcy\u00fc ehtimal edilir. T.A\u011fayev bazarda kabab\u00e7\u0131 i\u015fl\u0259yirmi\u015f. Faktla ba\u011fl\u0131 ara\u015fd\u0131rma apar\u0131l\u0131r.Sonxeber.az","_links":{"self":[{"href":"https:\/\/arantv.az\/index.php?rest_route=\/wp\/v2\/posts\/53304"}],"collection":[{"href":"https:\/\/arantv.az\/index.php?rest_route=\/wp\/v2\/posts"}],"about":[{"href":"https:\/\/arantv.az\/index.php?rest_route=\/wp\/v2\/types\/post"}],"author":[{"embeddable":true,"href":"https:\/\/arantv.az\/index.php?rest_route=\/wp\/v2\/users\/2"}],"replies":[{"embeddable":true,"href":"https:\/\/arantv.az\/index.php?rest_route=%2Fwp%2Fv2%2Fcomments&post=53304"}],"version-history":[{"count":0,"href":"https:\/\/arantv.az\/index.php?rest_route=\/wp\/v2\/posts\/53304\/revisions"}],"wp:featuredmedia":[{"embeddable":true,"href":"https:\/\/arantv.az\/index.php?rest_route=\/wp\/v2\/media\/53305"}],"wp:attachment":[{"href":"https:\/\/arantv.az\/index.php?rest_route=%2Fwp%2Fv2%2Fmedia&parent=53304"}],"wp:term":[{"taxonomy":"category","embeddable":true,"href":"https:\/\/arantv.az\/index.php?rest_route=%2Fwp%2Fv2%2Fcategories&post=53304"},{"taxonomy":"post_tag","embeddable":true,"href":"https:\/\/arantv.az\/index.php?rest_route=%2Fwp%2Fv2%2Ftags&post=53304"}],"curies":[{"name":"wp","href":"https:\/\/api.w.org\/{rel}","templated":true}]}}