{"id":53322,"date":"2019-04-26T16:15:29","date_gmt":"2019-04-26T13:15:29","guid":{"rendered":"http:\/\/arantv.az\/?p=53322"},"modified":"2019-04-26T16:15:29","modified_gmt":"2019-04-26T13:15:29","slug":"prezident-ilham-%c9%99liyev-az%c9%99rbaycanin-sur%c9%99tli-iqtisadi-inkisafi-biz%c9%99-olk%c9%99ni-transformasiya-etm%c9%99y%c9%99-kom%c9%99k-edib","status":"publish","type":"post","link":"https:\/\/arantv.az\/?p=53322","title":{"rendered":"Prezident \u0130lham \u018fliyev: &#8220;Az\u0259rbaycan\u0131n s\u00fcr\u0259tli iqtisadi inki\u015faf\u0131 biz\u0259 \u00f6lk\u0259ni transformasiya etm\u0259y\u0259 k\u00f6m\u0259k edib&#8221;"},"content":{"rendered":"<p><strong>&#8220;Az\u0259rbaycan\u0131n s\u00fcr\u0259tli iqtisadi inki\u015faf\u0131 biz\u0259 \u00f6lk\u0259ni transformasiya etm\u0259y\u0259 k\u00f6m\u0259k edib&#8221;.<\/strong><\/p>\n<p><strong>ARANTV.AZ<\/strong> az\u0259rtac-a istinad\u0259n x\u0259b\u0259r verir ki, bunu Az\u0259rbaycan Prezidenti \u0130lham \u018fliyev aprelin 26-da Pekind\u0259 ke\u00e7iril\u0259n 2-ci &#8220;Bir k\u0259m\u0259r, bir yol&#8221; Beyn\u0259lxalq \u018fm\u0259kda\u015fl\u0131q Forumunda \u00e7\u0131x\u0131\u015f\u0131 zaman\u0131 deyib.<\/p>\n<p>D\u00f6vl\u0259timizin ba\u015f\u00e7\u0131s\u0131 qeyd edib: &#8220;H\u00f6rm\u0259tli h\u0259mkarlar. Xan\u0131mlar v\u0259 c\u0259nablar. \u0130lk n\u00f6vb\u0259d\u0259, bu Foruma d\u0259v\u0259t\u0259 g\u00f6r\u0259 Prezident Si Cinpin\u0259 minn\u0259tdarl\u0131\u011f\u0131m\u0131 bildirm\u0259k ist\u0259yir\u0259m. Biz bunu Az\u0259rbaycan il\u0259 \u00c7in aras\u0131nda dostlu\u011fun v\u0259 t\u0259r\u0259fda\u015fl\u0131\u011f\u0131n g\u00f6st\u0259ricisi hesab edirik. Bu il \u00c7in Xalq Respublikas\u0131n\u0131n yarad\u0131lmas\u0131n\u0131n 70-ci ild\u00f6n\u00fcm\u00fc qeyd edilir. Bu m\u00fcnasib\u0259tl\u0259 Prezident Si Cinpini v\u0259 \u00c7in xalq\u0131n\u0131 t\u0259brik edir\u0259m. Bu ill\u0259r \u0259rzind\u0259 \u00c7in Xalq Respublikas\u0131 b\u00fct\u00fcn sah\u0259l\u0259rd\u0259 t\u0259r\u0259qqi v\u0259 inki\u015fafa nail olub. Az\u0259rbaycan lap \u0259vv\u0259ld\u0259n Prezident Si Cinpin t\u0259r\u0259find\u0259n ir\u0259li s\u00fcr\u00fclm\u00fc\u015f &#8220;Bir k\u0259m\u0259r, bir yol&#8221; t\u0259\u015f\u0259bb\u00fcs\u00fcn\u00fc d\u0259st\u0259kl\u0259yib. Bu layih\u0259 yaln\u0131z n\u0259qliyyat ba\u011fl\u0131l\u0131\u011f\u0131n\u0131 t\u0259min etmir. O, h\u0259m\u00e7inin m\u00fcxt\u0259lif \u00f6lk\u0259l\u0259r aras\u0131nda \u0259laq\u0259l\u0259ri g\u00fccl\u0259ndirir, dialoq v\u0259 \u0259m\u0259kda\u015fl\u0131\u011f\u0131n m\u00f6hk\u0259ml\u0259ndirilm\u0259si i\u015fin\u0259 xidm\u0259t edir v\u0259 beyn\u0259lxalq ticar\u0259t \u00fc\u00e7\u00fcn yeni imkanlar yarad\u0131r.<\/p>\n<p>Az\u0259rbaycan\u0131n s\u00fcr\u0259tli iqtisadi inki\u015faf\u0131 biz\u0259 \u00f6lk\u0259ni transformasiya etm\u0259y\u0259 k\u00f6m\u0259k etmi\u015fdir. \u00d6t\u0259n on be\u015f ild\u0259 iqtisadiyyat\u0131m\u0131z \u00fc\u00e7 d\u0259f\u0259d\u0259n \u00e7ox artm\u0131\u015fd\u0131r. Yat\u0131r\u0131lan 260 milyard dollar h\u0259cmind\u0259 s\u0259rmay\u0259 biz\u0259 \u00f6lk\u0259mizi m\u00fcasirl\u0259\u015fdirm\u0259y\u0259 v\u0259 m\u00fcasir infrastrukturu, o c\u00fcml\u0259d\u0259n n\u0259qliyyat sah\u0259sind\u0259 infrastrukturu yaratma\u011fa k\u00f6m\u0259k etmi\u015fdir. Az\u0259rbaycan\u0131n \u00e7ox a\u015fa\u011f\u0131 s\u0259viyy\u0259d\u0259 xarici borcu var. Bu, bizim \u00fcmumi daxili m\u0259hsulun t\u0259xmin\u0259n 19 faizini t\u0259\u015fkil edir. Bizim ehtiyatlar\u0131m\u0131z xarici borcumuzdan be\u015f d\u0259f\u0259 \u00e7oxdur. Az\u0259rbaycan\u0131n builki iqtisadi g\u00f6st\u0259ricil\u0259ri art\u0131m\u0131n oldu\u011funu n\u00fcmayi\u015f etdirir. \u00dcmumi daxili m\u0259hsul 3 faiz art\u0131b, inflyasiyan\u0131n s\u0259viyy\u0259si 2,1 faizdir v\u0259 iqtisadiyyat\u0131n \u015fax\u0259l\u0259nm\u0259si bizim \u0259sas m\u0259qs\u0259dl\u0259rimizd\u0259n biridir&#8221;.<\/p>\n<p>Prezident bildirib ki, Az\u0259rbaycan\u0131n \u00e7ox b\u00f6y\u00fck neft v\u0259 qaz ehtiyatlar\u0131 var: &#8220;Biz neft v\u0259 qaz\u0131m\u0131z\u0131 beyn\u0259lxalq bazarlara n\u0259ql etm\u0259k \u00fc\u00e7\u00fcn \u00e7oxsayl\u0131 boru k\u0259m\u0259rl\u0259ri tikmi\u015fik v\u0259 \u0259sas h\u0259d\u0259fimiz iqtisadiyyat\u0131m\u0131z\u0131 \u015fax\u0259l\u0259ndirm\u0259k, insan kapital\u0131na investisiya yat\u0131rmaq v\u0259 inki\u015faf \u00fc\u00e7\u00fcn dayan\u0131ql\u0131 imkanlar yaratmaqd\u0131r. \u015eax\u0259l\u0259ndirm\u0259y\u0259 g\u0259ldikd\u0259, bizim diqq\u0259timiz \u0259sas\u0259n s\u0259nayenin, k\u0259nd t\u0259s\u0259rr\u00fcfat\u0131n\u0131n, turizmin, xidm\u0259tl\u0259r sektorunun, informasiya v\u0259 kommunikasiya texnologiyalar\u0131n\u0131n inki\u015faf\u0131na y\u00f6n\u0259lib. \u0130nfrastruktur layih\u0259l\u0259ri bizim \u00fc\u00e7\u00fcn \u00e7ox \u00f6n\u0259mlidir v\u0259 biz m\u00fcasir infrastrukturun yarad\u0131lmas\u0131na s\u0259rmay\u0259 yat\u0131rmaq \u00fc\u00e7\u00fcn maliyy\u0259 resurslar\u0131m\u0131zdan istifad\u0259 etdik. Az\u0259rbaycanda qazla\u015fd\u0131rma s\u0259viyy\u0259si 95 faiz t\u0259\u015fkil edir, Az\u0259rbaycan elektrik enerjisini, neft v\u0259 qaz\u0131 ixrac ed\u0259n \u00f6lk\u0259dir. N\u0259qliyyat sah\u0259sin\u0259 investisiyalar\u0131n yat\u0131r\u0131lmas\u0131 bizim \u0259sas prioritetl\u0259rimizd\u0259n biridir&#8221;.<\/p>\n<p>\u0130lham \u018fliyev xat\u0131rlad\u0131b ki, \u00fc\u00e7 il \u00f6nc\u0259 Az\u0259rbaycan v\u0259 \u00c7in &#8220;\u0130p\u0259k Yolu \u0130qtisadi K\u0259m\u0259ri&#8221;nin yarad\u0131lmas\u0131n\u0131n birg\u0259 t\u0259\u015fviqin\u0259 dair Anla\u015fma Memorandumu imzalay\u0131b: &#8220;M\u00fcasir n\u0259qliyyat infrastrukturunun yarad\u0131lmas\u0131 Az\u0259rbaycan\u0131n prioritetl\u0259ri s\u0131ras\u0131ndad\u0131r. Co\u011frafi m\u00f6vqeyimizd\u0259n b\u0259hr\u0259l\u0259n\u0259r\u0259k biz Asiya il\u0259 Avropa aras\u0131nda k\u00f6rp\u00fcl\u0259rin qurulmas\u0131na investisiya yat\u0131rd\u0131q. A\u00e7\u0131q d\u0259niz\u0259 \u00e7\u0131x\u0131\u015f\u0131 olmayan \u00f6lk\u0259 olma\u011f\u0131m\u0131za baxmayaraq, biz Az\u0259rbaycan\u0131 beyn\u0259lxalq n\u0259qliyyat m\u0259rk\u0259zl\u0259rind\u0259n birin\u0259 \u00e7evirmi\u015fik. Bizi qon\u015fular\u0131m\u0131zla birl\u0259\u015fdir\u0259n \u015fax\u0259l\u0259nmi\u015f d\u0259mir yolu \u015f\u0259b\u0259k\u0259si yaratm\u0131\u015f\u0131q. Az\u0259rbaycanda son 15 ild\u0259 15 min kilometr yol v\u0259 avtomagistrallar \u00e7\u0259kilib. Davos D\u00fcnya \u0130qtisadi Forumunun hesablamalar\u0131na g\u00f6r\u0259 Az\u0259rbaycan yollar\u0131n keyfiyy\u0259tin\u0259 g\u00f6r\u0259 d\u00fcnyada 34-c\u00fc yerd\u0259dir&#8221;.<\/p>\n<p>D\u00f6vl\u0259t ba\u015f\u00e7\u0131s\u0131 vur\u011fulay\u0131b ki, infrastrukturun inki\u015faf\u0131na, h\u0259m\u00e7inin \u00e7ox \u0259lveri\u015fli biznes m\u00fchitinin yarad\u0131lmas\u0131 il\u0259 d\u0259st\u0259k verilir: &#8220;Qeyd etdiyim kimi, 260 milyard dollar h\u0259cmind\u0259 investisiya yat\u0131r\u0131l\u0131b v\u0259 bunlar\u0131n yar\u0131s\u0131n\u0131 xarici investisiyalar t\u0259\u015fkil edir. Bu g\u00fcn Az\u0259rbaycandak\u0131 biznes m\u00fchiti d\u00fcnyada olan \u0259n qabaqc\u0131l biznes m\u00fchitl\u0259rind\u0259n biridir. D\u00fcnya Bank\u0131n\u0131n \u0259n son &#8220;Doing Business&#8221; hesabat\u0131na g\u00f6r\u0259, Az\u0259rbaycan biznes m\u00fchiti \u00fczr\u0259 25-ci pill\u0259d\u0259dir v\u0259 bir il \u0259rzind\u0259 biz m\u00f6vqeyimizi \u0259sasl\u0131 \u015f\u0259kild\u0259 yax\u015f\u0131la\u015fd\u0131rm\u0131\u015f\u0131q. \u0130ndi Az\u0259rbaycan d\u00fcnyada \u0259n \u00e7ox islahat aparan on \u00f6lk\u0259 s\u0131ras\u0131ndad\u0131r.<\/p>\n<p>N\u0259qliyyat infrastrukturundan dan\u0131\u015fark\u0259n hava n\u0259qliyyat\u0131na qoyulan investisiyalar\u0131 \u0259lav\u0259 etm\u0259k ist\u0259yir\u0259m. Alt\u0131 beyn\u0259lxalq hava liman\u0131 m\u00fcasir n\u0259qliyyat infrastrukturunun yarad\u0131lmas\u0131na n\u00f6vb\u0259ti t\u00f6hf\u0259mizdir. Heyd\u0259r \u018fliyev Beyn\u0259lxalq Aeroportu &#8220;Skytrax&#8221; Beyn\u0259lxalq N\u0259qliyyat Reytinq Agentliyi t\u0259r\u0259find\u0259n \u0259n yax\u015f\u0131 regional hava liman\u0131 kateqoriyas\u0131nda be\u015f ulduza layiq g\u00f6r\u00fcl\u00fcb. 2017-ci ild\u0259 istifad\u0259y\u0259 verilmi\u015f Bak\u0131-Tbilisi-Qars d\u0259mir yolu x\u0259tti t\u0259kc\u0259 3 \u00f6lk\u0259ni birl\u0259\u015fdir\u0259n regional layih\u0259 deyil. O, eyni zamanda, qit\u0259l\u0259ri birl\u0259\u015fdirir, Asiya v\u0259 Avropa aras\u0131nda vacib ba\u011flant\u0131d\u0131r. Bu d\u0259mir yolu \u015e\u0259rq-Q\u0259rb n\u0259qliyyat d\u0259hlizinin m\u00fch\u00fcm hiss\u0259sidir. Bak\u0131-Tbilisi-Qars d\u0259mir yolunun tikintisini tamamlamaq \u00fc\u00e7\u00fcn t\u0259r\u0259fda\u015flar\u0131m\u0131zla biz\u0259 \u00e7oxlu vaxt t\u0259l\u0259b olundu v\u0259 bu g\u00fcn bu d\u0259mir yolu Avrasiyada n\u0259qliyyatda \u00e7ox m\u00fch\u00fcm rol oynay\u0131r&#8221;.<\/p>\n<p>Prezident qeyd edib ki, Az\u0259rbaycan\u0131n s\u0259rmay\u0259 yat\u0131rd\u0131\u011f\u0131 daha bir \u0259h\u0259miyy\u0259tli n\u0259qliyyat layih\u0259si \u015eimal-C\u0259nub d\u0259hlizidir: &#8220;\u015e\u0259rq-Q\u0259rb v\u0259 \u015eimal-C\u0259nub n\u0259qliyyat d\u0259hlizl\u0259rind\u0259 yerl\u0259\u015f\u0259n \u00f6lk\u0259l\u0259r \u00f6z mallar\u0131n\u0131 n\u0259ql etm\u0259k \u00fc\u00e7\u00fcn Az\u0259rbaycan\u0131n \u0259razisind\u0259n istifad\u0259 edirl\u0259r. Buna g\u00f6r\u0259 d\u0259 m\u00fcasir infrastrukturun yarad\u0131lmas\u0131na yat\u0131rd\u0131\u011f\u0131m\u0131z investisiyalar yaln\u0131z iqtisadi potensial\u0131m\u0131z\u0131n art\u0131r\u0131lmas\u0131na v\u0259 bizim dost, t\u0259r\u0259fda\u015f v\u0259 qon\u015fular\u0131m\u0131za xidm\u0259t g\u00f6st\u0259rm\u0259yimiz\u0259 k\u00f6m\u0259k etmir, bu, h\u0259m d\u0259 ticar\u0259t, turizm, n\u0259qliyyat sah\u0259l\u0259rind\u0259 nadir imkan yarad\u0131r v\u0259 xalqlar\u0131, \u00f6lk\u0259l\u0259ri birl\u0259\u015fdirir. \u00d6lk\u0259l\u0259r bir-birin\u0259 ba\u011flan\u0131r v\u0259 bu, s\u00fclh v\u0259 sabitlik amal\u0131na xidm\u0259t edir. Bel\u0259likl\u0259, Az\u0259rbaycan m\u00fcasir n\u0259qliyyat infrastrukturuna malik vacib tranzit \u00f6lk\u0259y\u0259 \u00e7evrilib&#8221;.<\/p>\n<p>\u0130lham \u018fliyev vur\u011fulay\u0131b ki, \u00f6t\u0259n il istifad\u0259y\u0259 verilmi\u015f Lapis-Lazuli mar\u015frutu Bak\u0131-Tbilisi-Qars d\u0259mir yolu x\u0259ttin\u0259 birl\u0259\u015f\u0259r\u0259k Az\u0259rbaycan\u0131n tranzit potensial\u0131n\u0131 daha da art\u0131r\u0131b: &#8220;Bu g\u00fcn Az\u0259rbaycan say\u0131 artmaqda olan \u00f6lk\u0259l\u0259r \u00fc\u00e7\u00fcn tranzit imkanlar\u0131n\u0131 t\u0259min edir. Az\u0259rbaycan X\u0259z\u0259r d\u0259nizind\u0259 260 g\u0259mid\u0259n ibar\u0259t \u0259n b\u00f6y\u00fck donanmaya malikdir. Az\u0259rbaycanda f\u0259aliyy\u0259t g\u00f6st\u0259r\u0259n v\u0259 nisb\u0259t\u0259n yax\u0131n vaxtlarda tikilmi\u015f g\u0259miqay\u0131rma zavodu ist\u0259nil\u0259n n\u00f6v g\u0259mini in\u015fa ed\u0259 bil\u0259r. \u00d6t\u0259n il biz 15 milyon ton y\u00fck v\u0259 100 min konteyner y\u00fcka\u015f\u0131rma qabiliyy\u0259tin\u0259 malik yeni beyn\u0259lxalq Bak\u0131 D\u0259niz Liman\u0131n\u0131 istifad\u0259y\u0259 verdik. G\u0259l\u0259c\u0259kd\u0259 onun imkanlar\u0131 25 milyon ton v\u0259 1 milyon konteyner\u0259 q\u0259d\u0259r art\u0131r\u0131lacaq.<\/p>\n<p>M\u00fcasir n\u0259qliyyat v\u0259 logistika infrastrukturu yaratmaqla biz yaln\u0131z \u00f6lk\u0259mizi m\u00fch\u00fcm n\u0259qliyyat m\u0259rk\u0259zin\u0259 \u00e7evirm\u0259dik. Eyni zamanda, biz \u015e\u0259rq-Q\u0259rb v\u0259 \u015eimal-C\u0259nub d\u0259hlizl\u0259ri layih\u0259l\u0259rind\u0259 i\u015ftirak ed\u0259n \u00f6lk\u0259l\u0259r aras\u0131nda \u0259m\u0259kda\u015fl\u0131\u011fa t\u00f6hf\u0259 verdik. Beyn\u0259lxalq n\u0259qliyyat layih\u0259l\u0259ri \u00f6lk\u0259l\u0259r v\u0259 xalqlar aras\u0131nda \u0259m\u0259kda\u015fl\u0131\u011f\u0131n m\u00f6hk\u0259ml\u0259ndirilm\u0259sin\u0259 xidm\u0259t edir. &#8220;Bir k\u0259m\u0259r, bir yol&#8221; t\u0259\u015f\u0259bb\u00fcs\u00fc n\u0259qliyyat sah\u0259sind\u0259 yeni imkanlar a\u00e7maqla yana\u015f\u0131, ticar\u0259ti, turizmi, xalqlar aras\u0131nda t\u0259maslar\u0131 t\u0259\u015fviq edir v\u0259 Avrasiya m\u0259kan\u0131nda sabitliyin, t\u0259hl\u00fck\u0259sizliyin v\u0259 s\u00fclh\u00fcn b\u0259rq\u0259rar olmas\u0131 i\u015fin\u0259 xidm\u0259t g\u00f6st\u0259rir&#8221;.<\/p>\n<p>D\u00f6vl\u0259timizin ba\u015f\u00e7\u0131s\u0131 \u0259lav\u0259 edib: &#8220;S\u00fclh v\u0259 t\u0259hl\u00fck\u0259sizlik haqq\u0131nda dan\u0131\u015fark\u0259n, Erm\u0259nistan v\u0259 Az\u0259rbaycan aras\u0131nda olan m\u00fcnaqi\u015f\u0259ni qeyd etm\u0259k ist\u0259yir\u0259m. T\u0259\u0259ss\u00fcfl\u0259r olsun ki, uzun ill\u0259r, 25 ild\u0259n \u00e7ox m\u00fcdd\u0259t \u0259rzind\u0259 Az\u0259rbaycan\u0131n beyn\u0259lxalq s\u0259viyy\u0259d\u0259 tan\u0131nan \u0259razil\u0259ri Erm\u0259nistan\u0131n i\u015f\u011fal\u0131 alt\u0131ndad\u0131r. \u0130\u015f\u011fal n\u0259tic\u0259sind\u0259 bir milyondan \u00e7ox az\u0259rbaycanl\u0131 qa\u00e7q\u0131n v\u0259 m\u0259cburi k\u00f6\u00e7k\u00fcn\u0259 \u00e7evrilmi\u015fdir. \u0130nsanlar\u0131m\u0131z etnik t\u0259mizl\u0259m\u0259y\u0259 m\u0259ruz qalm\u0131\u015fd\u0131r v\u0259 Birl\u0259\u015fmi\u015f Mill\u0259tl\u0259r T\u0259\u015fkilat\u0131n\u0131n T\u0259hl\u00fck\u0259sizlik \u015euras\u0131 erm\u0259ni qo\u015funlar\u0131n\u0131n \u0259razimizd\u0259n d\u0259rhal v\u0259 qeyd-\u015f\u0259rtsiz \u00e7\u0131xar\u0131lmas\u0131n\u0131 t\u0259l\u0259b ed\u0259n d\u00f6rd q\u0259tnam\u0259 q\u0259bul etmi\u015fdir. \u018ffsuslar olsun ki, bu q\u0259tnam\u0259l\u0259r yerin\u0259 yetirilmir. Bu, t\u0259kc\u0259 bizim \u00f6lk\u0259 \u00fc\u00e7\u00fcn yox, regional sabitlik v\u0259 s\u00fclh \u00fc\u00e7\u00fcn ciddi bir problemdir. Erm\u0259nistan v\u0259 Az\u0259rbaycan aras\u0131nda olan m\u00fcnaqi\u015f\u0259 beyn\u0259lxalq h\u00fcququn norma v\u0259 prinsipl\u0259ri \u0259sas\u0131nda, Az\u0259rbaycan\u0131n \u0259razi b\u00fct\u00f6vl\u00fcy\u00fc \u00e7\u0259r\u00e7iv\u0259sind\u0259 h\u0259ll edilm\u0259lidir.<\/p>\n<p>Yekunda m\u0259n bir daha Az\u0259rbaycan\u0131 bu m\u00fch\u00fcm Foruma d\u0259v\u0259t etdiyin\u0259 g\u00f6r\u0259 Prezident Si Cinpin\u0259 s\u0259mimi t\u0259\u015f\u0259kk\u00fcr\u00fcm\u00fc bildirm\u0259k ist\u0259yir\u0259m. \u018fmin\u0259m ki, Az\u0259rbaycan\u0131n g\u0259l\u0259c\u0259k i\u015ftirak\u0131 insanlar v\u0259 xalqlar aras\u0131nda k\u00f6rp\u00fcl\u0259rin qurulmas\u0131nda \u00f6z rolunu oynama\u011fa davam ed\u0259c\u0259kdir&#8221;.<\/p>\n","protected":false},"excerpt":{"rendered":"<p>&#8220;Az\u0259rbaycan\u0131n s\u00fcr\u0259tli iqtisadi inki\u015faf\u0131 biz\u0259 \u00f6lk\u0259ni transformasiya etm\u0259y\u0259 k\u00f6m\u0259k edib&#8221;. ARANTV.AZ az\u0259rtac-a istinad\u0259n x\u0259b\u0259r verir ki, bunu Az\u0259rbaycan Prezidenti \u0130lham \u018fliyev aprelin 26-da Pekind\u0259 ke\u00e7iril\u0259n 2-ci &#8220;Bir k\u0259m\u0259r, bir yol&#8221; Beyn\u0259lxalq \u018fm\u0259kda\u015fl\u0131q Forumunda \u00e7\u0131x\u0131\u015f\u0131 zaman\u0131 deyib. D\u00f6vl\u0259timizin ba\u015f\u00e7\u0131s\u0131 qeyd edib: &#8220;H\u00f6rm\u0259tli h\u0259mkarlar. Xan\u0131mlar v\u0259 c\u0259nablar. \u0130lk n\u00f6vb\u0259d\u0259, bu Foruma d\u0259v\u0259t\u0259 g\u00f6r\u0259 Prezident Si Cinpin\u0259 minn\u0259tdarl\u0131\u011f\u0131m\u0131 bildirm\u0259k ist\u0259yir\u0259m. Biz bunu Az\u0259rbaycan il\u0259 \u00c7in aras\u0131nda dostlu\u011fun v\u0259 t\u0259r\u0259fda\u015fl\u0131\u011f\u0131n g\u00f6st\u0259ricisi hesab edirik. Bu il \u00c7in Xalq Respublikas\u0131n\u0131n yarad\u0131lmas\u0131n\u0131n 70-ci ild\u00f6n\u00fcm\u00fc qeyd edilir. Bu m\u00fcnasib\u0259tl\u0259 Prezident Si Cinpini v\u0259 \u00c7in xalq\u0131n\u0131 t\u0259brik edir\u0259m. Bu&hellip;<\/p>\n","protected":false},"author":2,"featured_media":53323,"comment_status":"closed","ping_status":"closed","sticky":false,"template":"","format":"standard","meta":{"om_disable_all_campaigns":false,"_monsterinsights_skip_tracking":false,"_monsterinsights_sitenote_active":false,"_monsterinsights_sitenote_note":"","_monsterinsights_sitenote_category":0},"categories":[4],"tags":[],"aioseo_notices":[],"gutentor_comment":0,"rttpg_featured_image_url":{"full":["https:\/\/arantv.az\/wp-content\/uploads\/2019\/04\/750066.jpg",800,600,false],"landscape":["https:\/\/arantv.az\/wp-content\/uploads\/2019\/04\/750066.jpg",800,600,false],"portraits":["https:\/\/arantv.az\/wp-content\/uploads\/2019\/04\/750066.jpg",800,600,false],"thumbnail":["https:\/\/arantv.az\/wp-content\/uploads\/2019\/04\/750066-150x150.jpg",150,150,true],"medium":["https:\/\/arantv.az\/wp-content\/uploads\/2019\/04\/750066-300x225.jpg",300,225,true],"large":["https:\/\/arantv.az\/wp-content\/uploads\/2019\/04\/750066.jpg",640,480,false],"1536x1536":["https:\/\/arantv.az\/wp-content\/uploads\/2019\/04\/750066.jpg",800,600,false],"2048x2048":["https:\/\/arantv.az\/wp-content\/uploads\/2019\/04\/750066.jpg",800,600,false],"post-thumbnail":["https:\/\/arantv.az\/wp-content\/uploads\/2019\/04\/750066-240x172.jpg",240,172,true],"advps-thumb-one":["https:\/\/arantv.az\/wp-content\/uploads\/2019\/04\/750066.jpg",800,600,false]},"rttpg_author":{"display_name":"V\u00fcsal Rafiqo\u011flu","author_link":"https:\/\/arantv.az\/?author=2"},"rttpg_comment":0,"rttpg_category":"<a href=\"https:\/\/arantv.az\/?cat=4\" rel=\"category\">Siyas\u0259t<\/a>","rttpg_excerpt":"&#8220;Az\u0259rbaycan\u0131n s\u00fcr\u0259tli iqtisadi inki\u015faf\u0131 biz\u0259 \u00f6lk\u0259ni transformasiya etm\u0259y\u0259 k\u00f6m\u0259k edib&#8221;. ARANTV.AZ az\u0259rtac-a istinad\u0259n x\u0259b\u0259r verir ki, bunu Az\u0259rbaycan Prezidenti \u0130lham \u018fliyev aprelin 26-da Pekind\u0259 ke\u00e7iril\u0259n 2-ci &#8220;Bir k\u0259m\u0259r, bir yol&#8221; Beyn\u0259lxalq \u018fm\u0259kda\u015fl\u0131q Forumunda \u00e7\u0131x\u0131\u015f\u0131 zaman\u0131 deyib. D\u00f6vl\u0259timizin ba\u015f\u00e7\u0131s\u0131 qeyd edib: &#8220;H\u00f6rm\u0259tli h\u0259mkarlar. Xan\u0131mlar v\u0259 c\u0259nablar. \u0130lk n\u00f6vb\u0259d\u0259, bu Foruma d\u0259v\u0259t\u0259 g\u00f6r\u0259 Prezident Si Cinpin\u0259 minn\u0259tdarl\u0131\u011f\u0131m\u0131&hellip;","_links":{"self":[{"href":"https:\/\/arantv.az\/index.php?rest_route=\/wp\/v2\/posts\/53322"}],"collection":[{"href":"https:\/\/arantv.az\/index.php?rest_route=\/wp\/v2\/posts"}],"about":[{"href":"https:\/\/arantv.az\/index.php?rest_route=\/wp\/v2\/types\/post"}],"author":[{"embeddable":true,"href":"https:\/\/arantv.az\/index.php?rest_route=\/wp\/v2\/users\/2"}],"replies":[{"embeddable":true,"href":"https:\/\/arantv.az\/index.php?rest_route=%2Fwp%2Fv2%2Fcomments&post=53322"}],"version-history":[{"count":0,"href":"https:\/\/arantv.az\/index.php?rest_route=\/wp\/v2\/posts\/53322\/revisions"}],"wp:featuredmedia":[{"embeddable":true,"href":"https:\/\/arantv.az\/index.php?rest_route=\/wp\/v2\/media\/53323"}],"wp:attachment":[{"href":"https:\/\/arantv.az\/index.php?rest_route=%2Fwp%2Fv2%2Fmedia&parent=53322"}],"wp:term":[{"taxonomy":"category","embeddable":true,"href":"https:\/\/arantv.az\/index.php?rest_route=%2Fwp%2Fv2%2Fcategories&post=53322"},{"taxonomy":"post_tag","embeddable":true,"href":"https:\/\/arantv.az\/index.php?rest_route=%2Fwp%2Fv2%2Ftags&post=53322"}],"curies":[{"name":"wp","href":"https:\/\/api.w.org\/{rel}","templated":true}]}}