{"id":53325,"date":"2019-04-26T16:16:25","date_gmt":"2019-04-26T13:16:25","guid":{"rendered":"http:\/\/arantv.az\/?p=53325"},"modified":"2019-04-26T16:16:25","modified_gmt":"2019-04-26T13:16:25","slug":"prezident-ilham-%c9%99liyev-c%c9%99nubi-afrika-respublikasinin-prezidentini-t%c9%99brik-edib","status":"publish","type":"post","link":"https:\/\/arantv.az\/?p=53325","title":{"rendered":"Prezident \u0130lham \u018fliyev C\u0259nubi Afrika Respublikas\u0131n\u0131n Prezidentini t\u0259brik edib"},"content":{"rendered":"<p>Prezident \u0130lham \u018fliyev C\u0259nubi Afrika Respublikas\u0131n\u0131n Prezidenti Matamela Siril Ramafozaya t\u0259brik m\u0259ktubu g\u00f6nd\u0259rib.<\/p>\n<p><strong>ARANTV.AZ<\/strong> az\u0259rtac-a istinad\u0259n x\u0259b\u0259r verir ki, t\u0259brikd\u0259 deyilir:<\/p>\n<p>&#8220;H\u00f6rm\u0259tli c\u0259nab Prezident, C\u0259nubi Afrika Respublikas\u0131n\u0131n milli bayram\u0131 &#8211; Azadl\u0131q G\u00fcn\u00fc m\u00fcnasib\u0259til\u0259 Sizi v\u0259 xalq\u0131n\u0131z\u0131 \u00f6z ad\u0131mdan v\u0259 Az\u0259rbaycan xalq\u0131 ad\u0131ndan \u00fcr\u0259kd\u0259n t\u0259brik edir\u0259m.<\/p>\n<p>Bel\u0259 bir \u0259lam\u0259tdar g\u00fcnd\u0259 Siz\u0259 \u0259n xo\u015f arzular\u0131m\u0131 yetirir, dost xalq\u0131n\u0131za \u0259min-amanl\u0131q v\u0259 rifah dil\u0259yir\u0259m&#8221;.<\/p>\n","protected":false},"excerpt":{"rendered":"<p>Prezident \u0130lham \u018fliyev C\u0259nubi Afrika Respublikas\u0131n\u0131n Prezidenti Matamela Siril Ramafozaya t\u0259brik m\u0259ktubu g\u00f6nd\u0259rib. ARANTV.AZ az\u0259rtac-a istinad\u0259n x\u0259b\u0259r verir ki, t\u0259brikd\u0259 deyilir: &#8220;H\u00f6rm\u0259tli c\u0259nab Prezident, C\u0259nubi Afrika Respublikas\u0131n\u0131n milli bayram\u0131 &#8211; Azadl\u0131q G\u00fcn\u00fc m\u00fcnasib\u0259til\u0259 Sizi v\u0259 xalq\u0131n\u0131z\u0131 \u00f6z ad\u0131mdan v\u0259 Az\u0259rbaycan xalq\u0131 ad\u0131ndan \u00fcr\u0259kd\u0259n t\u0259brik edir\u0259m. Bel\u0259 bir \u0259lam\u0259tdar g\u00fcnd\u0259 Siz\u0259 \u0259n xo\u015f arzular\u0131m\u0131 yetirir, dost xalq\u0131n\u0131za \u0259min-amanl\u0131q v\u0259 rifah dil\u0259yir\u0259m&#8221;.<\/p>\n","protected":false},"author":2,"featured_media":53326,"comment_status":"closed","ping_status":"closed","sticky":false,"template":"","format":"standard","meta":{"om_disable_all_campaigns":false,"_monsterinsights_skip_tracking":false,"_monsterinsights_sitenote_active":false,"_monsterinsights_sitenote_note":"","_monsterinsights_sitenote_category":0},"categories":[4],"tags":[],"aioseo_notices":[],"gutentor_comment":0,"rttpg_featured_image_url":{"full":["https:\/\/arantv.az\/wp-content\/uploads\/2019\/04\/2018_ilham_aliyev_02-2.jpg",1200,900,false],"landscape":["https:\/\/arantv.az\/wp-content\/uploads\/2019\/04\/2018_ilham_aliyev_02-2.jpg",1200,900,false],"portraits":["https:\/\/arantv.az\/wp-content\/uploads\/2019\/04\/2018_ilham_aliyev_02-2.jpg",1200,900,false],"thumbnail":["https:\/\/arantv.az\/wp-content\/uploads\/2019\/04\/2018_ilham_aliyev_02-2-150x150.jpg",150,150,true],"medium":["https:\/\/arantv.az\/wp-content\/uploads\/2019\/04\/2018_ilham_aliyev_02-2-300x225.jpg",300,225,true],"large":["https:\/\/arantv.az\/wp-content\/uploads\/2019\/04\/2018_ilham_aliyev_02-2-1024x768.jpg",640,480,true],"1536x1536":["https:\/\/arantv.az\/wp-content\/uploads\/2019\/04\/2018_ilham_aliyev_02-2.jpg",1200,900,false],"2048x2048":["https:\/\/arantv.az\/wp-content\/uploads\/2019\/04\/2018_ilham_aliyev_02-2.jpg",1200,900,false],"post-thumbnail":["https:\/\/arantv.az\/wp-content\/uploads\/2019\/04\/2018_ilham_aliyev_02-2-240x172.jpg",240,172,true],"advps-thumb-one":["https:\/\/arantv.az\/wp-content\/uploads\/2019\/04\/2018_ilham_aliyev_02-2-1200x620.jpg",1200,620,true]},"rttpg_author":{"display_name":"V\u00fcsal Rafiqo\u011flu","author_link":"https:\/\/arantv.az\/?author=2"},"rttpg_comment":0,"rttpg_category":"<a href=\"https:\/\/arantv.az\/?cat=4\" rel=\"category\">Siyas\u0259t<\/a>","rttpg_excerpt":"Prezident \u0130lham \u018fliyev C\u0259nubi Afrika Respublikas\u0131n\u0131n Prezidenti Matamela Siril Ramafozaya t\u0259brik m\u0259ktubu g\u00f6nd\u0259rib. ARANTV.AZ az\u0259rtac-a istinad\u0259n x\u0259b\u0259r verir ki, t\u0259brikd\u0259 deyilir: &#8220;H\u00f6rm\u0259tli c\u0259nab Prezident, C\u0259nubi Afrika Respublikas\u0131n\u0131n milli bayram\u0131 &#8211; Azadl\u0131q G\u00fcn\u00fc m\u00fcnasib\u0259til\u0259 Sizi v\u0259 xalq\u0131n\u0131z\u0131 \u00f6z ad\u0131mdan v\u0259 Az\u0259rbaycan xalq\u0131 ad\u0131ndan \u00fcr\u0259kd\u0259n t\u0259brik edir\u0259m. Bel\u0259 bir \u0259lam\u0259tdar g\u00fcnd\u0259 Siz\u0259 \u0259n xo\u015f arzular\u0131m\u0131 yetirir, dost&hellip;","_links":{"self":[{"href":"https:\/\/arantv.az\/index.php?rest_route=\/wp\/v2\/posts\/53325"}],"collection":[{"href":"https:\/\/arantv.az\/index.php?rest_route=\/wp\/v2\/posts"}],"about":[{"href":"https:\/\/arantv.az\/index.php?rest_route=\/wp\/v2\/types\/post"}],"author":[{"embeddable":true,"href":"https:\/\/arantv.az\/index.php?rest_route=\/wp\/v2\/users\/2"}],"replies":[{"embeddable":true,"href":"https:\/\/arantv.az\/index.php?rest_route=%2Fwp%2Fv2%2Fcomments&post=53325"}],"version-history":[{"count":0,"href":"https:\/\/arantv.az\/index.php?rest_route=\/wp\/v2\/posts\/53325\/revisions"}],"wp:featuredmedia":[{"embeddable":true,"href":"https:\/\/arantv.az\/index.php?rest_route=\/wp\/v2\/media\/53326"}],"wp:attachment":[{"href":"https:\/\/arantv.az\/index.php?rest_route=%2Fwp%2Fv2%2Fmedia&parent=53325"}],"wp:term":[{"taxonomy":"category","embeddable":true,"href":"https:\/\/arantv.az\/index.php?rest_route=%2Fwp%2Fv2%2Fcategories&post=53325"},{"taxonomy":"post_tag","embeddable":true,"href":"https:\/\/arantv.az\/index.php?rest_route=%2Fwp%2Fv2%2Ftags&post=53325"}],"curies":[{"name":"wp","href":"https:\/\/api.w.org\/{rel}","templated":true}]}}