{"id":53334,"date":"2019-04-26T16:22:28","date_gmt":"2019-04-26T13:22:28","guid":{"rendered":"http:\/\/arantv.az\/?p=53334"},"modified":"2019-04-26T16:22:28","modified_gmt":"2019-04-26T13:22:28","slug":"onlara-xeyli-piv%c9%99-lazim-olacaq-nazir-danisdi","status":"publish","type":"post","link":"https:\/\/arantv.az\/?p=53334","title":{"rendered":"Onlara xeyli piv\u0259 laz\u0131m olacaq &#8211; Nazir DANI\u015eDI"},"content":{"rendered":"<p>G\u0259ncl\u0259r v\u0259 idman naziri Azad R\u0259himov Bak\u0131da ke\u00e7iril\u0259n &#8220;Formula-1&#8221; yar\u0131\u015flar\u0131ndan \u0259vv\u0259l jurnalistl\u0259rl\u0259 s\u00f6hb\u0259t zaman\u0131 Az\u0259rbaycan paytaxt\u0131nda ke\u00e7iril\u0259c\u0259k Avropa Liqas\u0131n\u0131n final oyunu il\u0259 ba\u011fl\u0131 dan\u0131\u015f\u0131b.<\/p>\n<p><b>ARANTV.AZ\u00a0<\/b>\u00a0x\u0259b\u0259r verir ki, A.R\u0259himov yar\u0131mfinalda m\u00fcbariz\u0259ni davam etdir\u0259n komandalardan &#8220;\u00c7elsi&#8221;y\u0259 azarke\u015flik ed\u0259c\u0259yini deyib:<\/p>\n<p>&#8220;Haz\u0131rda biz &#8220;Formula-1&#8221; Qran-prisini ke\u00e7iririk. Tezlikl\u0259 Bak\u0131da Avropa Liqas\u0131n\u0131n final\u0131 ke\u00e7iril\u0259c\u0259k. Bu, b\u00f6y\u00fck hadis\u0259dir. Biz kimi ist\u0259yirik? H\u0259lledici oyunda \u0259sla \u0130ngilt\u0259r\u0259 final\u0131 ist\u0259mir\u0259m. Ancaq &#8220;\u00c7elsi&#8221;y\u0259 azarke\u015flik ed\u0259c\u0259y\u0259m. H\u0259r halda Roman Abramovi\u00e7 bizim adamd\u0131r&#8221;.<\/p>\n<p>&#8220;\u0130ngilt\u0259r\u0259li azarke\u015fl\u0259rd\u0259n qorxursunuz?&#8221; sual\u0131n\u0131 nazir bel\u0259 cavabland\u0131r\u0131b:<\/p>\n<p>&#8220;Bilir\u0259m ki, onlara xeyli piv\u0259 laz\u0131m olacaq. Amma biz haz\u0131r\u0131q. B\u00fct\u00fcn piv\u0259 zavodlar\u0131 tam g\u00fcc\u00fc il\u0259 i\u015fl\u0259yir. Amma onlar\u0131n n\u0259yis\u0259 da\u011f\u0131dacaqlar\u0131n\u0131 d\u00fc\u015f\u00fcnm\u00fcr\u0259m. \u00c7\u00fcnki ba\u015fqa yerl\u0259rd\u0259 d\u0259 da\u011f\u0131tmay\u0131blar&#8221;. (oxu.az)<\/p>\n","protected":false},"excerpt":{"rendered":"<p>G\u0259ncl\u0259r v\u0259 idman naziri Azad R\u0259himov Bak\u0131da ke\u00e7iril\u0259n &#8220;Formula-1&#8221; yar\u0131\u015flar\u0131ndan \u0259vv\u0259l jurnalistl\u0259rl\u0259 s\u00f6hb\u0259t zaman\u0131 Az\u0259rbaycan paytaxt\u0131nda ke\u00e7iril\u0259c\u0259k Avropa Liqas\u0131n\u0131n final oyunu il\u0259 ba\u011fl\u0131 dan\u0131\u015f\u0131b. ARANTV.AZ\u00a0\u00a0x\u0259b\u0259r verir ki, A.R\u0259himov yar\u0131mfinalda m\u00fcbariz\u0259ni davam etdir\u0259n komandalardan &#8220;\u00c7elsi&#8221;y\u0259 azarke\u015flik ed\u0259c\u0259yini deyib: &#8220;Haz\u0131rda biz &#8220;Formula-1&#8221; Qran-prisini ke\u00e7iririk. Tezlikl\u0259 Bak\u0131da Avropa Liqas\u0131n\u0131n final\u0131 ke\u00e7iril\u0259c\u0259k. Bu, b\u00f6y\u00fck hadis\u0259dir. Biz kimi ist\u0259yirik? H\u0259lledici oyunda \u0259sla \u0130ngilt\u0259r\u0259 final\u0131 ist\u0259mir\u0259m. Ancaq &#8220;\u00c7elsi&#8221;y\u0259 azarke\u015flik ed\u0259c\u0259y\u0259m. H\u0259r halda Roman Abramovi\u00e7 bizim adamd\u0131r&#8221;. &#8220;\u0130ngilt\u0259r\u0259li azarke\u015fl\u0259rd\u0259n qorxursunuz?&#8221; sual\u0131n\u0131 nazir bel\u0259 cavabland\u0131r\u0131b: &#8220;Bilir\u0259m ki, onlara xeyli piv\u0259 laz\u0131m olacaq. Amma biz haz\u0131r\u0131q. B\u00fct\u00fcn piv\u0259 zavodlar\u0131&hellip;<\/p>\n","protected":false},"author":2,"featured_media":53335,"comment_status":"closed","ping_status":"closed","sticky":false,"template":"","format":"standard","meta":{"om_disable_all_campaigns":false,"_monsterinsights_skip_tracking":false,"_monsterinsights_sitenote_active":false,"_monsterinsights_sitenote_note":"","_monsterinsights_sitenote_category":0},"categories":[6],"tags":[],"aioseo_notices":[],"gutentor_comment":0,"rttpg_featured_image_url":{"full":["https:\/\/arantv.az\/wp-content\/uploads\/2019\/04\/1556284351azad.jpg",549,366,false],"landscape":["https:\/\/arantv.az\/wp-content\/uploads\/2019\/04\/1556284351azad.jpg",549,366,false],"portraits":["https:\/\/arantv.az\/wp-content\/uploads\/2019\/04\/1556284351azad.jpg",549,366,false],"thumbnail":["https:\/\/arantv.az\/wp-content\/uploads\/2019\/04\/1556284351azad-150x150.jpg",150,150,true],"medium":["https:\/\/arantv.az\/wp-content\/uploads\/2019\/04\/1556284351azad-300x200.jpg",300,200,true],"large":["https:\/\/arantv.az\/wp-content\/uploads\/2019\/04\/1556284351azad.jpg",549,366,false],"1536x1536":["https:\/\/arantv.az\/wp-content\/uploads\/2019\/04\/1556284351azad.jpg",549,366,false],"2048x2048":["https:\/\/arantv.az\/wp-content\/uploads\/2019\/04\/1556284351azad.jpg",549,366,false],"post-thumbnail":["https:\/\/arantv.az\/wp-content\/uploads\/2019\/04\/1556284351azad-240x172.jpg",240,172,true],"advps-thumb-one":["https:\/\/arantv.az\/wp-content\/uploads\/2019\/04\/1556284351azad.jpg",549,366,false]},"rttpg_author":{"display_name":"V\u00fcsal Rafiqo\u011flu","author_link":"https:\/\/arantv.az\/?author=2"},"rttpg_comment":0,"rttpg_category":"<a href=\"https:\/\/arantv.az\/?cat=6\" rel=\"category\">\u0130dman<\/a>","rttpg_excerpt":"G\u0259ncl\u0259r v\u0259 idman naziri Azad R\u0259himov Bak\u0131da ke\u00e7iril\u0259n &#8220;Formula-1&#8221; yar\u0131\u015flar\u0131ndan \u0259vv\u0259l jurnalistl\u0259rl\u0259 s\u00f6hb\u0259t zaman\u0131 Az\u0259rbaycan paytaxt\u0131nda ke\u00e7iril\u0259c\u0259k Avropa Liqas\u0131n\u0131n final oyunu il\u0259 ba\u011fl\u0131 dan\u0131\u015f\u0131b. ARANTV.AZ\u00a0\u00a0x\u0259b\u0259r verir ki, A.R\u0259himov yar\u0131mfinalda m\u00fcbariz\u0259ni davam etdir\u0259n komandalardan &#8220;\u00c7elsi&#8221;y\u0259 azarke\u015flik ed\u0259c\u0259yini deyib: &#8220;Haz\u0131rda biz &#8220;Formula-1&#8221; Qran-prisini ke\u00e7iririk. Tezlikl\u0259 Bak\u0131da Avropa Liqas\u0131n\u0131n final\u0131 ke\u00e7iril\u0259c\u0259k. Bu, b\u00f6y\u00fck hadis\u0259dir. Biz kimi ist\u0259yirik? H\u0259lledici&hellip;","_links":{"self":[{"href":"https:\/\/arantv.az\/index.php?rest_route=\/wp\/v2\/posts\/53334"}],"collection":[{"href":"https:\/\/arantv.az\/index.php?rest_route=\/wp\/v2\/posts"}],"about":[{"href":"https:\/\/arantv.az\/index.php?rest_route=\/wp\/v2\/types\/post"}],"author":[{"embeddable":true,"href":"https:\/\/arantv.az\/index.php?rest_route=\/wp\/v2\/users\/2"}],"replies":[{"embeddable":true,"href":"https:\/\/arantv.az\/index.php?rest_route=%2Fwp%2Fv2%2Fcomments&post=53334"}],"version-history":[{"count":0,"href":"https:\/\/arantv.az\/index.php?rest_route=\/wp\/v2\/posts\/53334\/revisions"}],"wp:featuredmedia":[{"embeddable":true,"href":"https:\/\/arantv.az\/index.php?rest_route=\/wp\/v2\/media\/53335"}],"wp:attachment":[{"href":"https:\/\/arantv.az\/index.php?rest_route=%2Fwp%2Fv2%2Fmedia&parent=53334"}],"wp:term":[{"taxonomy":"category","embeddable":true,"href":"https:\/\/arantv.az\/index.php?rest_route=%2Fwp%2Fv2%2Fcategories&post=53334"},{"taxonomy":"post_tag","embeddable":true,"href":"https:\/\/arantv.az\/index.php?rest_route=%2Fwp%2Fv2%2Ftags&post=53334"}],"curies":[{"name":"wp","href":"https:\/\/api.w.org\/{rel}","templated":true}]}}