{"id":53340,"date":"2019-04-26T16:25:43","date_gmt":"2019-04-26T13:25:43","guid":{"rendered":"http:\/\/arantv.az\/?p=53340"},"modified":"2019-04-26T16:25:43","modified_gmt":"2019-04-26T13:25:43","slug":"az%c9%99rbaycan-prezidenti-%c9%99sas-h%c9%99d%c9%99fimiz-iqtisadiyyatimizi-sax%c9%99l%c9%99ndirm%c9%99k-insan-kapitalina-investisiya-yatirmaq-v%c9%99-inkisaf-ucun-dayaniqli-imkanlar-yaratmaqdir","status":"publish","type":"post","link":"https:\/\/arantv.az\/?p=53340","title":{"rendered":"Az\u0259rbaycan Prezidenti: &#8220;\u018fsas h\u0259d\u0259fimiz iqtisadiyyat\u0131m\u0131z\u0131 \u015fax\u0259l\u0259ndirm\u0259k, insan kapital\u0131na investisiya yat\u0131rmaq v\u0259 inki\u015faf \u00fc\u00e7\u00fcn dayan\u0131ql\u0131 imkanlar yaratmaqd\u0131r&#8221;"},"content":{"rendered":"<p>&#8220;\u018fsas h\u0259d\u0259fimiz iqtisadiyyat\u0131m\u0131z\u0131 \u015fax\u0259l\u0259ndirm\u0259k, insan kapital\u0131na investisiya yat\u0131rmaq v\u0259 inki\u015faf \u00fc\u00e7\u00fcn dayan\u0131ql\u0131 imkanlar yaratmaqd\u0131r&#8221;.<\/p>\n<p><strong>ARANTV.AZ<\/strong> az\u0259rtac-a istinad\u0259n x\u0259b\u0259r verir ki, bunu Az\u0259rbaycan Prezidenti \u0130lham \u018fliyev aprelin 26-da Pekind\u0259 ke\u00e7iril\u0259n 2-ci &#8220;Bir k\u0259m\u0259r, bir yol&#8221; Beyn\u0259lxalq \u018fm\u0259kda\u015fl\u0131q Forumunda \u00e7\u0131x\u0131\u015f\u0131 zaman\u0131 deyib.<\/p>\n<p>D\u00f6vl\u0259timizin ba\u015f\u00e7\u0131s\u0131 qeyd edib ki, \u00f6t\u0259n 15 ild\u0259 Az\u0259rbaycan iqtisadiyyat\u0131 \u00fc\u00e7 d\u0259f\u0259d\u0259n \u00e7ox art\u0131b: &#8220;Yat\u0131r\u0131lan 260 milyard dollar h\u0259cmind\u0259 s\u0259rmay\u0259 biz\u0259 \u00f6lk\u0259mizi m\u00fcasirl\u0259\u015fdirm\u0259y\u0259 v\u0259 m\u00fcasir infrastrukturu, o c\u00fcml\u0259d\u0259n n\u0259qliyyat sah\u0259sind\u0259 infrastrukturu yaratma\u011fa k\u00f6m\u0259k etmi\u015fdir. Az\u0259rbaycan\u0131n \u00e7ox a\u015fa\u011f\u0131 s\u0259viyy\u0259d\u0259 xarici borcu var. Bu, bizim \u00fcmumi daxili m\u0259hsulun t\u0259xmin\u0259n 19 faizini t\u0259\u015fkil edir. Bizim ehtiyatlar\u0131m\u0131z xarici borcumuzdan be\u015f d\u0259f\u0259 \u00e7oxdur. Az\u0259rbaycan\u0131n builki iqtisadi g\u00f6st\u0259ricil\u0259ri art\u0131m\u0131n oldu\u011funu n\u00fcmayi\u015f etdirir. \u00dcmumi daxili m\u0259hsul 3 faiz art\u0131b, inflyasiyan\u0131n s\u0259viyy\u0259si 2,1 faizdir v\u0259 iqtisadiyyat\u0131n \u015fax\u0259l\u0259nm\u0259si bizim \u0259sas m\u0259qs\u0259dl\u0259rimizd\u0259n biridir&#8221;.<\/p>\n<p>Prezident bildirib ki, Az\u0259rbaycan\u0131n \u00e7ox b\u00f6y\u00fck neft v\u0259 qaz ehtiyatlar\u0131 var: &#8220;Biz neft v\u0259 qaz\u0131m\u0131z\u0131 beyn\u0259lxalq bazarlara n\u0259ql etm\u0259k \u00fc\u00e7\u00fcn \u00e7oxsayl\u0131 boru k\u0259m\u0259rl\u0259ri tikmi\u015fik v\u0259 \u0259sas h\u0259d\u0259fimiz iqtisadiyyat\u0131m\u0131z\u0131 \u015fax\u0259l\u0259ndirm\u0259k, insan kapital\u0131na investisiya yat\u0131rmaq v\u0259 inki\u015faf \u00fc\u00e7\u00fcn dayan\u0131ql\u0131 imkanlar yaratmaqd\u0131r. \u015eax\u0259l\u0259ndirm\u0259y\u0259 g\u0259ldikd\u0259, bizim diqq\u0259timiz \u0259sas\u0259n s\u0259nayenin, k\u0259nd t\u0259s\u0259rr\u00fcfat\u0131n\u0131n, turizmin, xidm\u0259tl\u0259r sektorunun, informasiya v\u0259 kommunikasiya texnologiyalar\u0131n\u0131n inki\u015faf\u0131na y\u00f6n\u0259lib. \u0130nfrastruktur layih\u0259l\u0259ri bizim \u00fc\u00e7\u00fcn \u00e7ox \u00f6n\u0259mlidir v\u0259 biz m\u00fcasir infrastrukturun yarad\u0131lmas\u0131na s\u0259rmay\u0259 yat\u0131rmaq \u00fc\u00e7\u00fcn maliyy\u0259 resurslar\u0131m\u0131zdan istifad\u0259 etdik. Az\u0259rbaycanda qazla\u015fd\u0131rma s\u0259viyy\u0259si 95 faiz t\u0259\u015fkil edir, Az\u0259rbaycan elektrik enerjisini, neft v\u0259 qaz\u0131 ixrac ed\u0259n \u00f6lk\u0259dir. N\u0259qliyyat sah\u0259sin\u0259 investisiyalar\u0131n yat\u0131r\u0131lmas\u0131 bizim \u0259sas prioritetl\u0259rimizd\u0259n biridir&#8221;.<\/p>\n","protected":false},"excerpt":{"rendered":"<p>&#8220;\u018fsas h\u0259d\u0259fimiz iqtisadiyyat\u0131m\u0131z\u0131 \u015fax\u0259l\u0259ndirm\u0259k, insan kapital\u0131na investisiya yat\u0131rmaq v\u0259 inki\u015faf \u00fc\u00e7\u00fcn dayan\u0131ql\u0131 imkanlar yaratmaqd\u0131r&#8221;. ARANTV.AZ az\u0259rtac-a istinad\u0259n x\u0259b\u0259r verir ki, bunu Az\u0259rbaycan Prezidenti \u0130lham \u018fliyev aprelin 26-da Pekind\u0259 ke\u00e7iril\u0259n 2-ci &#8220;Bir k\u0259m\u0259r, bir yol&#8221; Beyn\u0259lxalq \u018fm\u0259kda\u015fl\u0131q Forumunda \u00e7\u0131x\u0131\u015f\u0131 zaman\u0131 deyib. D\u00f6vl\u0259timizin ba\u015f\u00e7\u0131s\u0131 qeyd edib ki, \u00f6t\u0259n 15 ild\u0259 Az\u0259rbaycan iqtisadiyyat\u0131 \u00fc\u00e7 d\u0259f\u0259d\u0259n \u00e7ox art\u0131b: &#8220;Yat\u0131r\u0131lan 260 milyard dollar h\u0259cmind\u0259 s\u0259rmay\u0259 biz\u0259 \u00f6lk\u0259mizi m\u00fcasirl\u0259\u015fdirm\u0259y\u0259 v\u0259 m\u00fcasir infrastrukturu, o c\u00fcml\u0259d\u0259n n\u0259qliyyat sah\u0259sind\u0259 infrastrukturu yaratma\u011fa k\u00f6m\u0259k etmi\u015fdir. Az\u0259rbaycan\u0131n \u00e7ox a\u015fa\u011f\u0131 s\u0259viyy\u0259d\u0259 xarici borcu var. Bu, bizim \u00fcmumi daxili m\u0259hsulun t\u0259xmin\u0259n 19 faizini t\u0259\u015fkil&hellip;<\/p>\n","protected":false},"author":2,"featured_media":53341,"comment_status":"closed","ping_status":"closed","sticky":false,"template":"","format":"standard","meta":{"om_disable_all_campaigns":false,"_monsterinsights_skip_tracking":false,"_monsterinsights_sitenote_active":false,"_monsterinsights_sitenote_note":"","_monsterinsights_sitenote_category":0},"categories":[4],"tags":[],"aioseo_notices":[],"gutentor_comment":0,"rttpg_featured_image_url":{"full":["https:\/\/arantv.az\/wp-content\/uploads\/2019\/04\/750072.jpg",800,600,false],"landscape":["https:\/\/arantv.az\/wp-content\/uploads\/2019\/04\/750072.jpg",800,600,false],"portraits":["https:\/\/arantv.az\/wp-content\/uploads\/2019\/04\/750072.jpg",800,600,false],"thumbnail":["https:\/\/arantv.az\/wp-content\/uploads\/2019\/04\/750072-150x150.jpg",150,150,true],"medium":["https:\/\/arantv.az\/wp-content\/uploads\/2019\/04\/750072-300x225.jpg",300,225,true],"large":["https:\/\/arantv.az\/wp-content\/uploads\/2019\/04\/750072.jpg",640,480,false],"1536x1536":["https:\/\/arantv.az\/wp-content\/uploads\/2019\/04\/750072.jpg",800,600,false],"2048x2048":["https:\/\/arantv.az\/wp-content\/uploads\/2019\/04\/750072.jpg",800,600,false],"post-thumbnail":["https:\/\/arantv.az\/wp-content\/uploads\/2019\/04\/750072-240x172.jpg",240,172,true],"advps-thumb-one":["https:\/\/arantv.az\/wp-content\/uploads\/2019\/04\/750072.jpg",800,600,false]},"rttpg_author":{"display_name":"V\u00fcsal Rafiqo\u011flu","author_link":"https:\/\/arantv.az\/?author=2"},"rttpg_comment":0,"rttpg_category":"<a href=\"https:\/\/arantv.az\/?cat=4\" rel=\"category\">Siyas\u0259t<\/a>","rttpg_excerpt":"&#8220;\u018fsas h\u0259d\u0259fimiz iqtisadiyyat\u0131m\u0131z\u0131 \u015fax\u0259l\u0259ndirm\u0259k, insan kapital\u0131na investisiya yat\u0131rmaq v\u0259 inki\u015faf \u00fc\u00e7\u00fcn dayan\u0131ql\u0131 imkanlar yaratmaqd\u0131r&#8221;. ARANTV.AZ az\u0259rtac-a istinad\u0259n x\u0259b\u0259r verir ki, bunu Az\u0259rbaycan Prezidenti \u0130lham \u018fliyev aprelin 26-da Pekind\u0259 ke\u00e7iril\u0259n 2-ci &#8220;Bir k\u0259m\u0259r, bir yol&#8221; Beyn\u0259lxalq \u018fm\u0259kda\u015fl\u0131q Forumunda \u00e7\u0131x\u0131\u015f\u0131 zaman\u0131 deyib. D\u00f6vl\u0259timizin ba\u015f\u00e7\u0131s\u0131 qeyd edib ki, \u00f6t\u0259n 15 ild\u0259 Az\u0259rbaycan iqtisadiyyat\u0131 \u00fc\u00e7 d\u0259f\u0259d\u0259n \u00e7ox art\u0131b: &#8220;Yat\u0131r\u0131lan&hellip;","_links":{"self":[{"href":"https:\/\/arantv.az\/index.php?rest_route=\/wp\/v2\/posts\/53340"}],"collection":[{"href":"https:\/\/arantv.az\/index.php?rest_route=\/wp\/v2\/posts"}],"about":[{"href":"https:\/\/arantv.az\/index.php?rest_route=\/wp\/v2\/types\/post"}],"author":[{"embeddable":true,"href":"https:\/\/arantv.az\/index.php?rest_route=\/wp\/v2\/users\/2"}],"replies":[{"embeddable":true,"href":"https:\/\/arantv.az\/index.php?rest_route=%2Fwp%2Fv2%2Fcomments&post=53340"}],"version-history":[{"count":0,"href":"https:\/\/arantv.az\/index.php?rest_route=\/wp\/v2\/posts\/53340\/revisions"}],"wp:featuredmedia":[{"embeddable":true,"href":"https:\/\/arantv.az\/index.php?rest_route=\/wp\/v2\/media\/53341"}],"wp:attachment":[{"href":"https:\/\/arantv.az\/index.php?rest_route=%2Fwp%2Fv2%2Fmedia&parent=53340"}],"wp:term":[{"taxonomy":"category","embeddable":true,"href":"https:\/\/arantv.az\/index.php?rest_route=%2Fwp%2Fv2%2Fcategories&post=53340"},{"taxonomy":"post_tag","embeddable":true,"href":"https:\/\/arantv.az\/index.php?rest_route=%2Fwp%2Fv2%2Ftags&post=53340"}],"curies":[{"name":"wp","href":"https:\/\/api.w.org\/{rel}","templated":true}]}}