{"id":53344,"date":"2019-04-26T16:26:51","date_gmt":"2019-04-26T13:26:51","guid":{"rendered":"http:\/\/arantv.az\/?p=53344"},"modified":"2019-04-26T16:26:51","modified_gmt":"2019-04-26T13:26:51","slug":"prezident-ilham-%c9%99liyev-dagliq-qarabag-munaqis%c9%99si-t%c9%99kc%c9%99-az%c9%99rbaycan-ucun-yox-regional-sabitlik-v%c9%99-sulh-ucun-ciddi-bir-problemdir","status":"publish","type":"post","link":"https:\/\/arantv.az\/?p=53344","title":{"rendered":"Prezident \u0130lham \u018fliyev: &#8220;Da\u011fl\u0131q Qaraba\u011f m\u00fcnaqi\u015f\u0259si t\u0259kc\u0259 Az\u0259rbaycan \u00fc\u00e7\u00fcn yox, regional sabitlik v\u0259 s\u00fclh \u00fc\u00e7\u00fcn ciddi bir problemdir&#8221;"},"content":{"rendered":"<p>&#8220;Da\u011fl\u0131q Qaraba\u011f m\u00fcnaqi\u015f\u0259si t\u0259kc\u0259 Az\u0259rbaycan \u00fc\u00e7\u00fcn yox, regional sabitlik v\u0259 s\u00fclh \u00fc\u00e7\u00fcn ciddi bir problemdir&#8221;.<\/p>\n<p><strong>ARANTV.AZ<\/strong> az\u0259rtac-a\u00a0istinad\u0259n x\u0259b\u0259r verir ki, bunu Az\u0259rbaycan Prezidenti \u0130lham \u018fliyev aprelin 26-da Pekind\u0259 ke\u00e7iril\u0259n 2-ci &#8220;Bir k\u0259m\u0259r, bir yol&#8221; Beyn\u0259lxalq \u018fm\u0259kda\u015fl\u0131q Forumunda \u00e7\u0131x\u0131\u015f\u0131 zaman\u0131 deyib.<\/p>\n<p>D\u00f6vl\u0259timizin ba\u015f\u00e7\u0131s\u0131 \u0259lav\u0259 edib: &#8220;S\u00fclh v\u0259 t\u0259hl\u00fck\u0259sizlik haqq\u0131nda dan\u0131\u015fark\u0259n, Erm\u0259nistan v\u0259 Az\u0259rbaycan aras\u0131nda olan m\u00fcnaqi\u015f\u0259ni qeyd etm\u0259k ist\u0259yir\u0259m. T\u0259\u0259ss\u00fcfl\u0259r olsun ki, uzun ill\u0259r, 25 ild\u0259n \u00e7ox m\u00fcdd\u0259t \u0259rzind\u0259 Az\u0259rbaycan\u0131n beyn\u0259lxalq s\u0259viyy\u0259d\u0259 tan\u0131nan \u0259razil\u0259ri Erm\u0259nistan\u0131n i\u015f\u011fal\u0131 alt\u0131ndad\u0131r&#8221;.<\/p>\n<p>\u0130lham \u018fliyev vur\u011fulay\u0131b ki, i\u015f\u011fal n\u0259tic\u0259sind\u0259 bir milyondan \u00e7ox az\u0259rbaycanl\u0131 qa\u00e7q\u0131n v\u0259 m\u0259cburi k\u00f6\u00e7k\u00fcn\u0259 \u00e7evrilib:<\/p>\n<p>&#8220;\u0130nsanlar\u0131m\u0131z etnik t\u0259mizl\u0259m\u0259y\u0259 m\u0259ruz qalm\u0131\u015fd\u0131r v\u0259 Birl\u0259\u015fmi\u015f Mill\u0259tl\u0259r T\u0259\u015fkilat\u0131n\u0131n T\u0259hl\u00fck\u0259sizlik \u015euras\u0131 erm\u0259ni qo\u015funlar\u0131n\u0131n \u0259razimizd\u0259n d\u0259rhal v\u0259 qeyd-\u015f\u0259rtsiz \u00e7\u0131xar\u0131lmas\u0131n\u0131 t\u0259l\u0259b ed\u0259n d\u00f6rd q\u0259tnam\u0259 q\u0259bul etmi\u015fdir. \u018ffsuslar olsun ki, bu q\u0259tnam\u0259l\u0259r yerin\u0259 yetirilmir. Bu, t\u0259kc\u0259 bizim \u00f6lk\u0259 \u00fc\u00e7\u00fcn yox, regional sabitlik v\u0259 s\u00fclh \u00fc\u00e7\u00fcn ciddi bir problemdir. Erm\u0259nistan v\u0259 Az\u0259rbaycan aras\u0131nda olan m\u00fcnaqi\u015f\u0259 beyn\u0259lxalq h\u00fcququn norma v\u0259 prinsipl\u0259ri \u0259sas\u0131nda, Az\u0259rbaycan\u0131n \u0259razi b\u00fct\u00f6vl\u00fcy\u00fc \u00e7\u0259r\u00e7iv\u0259sind\u0259 h\u0259ll edilm\u0259lidir&#8221;.<\/p>\n","protected":false},"excerpt":{"rendered":"<p>&#8220;Da\u011fl\u0131q Qaraba\u011f m\u00fcnaqi\u015f\u0259si t\u0259kc\u0259 Az\u0259rbaycan \u00fc\u00e7\u00fcn yox, regional sabitlik v\u0259 s\u00fclh \u00fc\u00e7\u00fcn ciddi bir problemdir&#8221;. ARANTV.AZ az\u0259rtac-a\u00a0istinad\u0259n x\u0259b\u0259r verir ki, bunu Az\u0259rbaycan Prezidenti \u0130lham \u018fliyev aprelin 26-da Pekind\u0259 ke\u00e7iril\u0259n 2-ci &#8220;Bir k\u0259m\u0259r, bir yol&#8221; Beyn\u0259lxalq \u018fm\u0259kda\u015fl\u0131q Forumunda \u00e7\u0131x\u0131\u015f\u0131 zaman\u0131 deyib. D\u00f6vl\u0259timizin ba\u015f\u00e7\u0131s\u0131 \u0259lav\u0259 edib: &#8220;S\u00fclh v\u0259 t\u0259hl\u00fck\u0259sizlik haqq\u0131nda dan\u0131\u015fark\u0259n, Erm\u0259nistan v\u0259 Az\u0259rbaycan aras\u0131nda olan m\u00fcnaqi\u015f\u0259ni qeyd etm\u0259k ist\u0259yir\u0259m. T\u0259\u0259ss\u00fcfl\u0259r olsun ki, uzun ill\u0259r, 25 ild\u0259n \u00e7ox m\u00fcdd\u0259t \u0259rzind\u0259 Az\u0259rbaycan\u0131n beyn\u0259lxalq s\u0259viyy\u0259d\u0259 tan\u0131nan \u0259razil\u0259ri Erm\u0259nistan\u0131n i\u015f\u011fal\u0131 alt\u0131ndad\u0131r&#8221;. \u0130lham \u018fliyev vur\u011fulay\u0131b ki, i\u015f\u011fal n\u0259tic\u0259sind\u0259 bir milyondan \u00e7ox az\u0259rbaycanl\u0131 qa\u00e7q\u0131n v\u0259 m\u0259cburi k\u00f6\u00e7k\u00fcn\u0259&hellip;<\/p>\n","protected":false},"author":2,"featured_media":53345,"comment_status":"closed","ping_status":"closed","sticky":false,"template":"","format":"standard","meta":{"om_disable_all_campaigns":false,"_monsterinsights_skip_tracking":false,"_monsterinsights_sitenote_active":false,"_monsterinsights_sitenote_note":"","_monsterinsights_sitenote_category":0},"categories":[4],"tags":[],"aioseo_notices":[],"gutentor_comment":0,"rttpg_featured_image_url":{"full":["https:\/\/arantv.az\/wp-content\/uploads\/2019\/04\/750068.jpg",800,600,false],"landscape":["https:\/\/arantv.az\/wp-content\/uploads\/2019\/04\/750068.jpg",800,600,false],"portraits":["https:\/\/arantv.az\/wp-content\/uploads\/2019\/04\/750068.jpg",800,600,false],"thumbnail":["https:\/\/arantv.az\/wp-content\/uploads\/2019\/04\/750068-150x150.jpg",150,150,true],"medium":["https:\/\/arantv.az\/wp-content\/uploads\/2019\/04\/750068-300x225.jpg",300,225,true],"large":["https:\/\/arantv.az\/wp-content\/uploads\/2019\/04\/750068.jpg",640,480,false],"1536x1536":["https:\/\/arantv.az\/wp-content\/uploads\/2019\/04\/750068.jpg",800,600,false],"2048x2048":["https:\/\/arantv.az\/wp-content\/uploads\/2019\/04\/750068.jpg",800,600,false],"post-thumbnail":["https:\/\/arantv.az\/wp-content\/uploads\/2019\/04\/750068-240x172.jpg",240,172,true],"advps-thumb-one":["https:\/\/arantv.az\/wp-content\/uploads\/2019\/04\/750068.jpg",800,600,false]},"rttpg_author":{"display_name":"V\u00fcsal Rafiqo\u011flu","author_link":"https:\/\/arantv.az\/?author=2"},"rttpg_comment":0,"rttpg_category":"<a href=\"https:\/\/arantv.az\/?cat=4\" rel=\"category\">Siyas\u0259t<\/a>","rttpg_excerpt":"&#8220;Da\u011fl\u0131q Qaraba\u011f m\u00fcnaqi\u015f\u0259si t\u0259kc\u0259 Az\u0259rbaycan \u00fc\u00e7\u00fcn yox, regional sabitlik v\u0259 s\u00fclh \u00fc\u00e7\u00fcn ciddi bir problemdir&#8221;. ARANTV.AZ az\u0259rtac-a\u00a0istinad\u0259n x\u0259b\u0259r verir ki, bunu Az\u0259rbaycan Prezidenti \u0130lham \u018fliyev aprelin 26-da Pekind\u0259 ke\u00e7iril\u0259n 2-ci &#8220;Bir k\u0259m\u0259r, bir yol&#8221; Beyn\u0259lxalq \u018fm\u0259kda\u015fl\u0131q Forumunda \u00e7\u0131x\u0131\u015f\u0131 zaman\u0131 deyib. D\u00f6vl\u0259timizin ba\u015f\u00e7\u0131s\u0131 \u0259lav\u0259 edib: &#8220;S\u00fclh v\u0259 t\u0259hl\u00fck\u0259sizlik haqq\u0131nda dan\u0131\u015fark\u0259n, Erm\u0259nistan v\u0259 Az\u0259rbaycan aras\u0131nda olan m\u00fcnaqi\u015f\u0259ni&hellip;","_links":{"self":[{"href":"https:\/\/arantv.az\/index.php?rest_route=\/wp\/v2\/posts\/53344"}],"collection":[{"href":"https:\/\/arantv.az\/index.php?rest_route=\/wp\/v2\/posts"}],"about":[{"href":"https:\/\/arantv.az\/index.php?rest_route=\/wp\/v2\/types\/post"}],"author":[{"embeddable":true,"href":"https:\/\/arantv.az\/index.php?rest_route=\/wp\/v2\/users\/2"}],"replies":[{"embeddable":true,"href":"https:\/\/arantv.az\/index.php?rest_route=%2Fwp%2Fv2%2Fcomments&post=53344"}],"version-history":[{"count":0,"href":"https:\/\/arantv.az\/index.php?rest_route=\/wp\/v2\/posts\/53344\/revisions"}],"wp:featuredmedia":[{"embeddable":true,"href":"https:\/\/arantv.az\/index.php?rest_route=\/wp\/v2\/media\/53345"}],"wp:attachment":[{"href":"https:\/\/arantv.az\/index.php?rest_route=%2Fwp%2Fv2%2Fmedia&parent=53344"}],"wp:term":[{"taxonomy":"category","embeddable":true,"href":"https:\/\/arantv.az\/index.php?rest_route=%2Fwp%2Fv2%2Fcategories&post=53344"},{"taxonomy":"post_tag","embeddable":true,"href":"https:\/\/arantv.az\/index.php?rest_route=%2Fwp%2Fv2%2Ftags&post=53344"}],"curies":[{"name":"wp","href":"https:\/\/api.w.org\/{rel}","templated":true}]}}